{"id":258159,"date":"2006-02-22T00:00:00","date_gmt":"2006-02-22T00:00:00","guid":{"rendered":""},"modified":"2006-02-22T00:00:00","modified_gmt":"2006-02-22T00:00:00","slug":"sorridi-sei-passato-col-rosso","status":"publish","type":"post","link":"https:\/\/staging.varesenews.it\/2006\/02\/sorridi-sei-passato-col-rosso\/258159\/","title":{"rendered":"&#8220;Sorridi, sei passato col rosso&#8221;"},"content":{"rendered":"<p><font face=\"arial,helvetica,sans-serif\"><img decoding=\"async\" hspace=\"3\" src=\"https:\/\/www3.varesenews.it\/immagini_articoli\/200602\/telecamerevigili.jpg\" align=\"left\" vspace=\"3\" border=\"0\" \/>Automobilisti varesini incauti e troppo\u00a0disinvolti da questo fine settimana dovete\u00a0stare bene all&#8217;erta: <strong>saranno attivi dal prossimo sabato, 25 febbraio, i primi 4 impianti che &quot;immortalano&quot; con foto digitali\u00a0chi passa con il rosso<\/strong>. <br \/>I\u00a0quattro punti selezionati per primi sono <strong>all\u2019intersezione tra viale Europa e via Uberti<\/strong> (Nella foto: in due direzioni:\u00a0via Gasparotto e viale Chiara) e a <strong>Calcinate del Pesce<\/strong> (due direzioni, lungolago Schiranna e Gavirate),\u00a0ma i\u00a0semafori per cui \u00e8 prevista la cablatura sono in tutto otto, in un totale di sei incroci: <\/font><font face=\"arial,helvetica,sans-serif\">lo stesso sistema sar\u00e0 installato\u00a0infatti anche\u00a0all&#8217;<strong>incrocio tra viale Valganna e viale Ippodromo<\/strong> (direzione via Buccari), a Masnago <strong>tra via Caracciolo e piazza Ferrucci<\/strong> (direzione piazzale Grilli), e in due punti del centro citt\u00e0, \u00a0negli incroci\u00a0<strong>viale Aguggiari-via Grandi-via Staurenghi<\/strong> (direzione via Staurenghi),<strong>\u00a0<\/strong>e <strong>via Staurenghi-via Sacco-via Verdi<\/strong> (direzione via Verdi).<\/font><\/p>\n<p><font face=\"arial,helvetica,sans-serif\"><img decoding=\"async\" hspace=\"3\" src=\"https:\/\/www3.varesenews.it\/immagini_articoli\/200602\/telecamerevigili2.jpg\" align=\"left\" vspace=\"3\" border=\"0\" \/>\u00abSi tratta di un\u2019azione preventiva e non punitiva \u2013 ha spiegato il comandante della Polizia Locale, <strong>Antonio Lotito<\/strong> <font size=\"2\"><strong>(al centro nella foto)<\/strong><\/font> &#8211; abbiamo infatti rilevato che, con i sistemi di telelaser e autovelox, gli incidenti sono diminuiti restando sotto la soglia dei mille nel 2005. Anche le multe automatiche, con le foto scattate ai semafori, rientrano nella stessa ottica: garantire sempre maggiore sicurezza sulle strade\u00bb.\u00a0<\/font><\/p>\n<p><font face=\"arial,helvetica,sans-serif\">Certammente, l&#8217;effetto deterrente pu\u00f2 essere notevole: chi verr\u00e0 &quot;fotografato&quot; subir\u00e0 infatti una multa pari a 138 euro, mentre\u00a0 contestualmente gli &quot;svaniranno&quot;\u00a0 6 punti dalla patente.\u00a0 <\/p>\n<p>E non c&#8217;\u00e8 molto modo di sperare di fuggire da questi implacabili controllori telematici: il sistema,\u00a0completamente digitalizzato, scatter\u00e0 automaticamente una foto a chi passa 3 secondi dopo che \u00e8 scattato il rosso, qualche metro pi\u00f9 in l\u00e0\u00a0della linea. Quindi, in una situazione incontestabile, e ad ogni impianto saranno scattate due foto. <\/p>\n<p>\u00abIl &quot;fotografato&quot; se guarda nello specchietto, avr\u00e0 ben modo di accorgersene: il flash delle videocamere \u00e8 molto visibile \u2013 ha precisato il commissario Giovanni Paolino <strong><font size=\"2\">(a sinistra nella foto)<\/font><\/strong>\u00a0&#8211; <\/font><font face=\"arial,helvetica,sans-serif\">Il margine di errore della foto \u00e8 praticamente nullo, e viene indicata anche la velocit\u00e0 di marcia\u00bb.<\/font><\/p>\n<p><font face=\"arial,helvetica,sans-serif\"><strong>Le foto arrivano\u00a0direttamente alla societ\u00e0 di gestione<\/strong>, <span style=\"FONT-SIZE: 12pt; FONT-FAMILY: Arial; mso-fareast-font-family: \">la <a href=\"http:\/\/www.projectautomation.it\/\">Project Automation<\/a> di Monza,\u00a0<\/span>che ogni quindici giorni le invia al comando dei vigili <\/font><font face=\"arial,helvetica,sans-serif\">varesino sotto\u00a0forma di dvd con i files: con questo a<\/font><font face=\"arial,helvetica,sans-serif\"> disposizione\u00a0il comando proceder\u00e0 alla verbalizzazione. <br \/>Gli impianti semaforici con telecamere saranno in ogni caso ben visibili,\u00a0indicati agli automobilisti da un\u2019apposita segnaletica gi\u00e0 installata nei giorni scorsi.<font face=\"Times New Roman\"> <br \/><\/font><\/font><font face=\"arial,helvetica,sans-serif\"><br \/>Il sistema fotografico che fa scoprire gli automobilisti che passano con il rosso non \u00e8 costato un centesimo al\u00a0Comune: l&#8217;installazione degli impianti \u00e8 stata completamente a\u00a0carico della societ\u00e0 di Monza, che in compenso ricever\u00e0, per ogni multa incassata, 22 euro pi\u00f9 Iva. <\/font><\/p>\n","protected":false},"excerpt":{"rendered":"<p>Da sabato 25 attivi i primi quattro punti che immortaleranno &#8211; e multeranno &#8211; gli automobilisti indisciplinati: primi incroci in viale europa e a Calcinate del Pesce <\/p>\n","protected":false},"author":10,"featured_media":0,"comment_status":"open","ping_status":"open","sticky":false,"template":"","format":"standard","meta":{"footnotes":""},"categories":[2],"tags":[],"acf":[],"yoast_head":"<!-- This site is optimized with the Yoast SEO plugin v20.1 - https:\/\/yoast.com\/wordpress\/plugins\/seo\/ -->\n<title>&quot;Sorridi, sei passato col rosso&quot;<\/title>\n<meta name=\"description\" content=\"Da sabato 25 attivi i primi quattro punti che immortaleranno - e multeranno - gli automobilisti indisciplinati: primi incroci in viale europa e a Calcinate del Pesce\" \/>\n<meta name=\"robots\" content=\"noindex, follow, max-snippet:-1, max-image-preview:large, max-video-preview:-1\" \/>\n<meta property=\"og:locale\" content=\"it_IT\" \/>\n<meta property=\"og:type\" content=\"article\" \/>\n<meta property=\"og:title\" content=\"&quot;Sorridi, sei passato col rosso&quot;\" \/>\n<meta property=\"og:description\" content=\"Da sabato 25 attivi i primi quattro punti che immortaleranno - e multeranno - gli automobilisti indisciplinati: primi incroci in viale europa e a Calcinate del Pesce\" \/>\n<meta property=\"og:url\" content=\"https:\/\/staging.varesenews.it\/2006\/02\/sorridi-sei-passato-col-rosso\/258159\/\" \/>\n<meta property=\"og:site_name\" content=\"VareseNews\" \/>\n<meta property=\"article:publisher\" content=\"https:\/\/www.facebook.com\/varesenews\" \/>\n<meta property=\"article:published_time\" content=\"2006-02-22T00:00:00+00:00\" \/>\n<meta property=\"og:image\" content=\"https:\/\/www3.varesenews.it\/immagini_articoli\/200602\/telecamerevigili.jpg\" \/>\n<meta name=\"author\" content=\"Redazione VareseNews\" \/>\n<meta name=\"twitter:card\" content=\"summary_large_image\" \/>\n<meta name=\"twitter:creator\" content=\"@varesenews\" \/>\n<meta name=\"twitter:site\" content=\"@varesenews\" \/>\n<meta name=\"twitter:label1\" content=\"Scritto da\" \/>\n\t<meta name=\"twitter:data1\" content=\"Redazione VareseNews\" \/>\n\t<meta name=\"twitter:label2\" content=\"Tempo di lettura stimato\" \/>\n\t<meta name=\"twitter:data2\" content=\"2 minuti\" \/>\n<script type=\"application\/ld+json\" class=\"yoast-schema-graph\">{\"@context\":\"https:\/\/schema.org\",\"@graph\":[{\"@type\":\"WebPage\",\"@id\":\"https:\/\/staging.varesenews.it\/2006\/02\/sorridi-sei-passato-col-rosso\/258159\/\",\"url\":\"https:\/\/staging.varesenews.it\/2006\/02\/sorridi-sei-passato-col-rosso\/258159\/\",\"name\":\"\\\"Sorridi, sei passato col rosso\\\"\",\"isPartOf\":{\"@id\":\"https:\/\/staging.varesenews.it\/#website\"},\"datePublished\":\"2006-02-22T00:00:00+00:00\",\"dateModified\":\"2006-02-22T00:00:00+00:00\",\"author\":{\"@id\":\"https:\/\/staging.varesenews.it\/#\/schema\/person\/fb20c4da0b7b16c291707a20db73e169\"},\"description\":\"Da sabato 25 attivi i primi quattro punti che immortaleranno - e multeranno - gli automobilisti indisciplinati: primi incroci in viale europa e a Calcinate del Pesce\",\"breadcrumb\":{\"@id\":\"https:\/\/staging.varesenews.it\/2006\/02\/sorridi-sei-passato-col-rosso\/258159\/#breadcrumb\"},\"inLanguage\":\"it-IT\",\"potentialAction\":[{\"@type\":\"ReadAction\",\"target\":[\"https:\/\/staging.varesenews.it\/2006\/02\/sorridi-sei-passato-col-rosso\/258159\/\"]}]},{\"@type\":\"BreadcrumbList\",\"@id\":\"https:\/\/staging.varesenews.it\/2006\/02\/sorridi-sei-passato-col-rosso\/258159\/#breadcrumb\",\"itemListElement\":[{\"@type\":\"ListItem\",\"position\":1,\"name\":\"Home\",\"item\":\"https:\/\/www.varesenews.it\/\"},{\"@type\":\"ListItem\",\"position\":2,\"name\":\"&#8220;Sorridi, sei passato col rosso&#8221;\"}]},{\"@type\":\"WebSite\",\"@id\":\"https:\/\/staging.varesenews.it\/#website\",\"url\":\"https:\/\/staging.varesenews.it\/\",\"name\":\"VareseNews\",\"description\":\"\",\"potentialAction\":[{\"@type\":\"SearchAction\",\"target\":{\"@type\":\"EntryPoint\",\"urlTemplate\":\"https:\/\/staging.varesenews.it\/?s={search_term_string}\"},\"query-input\":\"required name=search_term_string\"}],\"inLanguage\":\"it-IT\"},{\"@type\":\"Person\",\"@id\":\"https:\/\/staging.varesenews.it\/#\/schema\/person\/fb20c4da0b7b16c291707a20db73e169\",\"name\":\"Redazione VareseNews\",\"image\":{\"@type\":\"ImageObject\",\"inLanguage\":\"it-IT\",\"@id\":\"https:\/\/staging.varesenews.it\/#\/schema\/person\/image\/\",\"url\":\"https:\/\/staging.varesenews.it\/wp-content\/uploads\/2020\/12\/logo_VN_colori_500.png\",\"contentUrl\":\"https:\/\/staging.varesenews.it\/wp-content\/uploads\/2020\/12\/logo_VN_colori_500.png\",\"caption\":\"Redazione VareseNews\"},\"url\":\"https:\/\/staging.varesenews.it\/persona\/redazione1\/\"}]}<\/script>\n<!-- \/ Yoast SEO plugin. -->","yoast_head_json":{"title":"\"Sorridi, sei passato col rosso\"","description":"Da sabato 25 attivi i primi quattro punti che immortaleranno - e multeranno - gli automobilisti indisciplinati: primi incroci in viale europa e a Calcinate del Pesce","robots":{"index":"noindex","follow":"follow","max-snippet":"max-snippet:-1","max-image-preview":"max-image-preview:large","max-video-preview":"max-video-preview:-1"},"og_locale":"it_IT","og_type":"article","og_title":"\"Sorridi, sei passato col rosso\"","og_description":"Da sabato 25 attivi i primi quattro punti che immortaleranno - e multeranno - gli automobilisti indisciplinati: primi incroci in viale europa e a Calcinate del Pesce","og_url":"https:\/\/staging.varesenews.it\/2006\/02\/sorridi-sei-passato-col-rosso\/258159\/","og_site_name":"VareseNews","article_publisher":"https:\/\/www.facebook.com\/varesenews","article_published_time":"2006-02-22T00:00:00+00:00","og_image":[{"url":"https:\/\/www3.varesenews.it\/immagini_articoli\/200602\/telecamerevigili.jpg"}],"author":"Redazione VareseNews","twitter_card":"summary_large_image","twitter_creator":"@varesenews","twitter_site":"@varesenews","twitter_misc":{"Scritto da":"Redazione VareseNews","Tempo di lettura stimato":"2 minuti"},"schema":{"@context":"https:\/\/schema.org","@graph":[{"@type":"WebPage","@id":"https:\/\/staging.varesenews.it\/2006\/02\/sorridi-sei-passato-col-rosso\/258159\/","url":"https:\/\/staging.varesenews.it\/2006\/02\/sorridi-sei-passato-col-rosso\/258159\/","name":"\"Sorridi, sei passato col rosso\"","isPartOf":{"@id":"https:\/\/staging.varesenews.it\/#website"},"datePublished":"2006-02-22T00:00:00+00:00","dateModified":"2006-02-22T00:00:00+00:00","author":{"@id":"https:\/\/staging.varesenews.it\/#\/schema\/person\/fb20c4da0b7b16c291707a20db73e169"},"description":"Da sabato 25 attivi i primi quattro punti che immortaleranno - e multeranno - gli automobilisti indisciplinati: primi incroci in viale europa e a Calcinate del Pesce","breadcrumb":{"@id":"https:\/\/staging.varesenews.it\/2006\/02\/sorridi-sei-passato-col-rosso\/258159\/#breadcrumb"},"inLanguage":"it-IT","potentialAction":[{"@type":"ReadAction","target":["https:\/\/staging.varesenews.it\/2006\/02\/sorridi-sei-passato-col-rosso\/258159\/"]}]},{"@type":"BreadcrumbList","@id":"https:\/\/staging.varesenews.it\/2006\/02\/sorridi-sei-passato-col-rosso\/258159\/#breadcrumb","itemListElement":[{"@type":"ListItem","position":1,"name":"Home","item":"https:\/\/www.varesenews.it\/"},{"@type":"ListItem","position":2,"name":"&#8220;Sorridi, sei passato col rosso&#8221;"}]},{"@type":"WebSite","@id":"https:\/\/staging.varesenews.it\/#website","url":"https:\/\/staging.varesenews.it\/","name":"VareseNews","description":"","potentialAction":[{"@type":"SearchAction","target":{"@type":"EntryPoint","urlTemplate":"https:\/\/staging.varesenews.it\/?s={search_term_string}"},"query-input":"required name=search_term_string"}],"inLanguage":"it-IT"},{"@type":"Person","@id":"https:\/\/staging.varesenews.it\/#\/schema\/person\/fb20c4da0b7b16c291707a20db73e169","name":"Redazione VareseNews","image":{"@type":"ImageObject","inLanguage":"it-IT","@id":"https:\/\/staging.varesenews.it\/#\/schema\/person\/image\/","url":"https:\/\/staging.varesenews.it\/wp-content\/uploads\/2020\/12\/logo_VN_colori_500.png","contentUrl":"https:\/\/staging.varesenews.it\/wp-content\/uploads\/2020\/12\/logo_VN_colori_500.png","caption":"Redazione VareseNews"},"url":"https:\/\/staging.varesenews.it\/persona\/redazione1\/"}]}},"post_meta":{"id_old":"43938","argomento":"Varese","autore_old":"s.r."},"photos":[],"_links":{"self":[{"href":"https:\/\/staging.varesenews.it\/swgapi\/v1\/wp\/v2\/posts\/258159"}],"collection":[{"href":"https:\/\/staging.varesenews.it\/swgapi\/v1\/wp\/v2\/posts"}],"about":[{"href":"https:\/\/staging.varesenews.it\/swgapi\/v1\/wp\/v2\/types\/post"}],"author":[{"embeddable":true,"href":"https:\/\/staging.varesenews.it\/swgapi\/v1\/wp\/v2\/users\/10"}],"replies":[{"embeddable":true,"href":"https:\/\/staging.varesenews.it\/swgapi\/v1\/wp\/v2\/comments?post=258159"}],"version-history":[{"count":0,"href":"https:\/\/staging.varesenews.it\/swgapi\/v1\/wp\/v2\/posts\/258159\/revisions"}],"wp:attachment":[{"href":"https:\/\/staging.varesenews.it\/swgapi\/v1\/wp\/v2\/media?parent=258159"}],"wp:term":[{"taxonomy":"category","embeddable":true,"href":"https:\/\/staging.varesenews.it\/swgapi\/v1\/wp\/v2\/categories?post=258159"},{"taxonomy":"post_tag","embeddable":true,"href":"https:\/\/staging.varesenews.it\/swgapi\/v1\/wp\/v2\/tags?post=258159"}],"curies":[{"name":"wp","href":"https:\/\/api.w.org\/{rel}","templated":true}]}}