{"id":258168,"date":"2006-02-22T00:00:00","date_gmt":"2006-02-22T00:00:00","guid":{"rendered":""},"modified":"2006-02-22T00:00:00","modified_gmt":"2006-02-22T00:00:00","slug":"jose-altafini-testimonial-a-legnano","status":"publish","type":"post","link":"https:\/\/staging.varesenews.it\/2006\/02\/jose-altafini-testimonial-a-legnano\/258168\/","title":{"rendered":"Jos\u00e8 Altafini testimonial a Legnano"},"content":{"rendered":"<p style=\"font-family: arial,helvetica,sans-serif;\"><font size=\"3\">Un campione di calcio che ha fatto appassionare generazioni di sportivi. Un campione che ha scelto Legnano come \u00abcitt\u00e0 ideale\u00bb dove trascorrere la sua vita privata. Un fuoriclasse che, tra le altre, ha indossato le maglie a strisce di Milan e Juventus e che, ai rossoneri, ha dato la possibilit\u00e0 di mettere in bacheca la prima Coppa dei Campioni della sua storia nel lontano 1963.\u00a0 <span style=\"font-weight: bold;\">Jos\u00e8 Altafini<\/span> da Piracicaba (San Paolo), classe 1938, dopo aver scelto la Citt\u00e0 del Carroccio come \u00abluogo ideale dove abitare\u00bb ha deciso di impegnarsi in prima persona per lo sviluppo dell\u2019imprenditoria locale e dello sport. <br \/>Dal mese scorso, infatti, il <span style=\"font-style: italic;\">campeao<\/span> \u00e8 diventato testimonial di <span style=\"font-weight: bold;\">Erif Real Estate<\/span>, societ\u00e0 immobiliare di riferimento del Nordovest Lombardo: manifesti e slogan, gi\u00e0 da alcuni giorni, hanno iniziato ad apparire un po\u2019 ovunque sulle strade dell\u2019Altomilanese, del Varesotto e del Novarese. <br \/><\/font><\/p>\n<p style=\"font-family: arial,helvetica,sans-serif;\"><font size=\"3\">La presentazione del sodalizio tra Erif e Altafini \u00e8 stata anche l\u2019occasione per chiacchierare sulla sua vita tra gli studi di Sky Sport e Legnano, sulla sua passione per lo sport giovanile fino, naturalmente, ai prossimi mondiali di calcio in Germania. Altafini precisa immediatamente che ha \u00abdeciso di diventare testimonial di Erif\u00bb per questioni assolutamente legate \u00aball\u2019amicizia\u00bb che lo lega al presidente Luigi Barbato. \u00abLegare la mia immagine a Erif \u2013 ha continuato Altafini \u2013 significa, anche, legare il mio essere calciatore a una realt\u00e0 imprenditoriale che sta molto attenta allo sport. Erif, infatti, \u00e8 anche sponsor principale della Rhodense Calcio che, tra l\u2019altro, ha una scuola calcio di tutto prestigio. Posso vantarmi, senza superbia, di essere stato il primo in Italia a dare alla luce una scuola calcio, in Valle d\u2019Aosta. Questo aspetto sociale e sportivo di Erif sono stati tra i fattori determinanti che mi hanno spinto ad accettare la proposta del presidente Barbato\u00bb<br \/><\/font><\/p>\n<p style=\"font-family: arial,helvetica,sans-serif;\"><font size=\"3\">La scelta di Legnano \u00e8 stata dettata dalle \u00abesigenze\u00bb dell\u2019ex-calciatore: \u00abHo sempre abitato in grandi citt\u00e0 \u2013 ha detto \u2013 dove tutto \u00e8 impersonale e non rispecchia il mio modo di essere persona semplice. Appena ho potuto mi sono trasferito nella Provincia di Milano trovando, a Legnano, la congiunzione delle mie esigenze: <span style=\"font-weight: bold;\">dimensioni vivibili<\/span>, movimento e divertimento e la comodit\u00e0 nel raggiungere il capoluogo\u00bb. Anche il rapporto con la citt\u00e0 ha superato il gradimento di una persona abituata alla notoriet\u00e0: \u00abIl rapporto con le persone \u00e8 molto differente tra le grandi citt\u00e0 e le realt\u00e0 pi\u00f9 piccole \u2013 ha continuato -. Il rapporto con la gente \u00e8 diretto e si costruiscono amicizie importanti. Spesso le persone mi fermano per strada e mi chiedono come mai sono a Legnano; quando dico loro che ci abito vedo nei loro occhi meraviglia\u00bb. Sono bastati pochi mesi (Altafini vive a Legnano da due anni) perch\u00e9 si creasse una simbiosi radicale tra l\u2019uomo e la citt\u00e0, tra il personaggio e le realt\u00e0 sociali del territorio.<\/font><\/p>\n<p><font size=\"3\" style=\"font-family: arial,helvetica,sans-serif;\">Ancora sport: Shevchenko ha da poco superato il record di gol segnati con la maglia del Milan balzando al secondo posto scavalcando proprio Altafini e Rivera. Per il campione brasiliano <span style=\"font-weight: bold;\">\u00abtutti i record sono fatti per essere battuti\u00bb<\/span> anche se, tiene a precisare con orgoglio, \u00abposso\u00a0 vantare un record che non potr\u00e0 mai pi\u00f9 essere battuto: nel 1963 (anno della prima Coppa dei Campioni del Milan, ndr) partecipavano alla competizione europea solo le prime squadre classificate per ogni campionato. In quell\u2019occasione feci <span style=\"font-weight: bold;\">14 gol in 9 partite<\/span>\u00bb. Gli annali ricordano. E ricorderanno, se si avverer\u00e0, la profezia su \u201cGermania 2006\u201d: chi vincer\u00e0 i mondiali? \u00ab\u00c8 presto per dirlo \u2013 dice il \u201cbrasiliano di Legnano\u201d -, ma vedo favorite l\u2019Italia, il Brasile, l\u2019Argentina, la Germania e l\u2019Inghilterra\u00bb.<br \/><\/font><\/p>\n","protected":false},"excerpt":{"rendered":"<p>L&#8217;indimenticato campione brasiliano, oggi telecronista sportivo e residente a Legnano da due anni, si presta alla pubblicit\u00e0 per Erif Real Estate<\/p>\n","protected":false},"author":10,"featured_media":0,"comment_status":"open","ping_status":"open","sticky":false,"template":"","format":"standard","meta":{"footnotes":""},"categories":[4],"tags":[],"acf":[],"yoast_head":"<!-- This site is optimized with the Yoast SEO plugin v20.1 - https:\/\/yoast.com\/wordpress\/plugins\/seo\/ -->\n<title>Jos\u00e8 Altafini testimonial a Legnano<\/title>\n<meta name=\"description\" content=\"L&#039;indimenticato campione brasiliano, oggi telecronista sportivo e residente a Legnano da due anni, si presta alla pubblicit\u00e0 per Erif Real Estate\" \/>\n<meta name=\"robots\" content=\"noindex, follow, max-snippet:-1, max-image-preview:large, max-video-preview:-1\" \/>\n<meta property=\"og:locale\" content=\"it_IT\" \/>\n<meta property=\"og:type\" content=\"article\" \/>\n<meta property=\"og:title\" content=\"Jos\u00e8 Altafini testimonial a Legnano\" \/>\n<meta property=\"og:description\" content=\"L&#039;indimenticato campione brasiliano, oggi telecronista sportivo e residente a Legnano da due anni, si presta alla pubblicit\u00e0 per Erif Real Estate\" \/>\n<meta property=\"og:url\" content=\"https:\/\/staging.varesenews.it\/2006\/02\/jose-altafini-testimonial-a-legnano\/258168\/\" \/>\n<meta property=\"og:site_name\" content=\"VareseNews\" \/>\n<meta property=\"article:publisher\" content=\"https:\/\/www.facebook.com\/varesenews\" \/>\n<meta property=\"article:published_time\" content=\"2006-02-22T00:00:00+00:00\" \/>\n<meta name=\"author\" content=\"Redazione VareseNews\" \/>\n<meta name=\"twitter:card\" content=\"summary_large_image\" \/>\n<meta name=\"twitter:creator\" content=\"@varesenews\" \/>\n<meta name=\"twitter:site\" content=\"@varesenews\" \/>\n<meta name=\"twitter:label1\" content=\"Scritto da\" \/>\n\t<meta name=\"twitter:data1\" content=\"Redazione VareseNews\" \/>\n\t<meta name=\"twitter:label2\" content=\"Tempo di lettura stimato\" \/>\n\t<meta name=\"twitter:data2\" content=\"3 minuti\" \/>\n<script type=\"application\/ld+json\" class=\"yoast-schema-graph\">{\"@context\":\"https:\/\/schema.org\",\"@graph\":[{\"@type\":\"WebPage\",\"@id\":\"https:\/\/staging.varesenews.it\/2006\/02\/jose-altafini-testimonial-a-legnano\/258168\/\",\"url\":\"https:\/\/staging.varesenews.it\/2006\/02\/jose-altafini-testimonial-a-legnano\/258168\/\",\"name\":\"Jos\u00e8 Altafini testimonial a Legnano\",\"isPartOf\":{\"@id\":\"https:\/\/staging.varesenews.it\/#website\"},\"datePublished\":\"2006-02-22T00:00:00+00:00\",\"dateModified\":\"2006-02-22T00:00:00+00:00\",\"author\":{\"@id\":\"https:\/\/staging.varesenews.it\/#\/schema\/person\/fb20c4da0b7b16c291707a20db73e169\"},\"description\":\"L'indimenticato campione brasiliano, oggi telecronista sportivo e residente a Legnano da due anni, si presta alla pubblicit\u00e0 per Erif Real Estate\",\"breadcrumb\":{\"@id\":\"https:\/\/staging.varesenews.it\/2006\/02\/jose-altafini-testimonial-a-legnano\/258168\/#breadcrumb\"},\"inLanguage\":\"it-IT\",\"potentialAction\":[{\"@type\":\"ReadAction\",\"target\":[\"https:\/\/staging.varesenews.it\/2006\/02\/jose-altafini-testimonial-a-legnano\/258168\/\"]}]},{\"@type\":\"BreadcrumbList\",\"@id\":\"https:\/\/staging.varesenews.it\/2006\/02\/jose-altafini-testimonial-a-legnano\/258168\/#breadcrumb\",\"itemListElement\":[{\"@type\":\"ListItem\",\"position\":1,\"name\":\"Home\",\"item\":\"https:\/\/www.varesenews.it\/\"},{\"@type\":\"ListItem\",\"position\":2,\"name\":\"Jos\u00e8 Altafini testimonial a Legnano\"}]},{\"@type\":\"WebSite\",\"@id\":\"https:\/\/staging.varesenews.it\/#website\",\"url\":\"https:\/\/staging.varesenews.it\/\",\"name\":\"VareseNews\",\"description\":\"\",\"potentialAction\":[{\"@type\":\"SearchAction\",\"target\":{\"@type\":\"EntryPoint\",\"urlTemplate\":\"https:\/\/staging.varesenews.it\/?s={search_term_string}\"},\"query-input\":\"required name=search_term_string\"}],\"inLanguage\":\"it-IT\"},{\"@type\":\"Person\",\"@id\":\"https:\/\/staging.varesenews.it\/#\/schema\/person\/fb20c4da0b7b16c291707a20db73e169\",\"name\":\"Redazione VareseNews\",\"image\":{\"@type\":\"ImageObject\",\"inLanguage\":\"it-IT\",\"@id\":\"https:\/\/staging.varesenews.it\/#\/schema\/person\/image\/\",\"url\":\"https:\/\/staging.varesenews.it\/wp-content\/uploads\/2020\/12\/logo_VN_colori_500.png\",\"contentUrl\":\"https:\/\/staging.varesenews.it\/wp-content\/uploads\/2020\/12\/logo_VN_colori_500.png\",\"caption\":\"Redazione VareseNews\"},\"url\":\"https:\/\/staging.varesenews.it\/persona\/redazione1\/\"}]}<\/script>\n<!-- \/ Yoast SEO plugin. -->","yoast_head_json":{"title":"Jos\u00e8 Altafini testimonial a Legnano","description":"L'indimenticato campione brasiliano, oggi telecronista sportivo e residente a Legnano da due anni, si presta alla pubblicit\u00e0 per Erif Real Estate","robots":{"index":"noindex","follow":"follow","max-snippet":"max-snippet:-1","max-image-preview":"max-image-preview:large","max-video-preview":"max-video-preview:-1"},"og_locale":"it_IT","og_type":"article","og_title":"Jos\u00e8 Altafini testimonial a Legnano","og_description":"L'indimenticato campione brasiliano, oggi telecronista sportivo e residente a Legnano da due anni, si presta alla pubblicit\u00e0 per Erif Real Estate","og_url":"https:\/\/staging.varesenews.it\/2006\/02\/jose-altafini-testimonial-a-legnano\/258168\/","og_site_name":"VareseNews","article_publisher":"https:\/\/www.facebook.com\/varesenews","article_published_time":"2006-02-22T00:00:00+00:00","author":"Redazione VareseNews","twitter_card":"summary_large_image","twitter_creator":"@varesenews","twitter_site":"@varesenews","twitter_misc":{"Scritto da":"Redazione VareseNews","Tempo di lettura stimato":"3 minuti"},"schema":{"@context":"https:\/\/schema.org","@graph":[{"@type":"WebPage","@id":"https:\/\/staging.varesenews.it\/2006\/02\/jose-altafini-testimonial-a-legnano\/258168\/","url":"https:\/\/staging.varesenews.it\/2006\/02\/jose-altafini-testimonial-a-legnano\/258168\/","name":"Jos\u00e8 Altafini testimonial a Legnano","isPartOf":{"@id":"https:\/\/staging.varesenews.it\/#website"},"datePublished":"2006-02-22T00:00:00+00:00","dateModified":"2006-02-22T00:00:00+00:00","author":{"@id":"https:\/\/staging.varesenews.it\/#\/schema\/person\/fb20c4da0b7b16c291707a20db73e169"},"description":"L'indimenticato campione brasiliano, oggi telecronista sportivo e residente a Legnano da due anni, si presta alla pubblicit\u00e0 per Erif Real Estate","breadcrumb":{"@id":"https:\/\/staging.varesenews.it\/2006\/02\/jose-altafini-testimonial-a-legnano\/258168\/#breadcrumb"},"inLanguage":"it-IT","potentialAction":[{"@type":"ReadAction","target":["https:\/\/staging.varesenews.it\/2006\/02\/jose-altafini-testimonial-a-legnano\/258168\/"]}]},{"@type":"BreadcrumbList","@id":"https:\/\/staging.varesenews.it\/2006\/02\/jose-altafini-testimonial-a-legnano\/258168\/#breadcrumb","itemListElement":[{"@type":"ListItem","position":1,"name":"Home","item":"https:\/\/www.varesenews.it\/"},{"@type":"ListItem","position":2,"name":"Jos\u00e8 Altafini testimonial a Legnano"}]},{"@type":"WebSite","@id":"https:\/\/staging.varesenews.it\/#website","url":"https:\/\/staging.varesenews.it\/","name":"VareseNews","description":"","potentialAction":[{"@type":"SearchAction","target":{"@type":"EntryPoint","urlTemplate":"https:\/\/staging.varesenews.it\/?s={search_term_string}"},"query-input":"required name=search_term_string"}],"inLanguage":"it-IT"},{"@type":"Person","@id":"https:\/\/staging.varesenews.it\/#\/schema\/person\/fb20c4da0b7b16c291707a20db73e169","name":"Redazione VareseNews","image":{"@type":"ImageObject","inLanguage":"it-IT","@id":"https:\/\/staging.varesenews.it\/#\/schema\/person\/image\/","url":"https:\/\/staging.varesenews.it\/wp-content\/uploads\/2020\/12\/logo_VN_colori_500.png","contentUrl":"https:\/\/staging.varesenews.it\/wp-content\/uploads\/2020\/12\/logo_VN_colori_500.png","caption":"Redazione VareseNews"},"url":"https:\/\/staging.varesenews.it\/persona\/redazione1\/"}]}},"post_meta":{"id_old":"43926","argomento":"Legnano"},"photos":[],"_links":{"self":[{"href":"https:\/\/staging.varesenews.it\/swgapi\/v1\/wp\/v2\/posts\/258168"}],"collection":[{"href":"https:\/\/staging.varesenews.it\/swgapi\/v1\/wp\/v2\/posts"}],"about":[{"href":"https:\/\/staging.varesenews.it\/swgapi\/v1\/wp\/v2\/types\/post"}],"author":[{"embeddable":true,"href":"https:\/\/staging.varesenews.it\/swgapi\/v1\/wp\/v2\/users\/10"}],"replies":[{"embeddable":true,"href":"https:\/\/staging.varesenews.it\/swgapi\/v1\/wp\/v2\/comments?post=258168"}],"version-history":[{"count":0,"href":"https:\/\/staging.varesenews.it\/swgapi\/v1\/wp\/v2\/posts\/258168\/revisions"}],"wp:attachment":[{"href":"https:\/\/staging.varesenews.it\/swgapi\/v1\/wp\/v2\/media?parent=258168"}],"wp:term":[{"taxonomy":"category","embeddable":true,"href":"https:\/\/staging.varesenews.it\/swgapi\/v1\/wp\/v2\/categories?post=258168"},{"taxonomy":"post_tag","embeddable":true,"href":"https:\/\/staging.varesenews.it\/swgapi\/v1\/wp\/v2\/tags?post=258168"}],"curies":[{"name":"wp","href":"https:\/\/api.w.org\/{rel}","templated":true}]}}