{"id":258192,"date":"2006-02-22T00:00:00","date_gmt":"2006-02-22T00:00:00","guid":{"rendered":""},"modified":"2006-02-22T00:00:00","modified_gmt":"2006-02-22T00:00:00","slug":"un-blog-per-agenda-21","status":"publish","type":"post","link":"https:\/\/staging.varesenews.it\/2006\/02\/un-blog-per-agenda-21\/258192\/","title":{"rendered":"Un blog per Agenda 21"},"content":{"rendered":"<p class=\"MsoNormal\" style=\"MARGIN: 0cm 0cm 0pt\">Un \u201cblog\u201d per Agenda 21 a Gallarate. La proposta, accettata dai partecipanti, \u00e8 nata durante la riunione del tavolo tematico di luned\u00ec 20 febbraio.<\/p>\n<p \/>\n<p class=\"MsoNormal\" style=\"MARGIN: 0cm 0cm 0pt\">Nasce cos\u00ec una sorta di \u201cdiario in rete\u201d, all\u2019indirizzo http:\/\/blog.virgilio.it\/ag21gallarate, dove pubblicare e raccogliere informazioni, opinioni, suggerimenti e commenti, in maniera rapida e in tempo reale, permettendo cos\u00ec la pi\u00f9 ampia partecipazione al progetto che sta interessando anche Gallarate e che vedr\u00e0 luned\u00ec 27 febbraio alle 18 in Sala Giunta il terzo tavolo tematico programmato per il mese di febbraio su \u201c<b>Sviluppo sostenibile e piano di governo del territorio<\/b>\u201d.<\/p>\n<p \/>\n<p class=\"MsoNormal\" style=\"MARGIN: 0cm 0cm 0pt\">Gli incontri sono naturalmente aperti al pubblico: lo scopo \u00e8 proprio quello di coinvolgere il maggior numero di soggetti interessati, allargando il pi\u00f9 possibile la partecipazione a tutte le associazioni e i cittadini che vogliono prendere parte e collaborare a questo importante progetto.<\/p>\n<p \/>\n<p class=\"MsoNormal\" style=\"MARGIN: 0cm 0cm 0pt\">Il protocollo di \u201cAgenda 21\u201d coinvolge circa 179 Paesi che nel 1992 hanno firmato un accordo con il quale si sono impegnati a porre attenzione e a intervenire sui temi dell\u2019ambiente e della sostenibilit\u00e0 a livello locale, con uno strumento che parte \u201cdal basso\u201d. L\u2019obiettivo, per la Citt\u00e0, \u00e8 quello di <b>dotare Gallarate si un proprio Rapporto sullo Stato dell\u2019Ambiente<\/b>, cio\u00e8 di una fotografia reale delle condizioni di Gallarate e di quelle che sono le prospettive. A Gallarate \u00e8 gi\u00e0 stato istituito uno \u201csportello comunale\u201d di \u201cAgenda 21\u201d, quale punto informativo e operativo di \u201cAgenda 21 locale\u201d e dal dicembre 2003 in poi si sono svolti numerosi incontri di confronto sul tema, pubblici e<span style=\"mso-spacerun: yes\">\u00a0 <\/span>con le associazioni locali. Tutte le famiglie hanno ricevuto un primo \u201cQuaderno\u201d dedicato ad \u201cAgenda 21\u201d e con le scuole elementari del I Circolo Didattico si \u00e8 dato vita a un progetto di progettazione partecipata del cortile e del giardino della scuola ed \u00e8 stata elaborata una biografia ambientale.<\/p>\n<p \/>\n<p><b><span style=\"FONT-SIZE: 12pt; FONT-FAMILY: \"Times New Roman\"; mso-fareast-font-family: \"Times New Roman\"; mso-ansi-language: IT; mso-fareast-language: IT; mso-bidi-language: AR-SA\">Dallo scorso dicembre si sono aperte le riunioni<\/span><\/b><span style=\"FONT-SIZE: 12pt; FONT-FAMILY: \"Times New Roman\"; mso-fareast-font-family: \"Times New Roman\"; mso-ansi-language: IT; mso-fareast-language: IT; mso-bidi-language: AR-SA\"> attorno ai tavoli tematici evidenziati relativi alle tre \u201cmacro aree\u201d di riferimento (Qualit\u00e0 della vita; Sviluppo economico, sociale e sostenibilit\u00e0 ambientale; Culture e Ambiente): si tratta di un totale di una quindicina di incontri, otto dei quali si sono gi\u00e0 svolti, per affrontare diversi argomenti, dall\u2019educazione ambientale alle piste ciclabili, dalla qualit\u00e0 dell\u2019aria alla mobilit\u00e0, dal regolamento edilizio alla creazione di una rete per le iniziative sull\u2019educazione ambientale. Proprio all\u2019interno del tavolo tematico su questo ultimo aspetto si \u00e8 decisa la realizzazione del blog. <\/span><\/p>\n","protected":false},"excerpt":{"rendered":"<p>Nasce un \u201cdiario in rete\u201d per creare un punto di contatto e di scambio sulle iniziative di educazione ambientale<\/p>\n","protected":false},"author":10,"featured_media":0,"comment_status":"open","ping_status":"open","sticky":false,"template":"","format":"standard","meta":{"footnotes":""},"categories":[3],"tags":[],"acf":[],"yoast_head":"<!-- This site is optimized with the Yoast SEO plugin v20.1 - https:\/\/yoast.com\/wordpress\/plugins\/seo\/ -->\n<title>Un blog per Agenda 21<\/title>\n<meta name=\"description\" content=\"Nasce un \u201cdiario in rete\u201d per creare un punto di contatto e di scambio sulle iniziative di educazione ambientale\" \/>\n<meta name=\"robots\" content=\"noindex, follow, max-snippet:-1, max-image-preview:large, max-video-preview:-1\" \/>\n<meta property=\"og:locale\" content=\"it_IT\" \/>\n<meta property=\"og:type\" content=\"article\" \/>\n<meta property=\"og:title\" content=\"Un blog per Agenda 21\" \/>\n<meta property=\"og:description\" content=\"Nasce un \u201cdiario in rete\u201d per creare un punto di contatto e di scambio sulle iniziative di educazione ambientale\" \/>\n<meta property=\"og:url\" content=\"https:\/\/staging.varesenews.it\/2006\/02\/un-blog-per-agenda-21\/258192\/\" \/>\n<meta property=\"og:site_name\" content=\"VareseNews\" \/>\n<meta property=\"article:publisher\" content=\"https:\/\/www.facebook.com\/varesenews\" \/>\n<meta property=\"article:published_time\" content=\"2006-02-22T00:00:00+00:00\" \/>\n<meta name=\"author\" content=\"Redazione VareseNews\" \/>\n<meta name=\"twitter:card\" content=\"summary_large_image\" \/>\n<meta name=\"twitter:creator\" content=\"@varesenews\" \/>\n<meta name=\"twitter:site\" content=\"@varesenews\" \/>\n<meta name=\"twitter:label1\" content=\"Scritto da\" \/>\n\t<meta name=\"twitter:data1\" content=\"Redazione VareseNews\" \/>\n\t<meta name=\"twitter:label2\" content=\"Tempo di lettura stimato\" \/>\n\t<meta name=\"twitter:data2\" content=\"2 minuti\" \/>\n<script type=\"application\/ld+json\" class=\"yoast-schema-graph\">{\"@context\":\"https:\/\/schema.org\",\"@graph\":[{\"@type\":\"WebPage\",\"@id\":\"https:\/\/staging.varesenews.it\/2006\/02\/un-blog-per-agenda-21\/258192\/\",\"url\":\"https:\/\/staging.varesenews.it\/2006\/02\/un-blog-per-agenda-21\/258192\/\",\"name\":\"Un blog per Agenda 21\",\"isPartOf\":{\"@id\":\"https:\/\/staging.varesenews.it\/#website\"},\"datePublished\":\"2006-02-22T00:00:00+00:00\",\"dateModified\":\"2006-02-22T00:00:00+00:00\",\"author\":{\"@id\":\"https:\/\/staging.varesenews.it\/#\/schema\/person\/fb20c4da0b7b16c291707a20db73e169\"},\"description\":\"Nasce un \u201cdiario in rete\u201d per creare un punto di contatto e di scambio sulle iniziative di educazione ambientale\",\"breadcrumb\":{\"@id\":\"https:\/\/staging.varesenews.it\/2006\/02\/un-blog-per-agenda-21\/258192\/#breadcrumb\"},\"inLanguage\":\"it-IT\",\"potentialAction\":[{\"@type\":\"ReadAction\",\"target\":[\"https:\/\/staging.varesenews.it\/2006\/02\/un-blog-per-agenda-21\/258192\/\"]}]},{\"@type\":\"BreadcrumbList\",\"@id\":\"https:\/\/staging.varesenews.it\/2006\/02\/un-blog-per-agenda-21\/258192\/#breadcrumb\",\"itemListElement\":[{\"@type\":\"ListItem\",\"position\":1,\"name\":\"Home\",\"item\":\"https:\/\/www.varesenews.it\/\"},{\"@type\":\"ListItem\",\"position\":2,\"name\":\"Un blog per Agenda 21\"}]},{\"@type\":\"WebSite\",\"@id\":\"https:\/\/staging.varesenews.it\/#website\",\"url\":\"https:\/\/staging.varesenews.it\/\",\"name\":\"VareseNews\",\"description\":\"\",\"potentialAction\":[{\"@type\":\"SearchAction\",\"target\":{\"@type\":\"EntryPoint\",\"urlTemplate\":\"https:\/\/staging.varesenews.it\/?s={search_term_string}\"},\"query-input\":\"required name=search_term_string\"}],\"inLanguage\":\"it-IT\"},{\"@type\":\"Person\",\"@id\":\"https:\/\/staging.varesenews.it\/#\/schema\/person\/fb20c4da0b7b16c291707a20db73e169\",\"name\":\"Redazione VareseNews\",\"image\":{\"@type\":\"ImageObject\",\"inLanguage\":\"it-IT\",\"@id\":\"https:\/\/staging.varesenews.it\/#\/schema\/person\/image\/\",\"url\":\"https:\/\/staging.varesenews.it\/wp-content\/uploads\/2020\/12\/logo_VN_colori_500.png\",\"contentUrl\":\"https:\/\/staging.varesenews.it\/wp-content\/uploads\/2020\/12\/logo_VN_colori_500.png\",\"caption\":\"Redazione VareseNews\"},\"url\":\"https:\/\/staging.varesenews.it\/persona\/redazione1\/\"}]}<\/script>\n<!-- \/ Yoast SEO plugin. -->","yoast_head_json":{"title":"Un blog per Agenda 21","description":"Nasce un \u201cdiario in rete\u201d per creare un punto di contatto e di scambio sulle iniziative di educazione ambientale","robots":{"index":"noindex","follow":"follow","max-snippet":"max-snippet:-1","max-image-preview":"max-image-preview:large","max-video-preview":"max-video-preview:-1"},"og_locale":"it_IT","og_type":"article","og_title":"Un blog per Agenda 21","og_description":"Nasce un \u201cdiario in rete\u201d per creare un punto di contatto e di scambio sulle iniziative di educazione ambientale","og_url":"https:\/\/staging.varesenews.it\/2006\/02\/un-blog-per-agenda-21\/258192\/","og_site_name":"VareseNews","article_publisher":"https:\/\/www.facebook.com\/varesenews","article_published_time":"2006-02-22T00:00:00+00:00","author":"Redazione VareseNews","twitter_card":"summary_large_image","twitter_creator":"@varesenews","twitter_site":"@varesenews","twitter_misc":{"Scritto da":"Redazione VareseNews","Tempo di lettura stimato":"2 minuti"},"schema":{"@context":"https:\/\/schema.org","@graph":[{"@type":"WebPage","@id":"https:\/\/staging.varesenews.it\/2006\/02\/un-blog-per-agenda-21\/258192\/","url":"https:\/\/staging.varesenews.it\/2006\/02\/un-blog-per-agenda-21\/258192\/","name":"Un blog per Agenda 21","isPartOf":{"@id":"https:\/\/staging.varesenews.it\/#website"},"datePublished":"2006-02-22T00:00:00+00:00","dateModified":"2006-02-22T00:00:00+00:00","author":{"@id":"https:\/\/staging.varesenews.it\/#\/schema\/person\/fb20c4da0b7b16c291707a20db73e169"},"description":"Nasce un \u201cdiario in rete\u201d per creare un punto di contatto e di scambio sulle iniziative di educazione ambientale","breadcrumb":{"@id":"https:\/\/staging.varesenews.it\/2006\/02\/un-blog-per-agenda-21\/258192\/#breadcrumb"},"inLanguage":"it-IT","potentialAction":[{"@type":"ReadAction","target":["https:\/\/staging.varesenews.it\/2006\/02\/un-blog-per-agenda-21\/258192\/"]}]},{"@type":"BreadcrumbList","@id":"https:\/\/staging.varesenews.it\/2006\/02\/un-blog-per-agenda-21\/258192\/#breadcrumb","itemListElement":[{"@type":"ListItem","position":1,"name":"Home","item":"https:\/\/www.varesenews.it\/"},{"@type":"ListItem","position":2,"name":"Un blog per Agenda 21"}]},{"@type":"WebSite","@id":"https:\/\/staging.varesenews.it\/#website","url":"https:\/\/staging.varesenews.it\/","name":"VareseNews","description":"","potentialAction":[{"@type":"SearchAction","target":{"@type":"EntryPoint","urlTemplate":"https:\/\/staging.varesenews.it\/?s={search_term_string}"},"query-input":"required name=search_term_string"}],"inLanguage":"it-IT"},{"@type":"Person","@id":"https:\/\/staging.varesenews.it\/#\/schema\/person\/fb20c4da0b7b16c291707a20db73e169","name":"Redazione VareseNews","image":{"@type":"ImageObject","inLanguage":"it-IT","@id":"https:\/\/staging.varesenews.it\/#\/schema\/person\/image\/","url":"https:\/\/staging.varesenews.it\/wp-content\/uploads\/2020\/12\/logo_VN_colori_500.png","contentUrl":"https:\/\/staging.varesenews.it\/wp-content\/uploads\/2020\/12\/logo_VN_colori_500.png","caption":"Redazione VareseNews"},"url":"https:\/\/staging.varesenews.it\/persona\/redazione1\/"}]}},"post_meta":{"id_old":"43899","argomento":"Gallarate"},"photos":[],"_links":{"self":[{"href":"https:\/\/staging.varesenews.it\/swgapi\/v1\/wp\/v2\/posts\/258192"}],"collection":[{"href":"https:\/\/staging.varesenews.it\/swgapi\/v1\/wp\/v2\/posts"}],"about":[{"href":"https:\/\/staging.varesenews.it\/swgapi\/v1\/wp\/v2\/types\/post"}],"author":[{"embeddable":true,"href":"https:\/\/staging.varesenews.it\/swgapi\/v1\/wp\/v2\/users\/10"}],"replies":[{"embeddable":true,"href":"https:\/\/staging.varesenews.it\/swgapi\/v1\/wp\/v2\/comments?post=258192"}],"version-history":[{"count":0,"href":"https:\/\/staging.varesenews.it\/swgapi\/v1\/wp\/v2\/posts\/258192\/revisions"}],"wp:attachment":[{"href":"https:\/\/staging.varesenews.it\/swgapi\/v1\/wp\/v2\/media?parent=258192"}],"wp:term":[{"taxonomy":"category","embeddable":true,"href":"https:\/\/staging.varesenews.it\/swgapi\/v1\/wp\/v2\/categories?post=258192"},{"taxonomy":"post_tag","embeddable":true,"href":"https:\/\/staging.varesenews.it\/swgapi\/v1\/wp\/v2\/tags?post=258192"}],"curies":[{"name":"wp","href":"https:\/\/api.w.org\/{rel}","templated":true}]}}