{"id":258700,"date":"2006-02-11T00:00:00","date_gmt":"2006-02-11T00:00:00","guid":{"rendered":""},"modified":"2006-02-11T00:00:00","modified_gmt":"2006-02-11T00:00:00","slug":"ciampi-scioglie-le-camere-si-apre-la-campagna-elettorale","status":"publish","type":"post","link":"https:\/\/staging.varesenews.it\/2006\/02\/ciampi-scioglie-le-camere-si-apre-la-campagna-elettorale\/258700\/","title":{"rendered":"Ciampi scioglie le Camere. Si apre la campagna elettorale"},"content":{"rendered":"<p><font face=\"arial,helvetica,sans-serif\"><img decoding=\"async\" hspace=\"3\" src=\"https:\/\/www3.varesenews.it\/immagini_articoli\/200412\/ciampi.jpg\" align=\"left\" vspace=\"3\" border=\"0\" \/>Doveva avvenire alla fine del mese scorso. Poi un accordo in extremis aveva\u00a0 allungato i tempi della legislatura. Oggi, il <strong>Presidente della Repubblica carlo Azeglio Ciampi<\/strong> ha <br \/>firmato il <strong>decreto di scioglimento delle Camere<\/strong>. Si conclude ufficialmente la <strong>XIV Legislatura<\/strong>. <br \/>Ora si apre la fase preelettorale in vista delle consultazioni che si svolgeranno Si <strong>voter\u00e0 il 9 e 10 aprile<\/strong>. Prevista il 28 aprile, la prima riunione del nuovo Parlamento.<br \/>\u00a0<br \/>Al momento dell&#8217;inizio della campagna elettorale, il Capo dello Stato ha voluto mandare un messaggio ai due schieramenti invitando le forze politiche a un confronto improntato alla reciproca correttezza. <br \/>\u00abSi \u00e8 aperta la campagna elettorale&quot; ha affermato Carlo Azeglio Ciampi &#8211; con le sue precise regole. In questa circostanza sento il dovere di riaffermare due concetti, di esprimere due auspici. Il primo \u00e8 che il confronto elettorale, pur nella sua vivacit\u00e0 dialettica, si mantenga sempre nei limiti di reciproca correttezza, imposti dal rispetto dovuto alla persona umana, dalla lealt\u00e0 di tutti verso la nazione, dal prestigio dell&#8217;Italia, dall&#8217;amore di Patria. <\/font><font face=\"arial,helvetica,sans-serif\">Il secondo auspicio \u00e8 che il dibattito si sviluppi, anzi si concentri, sui problemi che riguardano da vicino i cittadini, la loro vita, e, quindi, sulle soluzioni proposte dalle diverse forze politiche per lo sviluppo civile, economico e sociale dell&#8217;Italia. Sono questi i temi che gli italiani hanno a cuore, che gli italiani desiderano approfondire l&#8217;affluenza alle urne sar\u00e0 pi\u00f9 numerosa; il voto di ciascun elettore pi\u00f9 consapevole\u00bb. <br \/><\/font><\/p>\n","protected":false},"excerpt":{"rendered":"<p>Il Presidente della repubblica ha firmato il decreto che ha chiuso ufficialmente la XIV Legislatura. Si voter\u00e0 i prossimi 9 e 10 aprile<\/p>\n","protected":false},"author":10,"featured_media":0,"comment_status":"open","ping_status":"open","sticky":false,"template":"","format":"standard","meta":{"footnotes":""},"categories":[9],"tags":[],"acf":[],"yoast_head":"<!-- This site is optimized with the Yoast SEO plugin v20.1 - https:\/\/yoast.com\/wordpress\/plugins\/seo\/ -->\n<title>Ciampi scioglie le Camere. Si apre la campagna elettorale<\/title>\n<meta name=\"description\" content=\"Il Presidente della repubblica ha firmato il decreto che ha chiuso ufficialmente la XIV Legislatura. Si voter\u00e0 i prossimi 9 e 10 aprile\" \/>\n<meta name=\"robots\" content=\"noindex, follow, max-snippet:-1, max-image-preview:large, max-video-preview:-1\" \/>\n<meta property=\"og:locale\" content=\"it_IT\" \/>\n<meta property=\"og:type\" content=\"article\" \/>\n<meta property=\"og:title\" content=\"Ciampi scioglie le Camere. Si apre la campagna elettorale\" \/>\n<meta property=\"og:description\" content=\"Il Presidente della repubblica ha firmato il decreto che ha chiuso ufficialmente la XIV Legislatura. Si voter\u00e0 i prossimi 9 e 10 aprile\" \/>\n<meta property=\"og:url\" content=\"https:\/\/staging.varesenews.it\/2006\/02\/ciampi-scioglie-le-camere-si-apre-la-campagna-elettorale\/258700\/\" \/>\n<meta property=\"og:site_name\" content=\"VareseNews\" \/>\n<meta property=\"article:publisher\" content=\"https:\/\/www.facebook.com\/varesenews\" \/>\n<meta property=\"article:published_time\" content=\"2006-02-11T00:00:00+00:00\" \/>\n<meta property=\"og:image\" content=\"https:\/\/www3.varesenews.it\/immagini_articoli\/200412\/ciampi.jpg\" \/>\n<meta name=\"author\" content=\"Redazione VareseNews\" \/>\n<meta name=\"twitter:card\" content=\"summary_large_image\" \/>\n<meta name=\"twitter:creator\" content=\"@varesenews\" \/>\n<meta name=\"twitter:site\" content=\"@varesenews\" \/>\n<meta name=\"twitter:label1\" content=\"Scritto da\" \/>\n\t<meta name=\"twitter:data1\" content=\"Redazione VareseNews\" \/>\n\t<meta name=\"twitter:label2\" content=\"Tempo di lettura stimato\" \/>\n\t<meta name=\"twitter:data2\" content=\"1 minuto\" \/>\n<script type=\"application\/ld+json\" class=\"yoast-schema-graph\">{\"@context\":\"https:\/\/schema.org\",\"@graph\":[{\"@type\":\"WebPage\",\"@id\":\"https:\/\/staging.varesenews.it\/2006\/02\/ciampi-scioglie-le-camere-si-apre-la-campagna-elettorale\/258700\/\",\"url\":\"https:\/\/staging.varesenews.it\/2006\/02\/ciampi-scioglie-le-camere-si-apre-la-campagna-elettorale\/258700\/\",\"name\":\"Ciampi scioglie le Camere. Si apre la campagna elettorale\",\"isPartOf\":{\"@id\":\"https:\/\/staging.varesenews.it\/#website\"},\"datePublished\":\"2006-02-11T00:00:00+00:00\",\"dateModified\":\"2006-02-11T00:00:00+00:00\",\"author\":{\"@id\":\"https:\/\/staging.varesenews.it\/#\/schema\/person\/fb20c4da0b7b16c291707a20db73e169\"},\"description\":\"Il Presidente della repubblica ha firmato il decreto che ha chiuso ufficialmente la XIV Legislatura. Si voter\u00e0 i prossimi 9 e 10 aprile\",\"breadcrumb\":{\"@id\":\"https:\/\/staging.varesenews.it\/2006\/02\/ciampi-scioglie-le-camere-si-apre-la-campagna-elettorale\/258700\/#breadcrumb\"},\"inLanguage\":\"it-IT\",\"potentialAction\":[{\"@type\":\"ReadAction\",\"target\":[\"https:\/\/staging.varesenews.it\/2006\/02\/ciampi-scioglie-le-camere-si-apre-la-campagna-elettorale\/258700\/\"]}]},{\"@type\":\"BreadcrumbList\",\"@id\":\"https:\/\/staging.varesenews.it\/2006\/02\/ciampi-scioglie-le-camere-si-apre-la-campagna-elettorale\/258700\/#breadcrumb\",\"itemListElement\":[{\"@type\":\"ListItem\",\"position\":1,\"name\":\"Home\",\"item\":\"https:\/\/www.varesenews.it\/\"},{\"@type\":\"ListItem\",\"position\":2,\"name\":\"Ciampi scioglie le Camere. Si apre la campagna elettorale\"}]},{\"@type\":\"WebSite\",\"@id\":\"https:\/\/staging.varesenews.it\/#website\",\"url\":\"https:\/\/staging.varesenews.it\/\",\"name\":\"VareseNews\",\"description\":\"\",\"potentialAction\":[{\"@type\":\"SearchAction\",\"target\":{\"@type\":\"EntryPoint\",\"urlTemplate\":\"https:\/\/staging.varesenews.it\/?s={search_term_string}\"},\"query-input\":\"required name=search_term_string\"}],\"inLanguage\":\"it-IT\"},{\"@type\":\"Person\",\"@id\":\"https:\/\/staging.varesenews.it\/#\/schema\/person\/fb20c4da0b7b16c291707a20db73e169\",\"name\":\"Redazione VareseNews\",\"image\":{\"@type\":\"ImageObject\",\"inLanguage\":\"it-IT\",\"@id\":\"https:\/\/staging.varesenews.it\/#\/schema\/person\/image\/\",\"url\":\"https:\/\/staging.varesenews.it\/wp-content\/uploads\/2020\/12\/logo_VN_colori_500.png\",\"contentUrl\":\"https:\/\/staging.varesenews.it\/wp-content\/uploads\/2020\/12\/logo_VN_colori_500.png\",\"caption\":\"Redazione VareseNews\"},\"url\":\"https:\/\/staging.varesenews.it\/persona\/redazione1\/\"}]}<\/script>\n<!-- \/ Yoast SEO plugin. -->","yoast_head_json":{"title":"Ciampi scioglie le Camere. Si apre la campagna elettorale","description":"Il Presidente della repubblica ha firmato il decreto che ha chiuso ufficialmente la XIV Legislatura. Si voter\u00e0 i prossimi 9 e 10 aprile","robots":{"index":"noindex","follow":"follow","max-snippet":"max-snippet:-1","max-image-preview":"max-image-preview:large","max-video-preview":"max-video-preview:-1"},"og_locale":"it_IT","og_type":"article","og_title":"Ciampi scioglie le Camere. Si apre la campagna elettorale","og_description":"Il Presidente della repubblica ha firmato il decreto che ha chiuso ufficialmente la XIV Legislatura. Si voter\u00e0 i prossimi 9 e 10 aprile","og_url":"https:\/\/staging.varesenews.it\/2006\/02\/ciampi-scioglie-le-camere-si-apre-la-campagna-elettorale\/258700\/","og_site_name":"VareseNews","article_publisher":"https:\/\/www.facebook.com\/varesenews","article_published_time":"2006-02-11T00:00:00+00:00","og_image":[{"url":"https:\/\/www3.varesenews.it\/immagini_articoli\/200412\/ciampi.jpg"}],"author":"Redazione VareseNews","twitter_card":"summary_large_image","twitter_creator":"@varesenews","twitter_site":"@varesenews","twitter_misc":{"Scritto da":"Redazione VareseNews","Tempo di lettura stimato":"1 minuto"},"schema":{"@context":"https:\/\/schema.org","@graph":[{"@type":"WebPage","@id":"https:\/\/staging.varesenews.it\/2006\/02\/ciampi-scioglie-le-camere-si-apre-la-campagna-elettorale\/258700\/","url":"https:\/\/staging.varesenews.it\/2006\/02\/ciampi-scioglie-le-camere-si-apre-la-campagna-elettorale\/258700\/","name":"Ciampi scioglie le Camere. Si apre la campagna elettorale","isPartOf":{"@id":"https:\/\/staging.varesenews.it\/#website"},"datePublished":"2006-02-11T00:00:00+00:00","dateModified":"2006-02-11T00:00:00+00:00","author":{"@id":"https:\/\/staging.varesenews.it\/#\/schema\/person\/fb20c4da0b7b16c291707a20db73e169"},"description":"Il Presidente della repubblica ha firmato il decreto che ha chiuso ufficialmente la XIV Legislatura. Si voter\u00e0 i prossimi 9 e 10 aprile","breadcrumb":{"@id":"https:\/\/staging.varesenews.it\/2006\/02\/ciampi-scioglie-le-camere-si-apre-la-campagna-elettorale\/258700\/#breadcrumb"},"inLanguage":"it-IT","potentialAction":[{"@type":"ReadAction","target":["https:\/\/staging.varesenews.it\/2006\/02\/ciampi-scioglie-le-camere-si-apre-la-campagna-elettorale\/258700\/"]}]},{"@type":"BreadcrumbList","@id":"https:\/\/staging.varesenews.it\/2006\/02\/ciampi-scioglie-le-camere-si-apre-la-campagna-elettorale\/258700\/#breadcrumb","itemListElement":[{"@type":"ListItem","position":1,"name":"Home","item":"https:\/\/www.varesenews.it\/"},{"@type":"ListItem","position":2,"name":"Ciampi scioglie le Camere. Si apre la campagna elettorale"}]},{"@type":"WebSite","@id":"https:\/\/staging.varesenews.it\/#website","url":"https:\/\/staging.varesenews.it\/","name":"VareseNews","description":"","potentialAction":[{"@type":"SearchAction","target":{"@type":"EntryPoint","urlTemplate":"https:\/\/staging.varesenews.it\/?s={search_term_string}"},"query-input":"required name=search_term_string"}],"inLanguage":"it-IT"},{"@type":"Person","@id":"https:\/\/staging.varesenews.it\/#\/schema\/person\/fb20c4da0b7b16c291707a20db73e169","name":"Redazione VareseNews","image":{"@type":"ImageObject","inLanguage":"it-IT","@id":"https:\/\/staging.varesenews.it\/#\/schema\/person\/image\/","url":"https:\/\/staging.varesenews.it\/wp-content\/uploads\/2020\/12\/logo_VN_colori_500.png","contentUrl":"https:\/\/staging.varesenews.it\/wp-content\/uploads\/2020\/12\/logo_VN_colori_500.png","caption":"Redazione VareseNews"},"url":"https:\/\/staging.varesenews.it\/persona\/redazione1\/"}]}},"post_meta":{"id_old":"43230"},"photos":[],"_links":{"self":[{"href":"https:\/\/staging.varesenews.it\/swgapi\/v1\/wp\/v2\/posts\/258700"}],"collection":[{"href":"https:\/\/staging.varesenews.it\/swgapi\/v1\/wp\/v2\/posts"}],"about":[{"href":"https:\/\/staging.varesenews.it\/swgapi\/v1\/wp\/v2\/types\/post"}],"author":[{"embeddable":true,"href":"https:\/\/staging.varesenews.it\/swgapi\/v1\/wp\/v2\/users\/10"}],"replies":[{"embeddable":true,"href":"https:\/\/staging.varesenews.it\/swgapi\/v1\/wp\/v2\/comments?post=258700"}],"version-history":[{"count":0,"href":"https:\/\/staging.varesenews.it\/swgapi\/v1\/wp\/v2\/posts\/258700\/revisions"}],"wp:attachment":[{"href":"https:\/\/staging.varesenews.it\/swgapi\/v1\/wp\/v2\/media?parent=258700"}],"wp:term":[{"taxonomy":"category","embeddable":true,"href":"https:\/\/staging.varesenews.it\/swgapi\/v1\/wp\/v2\/categories?post=258700"},{"taxonomy":"post_tag","embeddable":true,"href":"https:\/\/staging.varesenews.it\/swgapi\/v1\/wp\/v2\/tags?post=258700"}],"curies":[{"name":"wp","href":"https:\/\/api.w.org\/{rel}","templated":true}]}}