{"id":258846,"date":"2006-02-09T00:00:00","date_gmt":"2006-02-09T00:00:00","guid":{"rendered":""},"modified":"2006-02-09T00:00:00","modified_gmt":"2006-02-09T00:00:00","slug":"un-cineforum-per-l-integrazione-razziale","status":"publish","type":"post","link":"https:\/\/staging.varesenews.it\/2006\/02\/un-cineforum-per-l-integrazione-razziale\/258846\/","title":{"rendered":"Un cineforum per l\u2019integrazione razziale"},"content":{"rendered":"<p class=\"MsoNormal\" style=\"MARGIN: 0cm 0cm 0pt; LINE-HEIGHT: 12pt; mso-layout-grid-align: none\"><font face=\"arial,helvetica,sans-serif\">Un cineforum dedicato all\u2019integrazione razziale. \u00c8 l\u2019iniziativa organizzata dalla <b>Missione giovani <\/b>nell\u2019ambito della <b>Missione a Varese 2004-2006<\/b>. Le proiezioni, commentate dalla prof.ssa Emanuela Sonzini, docente di lettere del Liceo Scientifico \u201cG. Ferraris\u201d, si terranno <b>gioved\u00ec 9 e 16 febbraio 2006<\/b>, alle ore 20:45 <b>nell\u2019Aula Magna dell\u2019Universit\u00e0 dell\u2019Insubria di Varese<\/b>.\u00a0<\/font><\/p>\n<p><font face=\"arial,helvetica,sans-serif\"><\/font><\/p>\n<p class=\"MsoNormal\" style=\"MARGIN: 0cm 0cm 0pt\"><font face=\"arial,helvetica,sans-serif\">\u00abCon il mese di febbraio prendono ufficialmente il via i primi appuntamenti di Cineforum organizzati nell\u2019ambito della Missione Giovani del Decanato di Varese \u2013 spiegano gli organizzatori -, <b>un\u2019iniziativa preparata dai giovani per i giovani<\/b>, che non mancher\u00e0 di coinvolgere un pubblico di tutte le et\u00e0. Il tema scelto per questi primi incontri cinematografici \u00e8 quello dell\u2019integrazione razziale che si inserisce nel pi\u00f9 ampio filone delle sfide del nostro tempo. Quello dell\u2019integrazione \u00e8 un tema scottante che i giovani, i religiosi e le religiose della consulta di pastorale giovanile hanno voluto toccare. Durante la Missione Giovani del Decanato di Varese, verranno affrontati altri temi: la ricerca di s\u00e9 e della propria strada nella vita; sessualit\u00e0 e corporeit\u00e0; dolore, morte, vita eterna; radici della nostra cultura; figure di testimoni significativi\u00bb. <\/font><\/p>\n<p><font face=\"arial,helvetica,sans-serif\"><\/font><\/p>\n<p class=\"MsoNormal\" style=\"MARGIN: 0cm 0cm 0pt\"><font face=\"arial,helvetica,sans-serif\">Gioved\u00ec 9 febbraio verr\u00e0 quindi proiettato il film \u201c<b>Il buio oltre la siepe<\/b>\u201d di Robert Mulligan, uno dei pi\u00f9 toccanti film concernenti la questione razziale e la giustizia morale. Il secondo appuntamento di gioved\u00ec 16 febbraio \u00e8 con il film \u201c<b>Quando sei nato non puoi pi\u00f9 nasconderti<\/b>\u201d, del regista Marco Tulio Giordana. <br \/>Dopo il grande afflusso di pubblico delle prime conferenze (Noi e la Cina e Il Codice Da Vinci: cosa c\u2019\u00e8 di vero?) tenutesi a Varese nell\u2019ambito della Missione, \u00abquesto cineforum promette d\u2019essere un momento di incontro che, senza tralasciare <b>il piacere della visione <\/b>di due ottimi film, pu\u00f2 permettere ai giovani di riflettere e dialogare su un tema particolarmente attuale\u00bb.<\/font><\/p>\n","protected":false},"excerpt":{"rendered":"<p>Prende il via gioved\u00ec sera la singolare iniziativa di Missione Giovani. Film in programma: \u201cIl buio oltre la siepe\u201d e \u201cQuando sei nato non puoi pi\u00f9 nasconderti\u201d<\/p>\n","protected":false},"author":10,"featured_media":0,"comment_status":"open","ping_status":"open","sticky":false,"template":"","format":"standard","meta":{"footnotes":""},"categories":[13],"tags":[],"acf":[],"yoast_head":"<!-- This site is optimized with the Yoast SEO plugin v20.1 - https:\/\/yoast.com\/wordpress\/plugins\/seo\/ -->\n<title>Un cineforum per l\u2019integrazione razziale<\/title>\n<meta name=\"description\" content=\"Prende il via gioved\u00ec sera la singolare iniziativa di Missione Giovani. Film in programma: \u201cIl buio oltre la siepe\u201d e \u201cQuando sei nato non puoi pi\u00f9 nasconderti\u201d\" \/>\n<meta name=\"robots\" content=\"noindex, follow, max-snippet:-1, max-image-preview:large, max-video-preview:-1\" \/>\n<meta property=\"og:locale\" content=\"it_IT\" \/>\n<meta property=\"og:type\" content=\"article\" \/>\n<meta property=\"og:title\" content=\"Un cineforum per l\u2019integrazione razziale\" \/>\n<meta property=\"og:description\" content=\"Prende il via gioved\u00ec sera la singolare iniziativa di Missione Giovani. Film in programma: \u201cIl buio oltre la siepe\u201d e \u201cQuando sei nato non puoi pi\u00f9 nasconderti\u201d\" \/>\n<meta property=\"og:url\" content=\"https:\/\/staging.varesenews.it\/2006\/02\/un-cineforum-per-l-integrazione-razziale\/258846\/\" \/>\n<meta property=\"og:site_name\" content=\"VareseNews\" \/>\n<meta property=\"article:publisher\" content=\"https:\/\/www.facebook.com\/varesenews\" \/>\n<meta property=\"article:published_time\" content=\"2006-02-09T00:00:00+00:00\" \/>\n<meta name=\"author\" content=\"Redazione VareseNews\" \/>\n<meta name=\"twitter:card\" content=\"summary_large_image\" \/>\n<meta name=\"twitter:creator\" content=\"@varesenews\" \/>\n<meta name=\"twitter:site\" content=\"@varesenews\" \/>\n<meta name=\"twitter:label1\" content=\"Scritto da\" \/>\n\t<meta name=\"twitter:data1\" content=\"Redazione VareseNews\" \/>\n\t<meta name=\"twitter:label2\" content=\"Tempo di lettura stimato\" \/>\n\t<meta name=\"twitter:data2\" content=\"1 minuto\" \/>\n<script type=\"application\/ld+json\" class=\"yoast-schema-graph\">{\"@context\":\"https:\/\/schema.org\",\"@graph\":[{\"@type\":\"WebPage\",\"@id\":\"https:\/\/staging.varesenews.it\/2006\/02\/un-cineforum-per-l-integrazione-razziale\/258846\/\",\"url\":\"https:\/\/staging.varesenews.it\/2006\/02\/un-cineforum-per-l-integrazione-razziale\/258846\/\",\"name\":\"Un cineforum per l\u2019integrazione razziale\",\"isPartOf\":{\"@id\":\"https:\/\/staging.varesenews.it\/#website\"},\"datePublished\":\"2006-02-09T00:00:00+00:00\",\"dateModified\":\"2006-02-09T00:00:00+00:00\",\"author\":{\"@id\":\"https:\/\/staging.varesenews.it\/#\/schema\/person\/fb20c4da0b7b16c291707a20db73e169\"},\"description\":\"Prende il via gioved\u00ec sera la singolare iniziativa di Missione Giovani. Film in programma: \u201cIl buio oltre la siepe\u201d e \u201cQuando sei nato non puoi pi\u00f9 nasconderti\u201d\",\"breadcrumb\":{\"@id\":\"https:\/\/staging.varesenews.it\/2006\/02\/un-cineforum-per-l-integrazione-razziale\/258846\/#breadcrumb\"},\"inLanguage\":\"it-IT\",\"potentialAction\":[{\"@type\":\"ReadAction\",\"target\":[\"https:\/\/staging.varesenews.it\/2006\/02\/un-cineforum-per-l-integrazione-razziale\/258846\/\"]}]},{\"@type\":\"BreadcrumbList\",\"@id\":\"https:\/\/staging.varesenews.it\/2006\/02\/un-cineforum-per-l-integrazione-razziale\/258846\/#breadcrumb\",\"itemListElement\":[{\"@type\":\"ListItem\",\"position\":1,\"name\":\"Home\",\"item\":\"https:\/\/www.varesenews.it\/\"},{\"@type\":\"ListItem\",\"position\":2,\"name\":\"Un cineforum per l\u2019integrazione razziale\"}]},{\"@type\":\"WebSite\",\"@id\":\"https:\/\/staging.varesenews.it\/#website\",\"url\":\"https:\/\/staging.varesenews.it\/\",\"name\":\"VareseNews\",\"description\":\"\",\"potentialAction\":[{\"@type\":\"SearchAction\",\"target\":{\"@type\":\"EntryPoint\",\"urlTemplate\":\"https:\/\/staging.varesenews.it\/?s={search_term_string}\"},\"query-input\":\"required name=search_term_string\"}],\"inLanguage\":\"it-IT\"},{\"@type\":\"Person\",\"@id\":\"https:\/\/staging.varesenews.it\/#\/schema\/person\/fb20c4da0b7b16c291707a20db73e169\",\"name\":\"Redazione VareseNews\",\"image\":{\"@type\":\"ImageObject\",\"inLanguage\":\"it-IT\",\"@id\":\"https:\/\/staging.varesenews.it\/#\/schema\/person\/image\/\",\"url\":\"https:\/\/staging.varesenews.it\/wp-content\/uploads\/2020\/12\/logo_VN_colori_500.png\",\"contentUrl\":\"https:\/\/staging.varesenews.it\/wp-content\/uploads\/2020\/12\/logo_VN_colori_500.png\",\"caption\":\"Redazione VareseNews\"},\"url\":\"https:\/\/staging.varesenews.it\/persona\/redazione1\/\"}]}<\/script>\n<!-- \/ Yoast SEO plugin. -->","yoast_head_json":{"title":"Un cineforum per l\u2019integrazione razziale","description":"Prende il via gioved\u00ec sera la singolare iniziativa di Missione Giovani. Film in programma: \u201cIl buio oltre la siepe\u201d e \u201cQuando sei nato non puoi pi\u00f9 nasconderti\u201d","robots":{"index":"noindex","follow":"follow","max-snippet":"max-snippet:-1","max-image-preview":"max-image-preview:large","max-video-preview":"max-video-preview:-1"},"og_locale":"it_IT","og_type":"article","og_title":"Un cineforum per l\u2019integrazione razziale","og_description":"Prende il via gioved\u00ec sera la singolare iniziativa di Missione Giovani. Film in programma: \u201cIl buio oltre la siepe\u201d e \u201cQuando sei nato non puoi pi\u00f9 nasconderti\u201d","og_url":"https:\/\/staging.varesenews.it\/2006\/02\/un-cineforum-per-l-integrazione-razziale\/258846\/","og_site_name":"VareseNews","article_publisher":"https:\/\/www.facebook.com\/varesenews","article_published_time":"2006-02-09T00:00:00+00:00","author":"Redazione VareseNews","twitter_card":"summary_large_image","twitter_creator":"@varesenews","twitter_site":"@varesenews","twitter_misc":{"Scritto da":"Redazione VareseNews","Tempo di lettura stimato":"1 minuto"},"schema":{"@context":"https:\/\/schema.org","@graph":[{"@type":"WebPage","@id":"https:\/\/staging.varesenews.it\/2006\/02\/un-cineforum-per-l-integrazione-razziale\/258846\/","url":"https:\/\/staging.varesenews.it\/2006\/02\/un-cineforum-per-l-integrazione-razziale\/258846\/","name":"Un cineforum per l\u2019integrazione razziale","isPartOf":{"@id":"https:\/\/staging.varesenews.it\/#website"},"datePublished":"2006-02-09T00:00:00+00:00","dateModified":"2006-02-09T00:00:00+00:00","author":{"@id":"https:\/\/staging.varesenews.it\/#\/schema\/person\/fb20c4da0b7b16c291707a20db73e169"},"description":"Prende il via gioved\u00ec sera la singolare iniziativa di Missione Giovani. Film in programma: \u201cIl buio oltre la siepe\u201d e \u201cQuando sei nato non puoi pi\u00f9 nasconderti\u201d","breadcrumb":{"@id":"https:\/\/staging.varesenews.it\/2006\/02\/un-cineforum-per-l-integrazione-razziale\/258846\/#breadcrumb"},"inLanguage":"it-IT","potentialAction":[{"@type":"ReadAction","target":["https:\/\/staging.varesenews.it\/2006\/02\/un-cineforum-per-l-integrazione-razziale\/258846\/"]}]},{"@type":"BreadcrumbList","@id":"https:\/\/staging.varesenews.it\/2006\/02\/un-cineforum-per-l-integrazione-razziale\/258846\/#breadcrumb","itemListElement":[{"@type":"ListItem","position":1,"name":"Home","item":"https:\/\/www.varesenews.it\/"},{"@type":"ListItem","position":2,"name":"Un cineforum per l\u2019integrazione razziale"}]},{"@type":"WebSite","@id":"https:\/\/staging.varesenews.it\/#website","url":"https:\/\/staging.varesenews.it\/","name":"VareseNews","description":"","potentialAction":[{"@type":"SearchAction","target":{"@type":"EntryPoint","urlTemplate":"https:\/\/staging.varesenews.it\/?s={search_term_string}"},"query-input":"required name=search_term_string"}],"inLanguage":"it-IT"},{"@type":"Person","@id":"https:\/\/staging.varesenews.it\/#\/schema\/person\/fb20c4da0b7b16c291707a20db73e169","name":"Redazione VareseNews","image":{"@type":"ImageObject","inLanguage":"it-IT","@id":"https:\/\/staging.varesenews.it\/#\/schema\/person\/image\/","url":"https:\/\/staging.varesenews.it\/wp-content\/uploads\/2020\/12\/logo_VN_colori_500.png","contentUrl":"https:\/\/staging.varesenews.it\/wp-content\/uploads\/2020\/12\/logo_VN_colori_500.png","caption":"Redazione VareseNews"},"url":"https:\/\/staging.varesenews.it\/persona\/redazione1\/"}]}},"post_meta":{"id_old":"43030","argomento":"Varese"},"photos":[],"_links":{"self":[{"href":"https:\/\/staging.varesenews.it\/swgapi\/v1\/wp\/v2\/posts\/258846"}],"collection":[{"href":"https:\/\/staging.varesenews.it\/swgapi\/v1\/wp\/v2\/posts"}],"about":[{"href":"https:\/\/staging.varesenews.it\/swgapi\/v1\/wp\/v2\/types\/post"}],"author":[{"embeddable":true,"href":"https:\/\/staging.varesenews.it\/swgapi\/v1\/wp\/v2\/users\/10"}],"replies":[{"embeddable":true,"href":"https:\/\/staging.varesenews.it\/swgapi\/v1\/wp\/v2\/comments?post=258846"}],"version-history":[{"count":0,"href":"https:\/\/staging.varesenews.it\/swgapi\/v1\/wp\/v2\/posts\/258846\/revisions"}],"wp:attachment":[{"href":"https:\/\/staging.varesenews.it\/swgapi\/v1\/wp\/v2\/media?parent=258846"}],"wp:term":[{"taxonomy":"category","embeddable":true,"href":"https:\/\/staging.varesenews.it\/swgapi\/v1\/wp\/v2\/categories?post=258846"},{"taxonomy":"post_tag","embeddable":true,"href":"https:\/\/staging.varesenews.it\/swgapi\/v1\/wp\/v2\/tags?post=258846"}],"curies":[{"name":"wp","href":"https:\/\/api.w.org\/{rel}","templated":true}]}}