{"id":258935,"date":"2006-02-08T00:00:00","date_gmt":"2006-02-08T00:00:00","guid":{"rendered":""},"modified":"2006-02-08T00:00:00","modified_gmt":"2006-02-08T00:00:00","slug":"telegramma-addio-non-in-italia","status":"publish","type":"post","link":"https:\/\/staging.varesenews.it\/2006\/02\/telegramma-addio-non-in-italia\/258935\/","title":{"rendered":"Telegramma addio? Non in Italia"},"content":{"rendered":"<p><font face=\"arial,helvetica,sans-serif\"><img decoding=\"async\" hspace=\"3\" src=\"https:\/\/www3.varesenews.it\/immagini_articoli\/200602\/Telegramma.jpg\" align=\"left\" vspace=\"3\" border=\"1\" \/>\u00c8 di pochi giorni fa la decisione della compagnia americana\u00a0<strong>Western Union <\/strong>di sospendere definitivamente il servizio telegrammi.\u00a0Dal 27 gennaio 2006 infatti, la voce &quot;<strong><a href=\"http:\/\/www.westernunion.com\/info\/osTelegram.asp\">telegrams<\/a><\/strong>&quot; sul sito della societ\u00e0 rimanda direttamente\u00a0ad un cortese &quot;Ci scusiamo per i disagi e ringraziamo la nostra fedele clientela&quot;. <\/font><\/p>\n<p><font face=\"arial,helvetica,sans-serif\">Ma se a livello internazinoale\u00a0la scelta di\u00a0decretare il tramonto dell&#8217;invenzione di <strong>Samuel Morse<\/strong> \u00e8 stata interpretata come la fine di un&#8217;era, in Italia si va controcorrente e si rilancia: \u201cPoste Italiane non chiude il telegramma, anzi lavora una versione semplificata del servizio ondine che verr\u00e0 presentata nel prossimo mese\u201d. <\/font><\/p>\n<p><font face=\"arial,helvetica,sans-serif\">Telefono, fax e mail, anche se pi\u00f9 comodi e\u00a0veloci, non\u00a0bastano dunque a gettar via il vecchio telegramma che rimane e si rinnova:\u00a0\u00e8 possibile infatti effettuare\u00a0fino a 8 invii contemporaneamente, di utilizzare una rubrica, di riportare la lista dei destinatari nel testo e di inserire gratuitamente il proprio indirizzo.<\/font><\/p>\n<p><span style=\"FONT-SIZE: 12pt; FONT-FAMILY: \"><font face=\"arial,helvetica,sans-serif\">\u00abNel nostro Paese \u2013 ha dichiarato l\u2019amministratore delegato <strong>Massimo Sarmi<\/strong> \u2013 non c\u2019\u00e8 alcun motivo di interrompere il servizio di telegramma. Per gli italiani resta un mezzo utile sia per le comunicazioni legali sia in tutti i casi in cui \u00e8 necessaria la velocit\u00e0 della consegna. Il nostro obiettivo non \u00e8 abolirlo ma piuttosto ampliare le modalit\u00e0 di fruizione del servizio. Infatti diventa sempre pi\u00f9 elettronico: negli oltre 17 milioni di invii effettuati nel 2005 circa il 10 per cento \u00e8 avvenuto direttamente on line\u00bb. <\/font><\/span><\/p>\n<p><span style=\"FONT-SIZE: 12pt; FONT-FAMILY: \"><font face=\"arial,helvetica,sans-serif\">Il telegramma online \u00e8 disponibile sul sito delle\u00a0<strong><a href=\"www.poste.it\">Poste Italiane<\/a><\/strong>, 24 ore su 24, per tutti gli utenti registrati e il pagamento pu\u00f2 essere effettuato con carta di credito (Mastercard e Visa) o con prepagata Postepay. Dopo la spedizione del Telegramma online, nella casella di posta elettronica Postemail del mittente \u00e8 inviato il testo e il codice di accettazione che serve per chiedere informazioni al Call Center di Poste Italiane.<\/font><\/span><\/p>\n<p><span style=\"FONT-SIZE: 12pt; FONT-FAMILY: \"><font face=\"arial,helvetica,sans-serif\">Per le imprese e la pubblica amministrazione sono state realizzate inoltre due modalit\u00e0 di fruizione del servizio: attraverso il portale <\/font><span style=\"COLOR: windowtext; TEXT-DECORATION: none; text-underline: none\"><font face=\"arial,helvetica,sans-serif\"><a href=\"http:\/\/www.posteweb.it\/\">www.posteweb.it<\/a>\u00a0<\/font><\/span><font face=\"arial,helvetica,sans-serif\"> oppure tramite un applicativo che consente di inviare direttamente dai pc aziendali i telegrammi (e le raccomandate) al Centro di Accettazione di Poste Italiane. <\/font><\/span><\/p>\n","protected":false},"excerpt":{"rendered":"<p>La Western Union chiude il servizio ma Poste Italiane va controcorrente e rilancia la versione on line<\/p>\n","protected":false},"author":10,"featured_media":0,"comment_status":"open","ping_status":"open","sticky":false,"template":"","format":"standard","meta":{"footnotes":""},"categories":[9],"tags":[],"acf":[],"yoast_head":"<!-- This site is optimized with the Yoast SEO plugin v20.1 - https:\/\/yoast.com\/wordpress\/plugins\/seo\/ -->\n<title>Telegramma addio? Non in Italia<\/title>\n<meta name=\"description\" content=\"La Western Union chiude il servizio ma Poste Italiane va controcorrente e rilancia la versione on line\" \/>\n<meta name=\"robots\" content=\"noindex, follow, max-snippet:-1, max-image-preview:large, max-video-preview:-1\" \/>\n<meta property=\"og:locale\" content=\"it_IT\" \/>\n<meta property=\"og:type\" content=\"article\" \/>\n<meta property=\"og:title\" content=\"Telegramma addio? Non in Italia\" \/>\n<meta property=\"og:description\" content=\"La Western Union chiude il servizio ma Poste Italiane va controcorrente e rilancia la versione on line\" \/>\n<meta property=\"og:url\" content=\"https:\/\/staging.varesenews.it\/2006\/02\/telegramma-addio-non-in-italia\/258935\/\" \/>\n<meta property=\"og:site_name\" content=\"VareseNews\" \/>\n<meta property=\"article:publisher\" content=\"https:\/\/www.facebook.com\/varesenews\" \/>\n<meta property=\"article:published_time\" content=\"2006-02-08T00:00:00+00:00\" \/>\n<meta property=\"og:image\" content=\"https:\/\/www3.varesenews.it\/immagini_articoli\/200602\/Telegramma.jpg\" \/>\n<meta name=\"author\" content=\"Redazione VareseNews\" \/>\n<meta name=\"twitter:card\" content=\"summary_large_image\" \/>\n<meta name=\"twitter:creator\" content=\"@varesenews\" \/>\n<meta name=\"twitter:site\" content=\"@varesenews\" \/>\n<meta name=\"twitter:label1\" content=\"Scritto da\" \/>\n\t<meta name=\"twitter:data1\" content=\"Redazione VareseNews\" \/>\n\t<meta name=\"twitter:label2\" content=\"Tempo di lettura stimato\" \/>\n\t<meta name=\"twitter:data2\" content=\"2 minuti\" \/>\n<script type=\"application\/ld+json\" class=\"yoast-schema-graph\">{\"@context\":\"https:\/\/schema.org\",\"@graph\":[{\"@type\":\"WebPage\",\"@id\":\"https:\/\/staging.varesenews.it\/2006\/02\/telegramma-addio-non-in-italia\/258935\/\",\"url\":\"https:\/\/staging.varesenews.it\/2006\/02\/telegramma-addio-non-in-italia\/258935\/\",\"name\":\"Telegramma addio? Non in Italia\",\"isPartOf\":{\"@id\":\"https:\/\/staging.varesenews.it\/#website\"},\"datePublished\":\"2006-02-08T00:00:00+00:00\",\"dateModified\":\"2006-02-08T00:00:00+00:00\",\"author\":{\"@id\":\"https:\/\/staging.varesenews.it\/#\/schema\/person\/fb20c4da0b7b16c291707a20db73e169\"},\"description\":\"La Western Union chiude il servizio ma Poste Italiane va controcorrente e rilancia la versione on line\",\"breadcrumb\":{\"@id\":\"https:\/\/staging.varesenews.it\/2006\/02\/telegramma-addio-non-in-italia\/258935\/#breadcrumb\"},\"inLanguage\":\"it-IT\",\"potentialAction\":[{\"@type\":\"ReadAction\",\"target\":[\"https:\/\/staging.varesenews.it\/2006\/02\/telegramma-addio-non-in-italia\/258935\/\"]}]},{\"@type\":\"BreadcrumbList\",\"@id\":\"https:\/\/staging.varesenews.it\/2006\/02\/telegramma-addio-non-in-italia\/258935\/#breadcrumb\",\"itemListElement\":[{\"@type\":\"ListItem\",\"position\":1,\"name\":\"Home\",\"item\":\"https:\/\/www.varesenews.it\/\"},{\"@type\":\"ListItem\",\"position\":2,\"name\":\"Telegramma addio? Non in Italia\"}]},{\"@type\":\"WebSite\",\"@id\":\"https:\/\/staging.varesenews.it\/#website\",\"url\":\"https:\/\/staging.varesenews.it\/\",\"name\":\"VareseNews\",\"description\":\"\",\"potentialAction\":[{\"@type\":\"SearchAction\",\"target\":{\"@type\":\"EntryPoint\",\"urlTemplate\":\"https:\/\/staging.varesenews.it\/?s={search_term_string}\"},\"query-input\":\"required name=search_term_string\"}],\"inLanguage\":\"it-IT\"},{\"@type\":\"Person\",\"@id\":\"https:\/\/staging.varesenews.it\/#\/schema\/person\/fb20c4da0b7b16c291707a20db73e169\",\"name\":\"Redazione VareseNews\",\"image\":{\"@type\":\"ImageObject\",\"inLanguage\":\"it-IT\",\"@id\":\"https:\/\/staging.varesenews.it\/#\/schema\/person\/image\/\",\"url\":\"https:\/\/staging.varesenews.it\/wp-content\/uploads\/2020\/12\/logo_VN_colori_500.png\",\"contentUrl\":\"https:\/\/staging.varesenews.it\/wp-content\/uploads\/2020\/12\/logo_VN_colori_500.png\",\"caption\":\"Redazione VareseNews\"},\"url\":\"https:\/\/staging.varesenews.it\/persona\/redazione1\/\"}]}<\/script>\n<!-- \/ Yoast SEO plugin. -->","yoast_head_json":{"title":"Telegramma addio? Non in Italia","description":"La Western Union chiude il servizio ma Poste Italiane va controcorrente e rilancia la versione on line","robots":{"index":"noindex","follow":"follow","max-snippet":"max-snippet:-1","max-image-preview":"max-image-preview:large","max-video-preview":"max-video-preview:-1"},"og_locale":"it_IT","og_type":"article","og_title":"Telegramma addio? Non in Italia","og_description":"La Western Union chiude il servizio ma Poste Italiane va controcorrente e rilancia la versione on line","og_url":"https:\/\/staging.varesenews.it\/2006\/02\/telegramma-addio-non-in-italia\/258935\/","og_site_name":"VareseNews","article_publisher":"https:\/\/www.facebook.com\/varesenews","article_published_time":"2006-02-08T00:00:00+00:00","og_image":[{"url":"https:\/\/www3.varesenews.it\/immagini_articoli\/200602\/Telegramma.jpg"}],"author":"Redazione VareseNews","twitter_card":"summary_large_image","twitter_creator":"@varesenews","twitter_site":"@varesenews","twitter_misc":{"Scritto da":"Redazione VareseNews","Tempo di lettura stimato":"2 minuti"},"schema":{"@context":"https:\/\/schema.org","@graph":[{"@type":"WebPage","@id":"https:\/\/staging.varesenews.it\/2006\/02\/telegramma-addio-non-in-italia\/258935\/","url":"https:\/\/staging.varesenews.it\/2006\/02\/telegramma-addio-non-in-italia\/258935\/","name":"Telegramma addio? Non in Italia","isPartOf":{"@id":"https:\/\/staging.varesenews.it\/#website"},"datePublished":"2006-02-08T00:00:00+00:00","dateModified":"2006-02-08T00:00:00+00:00","author":{"@id":"https:\/\/staging.varesenews.it\/#\/schema\/person\/fb20c4da0b7b16c291707a20db73e169"},"description":"La Western Union chiude il servizio ma Poste Italiane va controcorrente e rilancia la versione on line","breadcrumb":{"@id":"https:\/\/staging.varesenews.it\/2006\/02\/telegramma-addio-non-in-italia\/258935\/#breadcrumb"},"inLanguage":"it-IT","potentialAction":[{"@type":"ReadAction","target":["https:\/\/staging.varesenews.it\/2006\/02\/telegramma-addio-non-in-italia\/258935\/"]}]},{"@type":"BreadcrumbList","@id":"https:\/\/staging.varesenews.it\/2006\/02\/telegramma-addio-non-in-italia\/258935\/#breadcrumb","itemListElement":[{"@type":"ListItem","position":1,"name":"Home","item":"https:\/\/www.varesenews.it\/"},{"@type":"ListItem","position":2,"name":"Telegramma addio? Non in Italia"}]},{"@type":"WebSite","@id":"https:\/\/staging.varesenews.it\/#website","url":"https:\/\/staging.varesenews.it\/","name":"VareseNews","description":"","potentialAction":[{"@type":"SearchAction","target":{"@type":"EntryPoint","urlTemplate":"https:\/\/staging.varesenews.it\/?s={search_term_string}"},"query-input":"required name=search_term_string"}],"inLanguage":"it-IT"},{"@type":"Person","@id":"https:\/\/staging.varesenews.it\/#\/schema\/person\/fb20c4da0b7b16c291707a20db73e169","name":"Redazione VareseNews","image":{"@type":"ImageObject","inLanguage":"it-IT","@id":"https:\/\/staging.varesenews.it\/#\/schema\/person\/image\/","url":"https:\/\/staging.varesenews.it\/wp-content\/uploads\/2020\/12\/logo_VN_colori_500.png","contentUrl":"https:\/\/staging.varesenews.it\/wp-content\/uploads\/2020\/12\/logo_VN_colori_500.png","caption":"Redazione VareseNews"},"url":"https:\/\/staging.varesenews.it\/persona\/redazione1\/"}]}},"post_meta":{"id_old":"42919","argomento":"Milano","autore_old":"m.c.c."},"photos":[],"_links":{"self":[{"href":"https:\/\/staging.varesenews.it\/swgapi\/v1\/wp\/v2\/posts\/258935"}],"collection":[{"href":"https:\/\/staging.varesenews.it\/swgapi\/v1\/wp\/v2\/posts"}],"about":[{"href":"https:\/\/staging.varesenews.it\/swgapi\/v1\/wp\/v2\/types\/post"}],"author":[{"embeddable":true,"href":"https:\/\/staging.varesenews.it\/swgapi\/v1\/wp\/v2\/users\/10"}],"replies":[{"embeddable":true,"href":"https:\/\/staging.varesenews.it\/swgapi\/v1\/wp\/v2\/comments?post=258935"}],"version-history":[{"count":0,"href":"https:\/\/staging.varesenews.it\/swgapi\/v1\/wp\/v2\/posts\/258935\/revisions"}],"wp:attachment":[{"href":"https:\/\/staging.varesenews.it\/swgapi\/v1\/wp\/v2\/media?parent=258935"}],"wp:term":[{"taxonomy":"category","embeddable":true,"href":"https:\/\/staging.varesenews.it\/swgapi\/v1\/wp\/v2\/categories?post=258935"},{"taxonomy":"post_tag","embeddable":true,"href":"https:\/\/staging.varesenews.it\/swgapi\/v1\/wp\/v2\/tags?post=258935"}],"curies":[{"name":"wp","href":"https:\/\/api.w.org\/{rel}","templated":true}]}}