{"id":258966,"date":"2006-02-07T00:00:00","date_gmt":"2006-02-07T00:00:00","guid":{"rendered":""},"modified":"2006-02-07T00:00:00","modified_gmt":"2006-02-07T00:00:00","slug":"a-seminar-vento-arriva-la-tempesta","status":"publish","type":"post","link":"https:\/\/staging.varesenews.it\/2006\/02\/a-seminar-vento-arriva-la-tempesta\/258966\/","title":{"rendered":"A seminar vento arriva la tempesta"},"content":{"rendered":"<p>Non ci siamo occupati delle vignette danesi sull\u2019Islam. Non \u00e8 stata vigliaccheria. Siamo solo un giornale locale, ma siamo preoccupati come tutti. Ha ragione Alessandro Vedani quando dice che \u201cbruciare auto e distruggere scuole nelle periferie francesi, sfasciare ambasciate e sparare ai preti non \u00e8 proprio quello che si dice civilt\u00e0\u2026\u201d. Cercare cause e giustificazioni non ci porterebbe da nessuna parte, ma anche continuare a parlare di scontro tra civilt\u00e0 a cosa serve? La grandezza di una societ\u00e0 \u00e8 legata alla sua storia, alle sue tradizioni, ai suoi valori, ma anche alla sua capacit\u00e0 di accoglienza, di condivisione. Quando tutto questo viene messo in discussione o minacciato occorre riflettere sulle ragioni e cercare tutti quei fili che possano riannodare un tessuto e non operare ulteriori strappi.<br \/>\nQuanto sta succedendo con l\u2019Islam non \u00e8 tutto assimilabile in un unico contenitore. Diversi sono i fenomeni e diverse le situazioni. La storia dovrebbe esserci di grande aiuto perch\u00e9, seppur in condizioni diverse, le paure che oggi alcuni paventano sono le certezze su quello che in passato \u00e8 stato gi\u00e0 fatto. E non dall\u2019Islam!<br \/>\nCerto non si pu\u00f2 restare impassibili, ma non ci serve n\u00e9 la propaganda, n\u00e9 stare a rinfacciarsi la solita cantilena \u201cvoi della sinistra, voi della destra\u201d. Occorre tenere ben saldi i nervi e lavorare per smussare angoli e non per trovare altre taniche di benzina.<br \/>\nAlessandro Vedani \u00e8 un bravo sindaco e un dirigente serio della Lega. I suoi \u201crimproveri\u201d fanno piacere perch\u00e9 leggono la realt\u00e0 con altre lenti e un giornale deve sempre essere aperto e attento a tutte le voci. Questo periodo per\u00f2 per persone come Vedani non deve esser facile stare nella Lega. Verrebbe anche qui troppo facile scrivere di quello che abbiamo visto in teatro l\u2019altro giorno. Il livore verso l\u2019Italia, un ministro costretto a rincorrere chi vorrebbe ancora la secessione e cos\u00ec via. Il direttore della Padania \u00e8 stato contestato violentemente non appena perch\u00e9 indossava una bandierina tricolore sulla felpa, ma perch\u00e9 troppo organico ai \u201ccolonnelli\u201d del partito. Nella Lega, quanti stanno facendo rifornimento di taniche di benzina, da usare a ogni buona occasione per ribadire la loro natura etnica, si sono ben organizzati e stanno portando un attacco diretto ai vertici del partito.<br \/>\nLe nostre riflessioni sulla Lega prendono spunto da fatti caro Vedani, non da acredine pregiudiziale. Oppure siete contenti di come siano finite le esperienze di governo di Varese e Busto? Comunque vadano le prossime elezioni, siamo a una svolta per il Carroccio. E prima o poi la Lega dovr\u00e0 pur affrontare la \u201cquestione Bossi\u201d o continuiamo a fare come nella storia del re nudo?<\/p>\n","protected":false},"excerpt":{"rendered":"<p>Non ci siamo occupati delle vignette danesi sull\u2019Islam. Non \u00e8 stata vigliaccheria. Siamo solo un giornale locale, ma siamo preoccupati<\/p>\n","protected":false},"author":10,"featured_media":0,"comment_status":"open","ping_status":"open","sticky":false,"template":"","format":"standard","meta":{"footnotes":""},"categories":[60],"tags":[],"acf":[],"yoast_head":"<!-- This site is optimized with the Yoast SEO plugin v20.1 - https:\/\/yoast.com\/wordpress\/plugins\/seo\/ -->\n<title>A seminar vento arriva la tempesta<\/title>\n<meta name=\"description\" content=\"Non ci siamo occupati delle vignette danesi sull\u2019Islam. Non \u00e8 stata vigliaccheria. Siamo solo un giornale locale, ma siamo preoccupati come tutti. Ha\" \/>\n<meta name=\"robots\" content=\"noindex, follow, max-snippet:-1, max-image-preview:large, max-video-preview:-1\" \/>\n<meta property=\"og:locale\" content=\"it_IT\" \/>\n<meta property=\"og:type\" content=\"article\" \/>\n<meta property=\"og:title\" content=\"A seminar vento arriva la tempesta\" \/>\n<meta property=\"og:description\" content=\"Non ci siamo occupati delle vignette danesi sull\u2019Islam. Non \u00e8 stata vigliaccheria. Siamo solo un giornale locale, ma siamo preoccupati come tutti. Ha\" \/>\n<meta property=\"og:url\" content=\"https:\/\/staging.varesenews.it\/2006\/02\/a-seminar-vento-arriva-la-tempesta\/258966\/\" \/>\n<meta property=\"og:site_name\" content=\"VareseNews\" \/>\n<meta property=\"article:publisher\" content=\"https:\/\/www.facebook.com\/varesenews\" \/>\n<meta property=\"article:published_time\" content=\"2006-02-07T00:00:00+00:00\" \/>\n<meta name=\"author\" content=\"Redazione VareseNews\" \/>\n<meta name=\"twitter:card\" content=\"summary_large_image\" \/>\n<meta name=\"twitter:creator\" content=\"@varesenews\" \/>\n<meta name=\"twitter:site\" content=\"@varesenews\" \/>\n<meta name=\"twitter:label1\" content=\"Scritto da\" \/>\n\t<meta name=\"twitter:data1\" content=\"Redazione VareseNews\" \/>\n\t<meta name=\"twitter:label2\" content=\"Tempo di lettura stimato\" \/>\n\t<meta name=\"twitter:data2\" content=\"2 minuti\" \/>\n<script type=\"application\/ld+json\" class=\"yoast-schema-graph\">{\"@context\":\"https:\/\/schema.org\",\"@graph\":[{\"@type\":\"WebPage\",\"@id\":\"https:\/\/staging.varesenews.it\/2006\/02\/a-seminar-vento-arriva-la-tempesta\/258966\/\",\"url\":\"https:\/\/staging.varesenews.it\/2006\/02\/a-seminar-vento-arriva-la-tempesta\/258966\/\",\"name\":\"A seminar vento arriva la tempesta\",\"isPartOf\":{\"@id\":\"https:\/\/staging.varesenews.it\/#website\"},\"datePublished\":\"2006-02-07T00:00:00+00:00\",\"dateModified\":\"2006-02-07T00:00:00+00:00\",\"author\":{\"@id\":\"https:\/\/staging.varesenews.it\/#\/schema\/person\/fb20c4da0b7b16c291707a20db73e169\"},\"description\":\"Non ci siamo occupati delle vignette danesi sull\u2019Islam. Non \u00e8 stata vigliaccheria. Siamo solo un giornale locale, ma siamo preoccupati come tutti. Ha\",\"breadcrumb\":{\"@id\":\"https:\/\/staging.varesenews.it\/2006\/02\/a-seminar-vento-arriva-la-tempesta\/258966\/#breadcrumb\"},\"inLanguage\":\"it-IT\",\"potentialAction\":[{\"@type\":\"ReadAction\",\"target\":[\"https:\/\/staging.varesenews.it\/2006\/02\/a-seminar-vento-arriva-la-tempesta\/258966\/\"]}]},{\"@type\":\"BreadcrumbList\",\"@id\":\"https:\/\/staging.varesenews.it\/2006\/02\/a-seminar-vento-arriva-la-tempesta\/258966\/#breadcrumb\",\"itemListElement\":[{\"@type\":\"ListItem\",\"position\":1,\"name\":\"Home\",\"item\":\"https:\/\/www.varesenews.it\/\"},{\"@type\":\"ListItem\",\"position\":2,\"name\":\"A seminar vento arriva la tempesta\"}]},{\"@type\":\"WebSite\",\"@id\":\"https:\/\/staging.varesenews.it\/#website\",\"url\":\"https:\/\/staging.varesenews.it\/\",\"name\":\"VareseNews\",\"description\":\"\",\"potentialAction\":[{\"@type\":\"SearchAction\",\"target\":{\"@type\":\"EntryPoint\",\"urlTemplate\":\"https:\/\/staging.varesenews.it\/?s={search_term_string}\"},\"query-input\":\"required name=search_term_string\"}],\"inLanguage\":\"it-IT\"},{\"@type\":\"Person\",\"@id\":\"https:\/\/staging.varesenews.it\/#\/schema\/person\/fb20c4da0b7b16c291707a20db73e169\",\"name\":\"Redazione VareseNews\",\"image\":{\"@type\":\"ImageObject\",\"inLanguage\":\"it-IT\",\"@id\":\"https:\/\/staging.varesenews.it\/#\/schema\/person\/image\/\",\"url\":\"https:\/\/staging.varesenews.it\/wp-content\/uploads\/2020\/12\/logo_VN_colori_500.png\",\"contentUrl\":\"https:\/\/staging.varesenews.it\/wp-content\/uploads\/2020\/12\/logo_VN_colori_500.png\",\"caption\":\"Redazione VareseNews\"},\"url\":\"https:\/\/staging.varesenews.it\/persona\/redazione1\/\"}]}<\/script>\n<!-- \/ Yoast SEO plugin. -->","yoast_head_json":{"title":"A seminar vento arriva la tempesta","description":"Non ci siamo occupati delle vignette danesi sull\u2019Islam. Non \u00e8 stata vigliaccheria. Siamo solo un giornale locale, ma siamo preoccupati come tutti. Ha","robots":{"index":"noindex","follow":"follow","max-snippet":"max-snippet:-1","max-image-preview":"max-image-preview:large","max-video-preview":"max-video-preview:-1"},"og_locale":"it_IT","og_type":"article","og_title":"A seminar vento arriva la tempesta","og_description":"Non ci siamo occupati delle vignette danesi sull\u2019Islam. Non \u00e8 stata vigliaccheria. Siamo solo un giornale locale, ma siamo preoccupati come tutti. Ha","og_url":"https:\/\/staging.varesenews.it\/2006\/02\/a-seminar-vento-arriva-la-tempesta\/258966\/","og_site_name":"VareseNews","article_publisher":"https:\/\/www.facebook.com\/varesenews","article_published_time":"2006-02-07T00:00:00+00:00","author":"Redazione VareseNews","twitter_card":"summary_large_image","twitter_creator":"@varesenews","twitter_site":"@varesenews","twitter_misc":{"Scritto da":"Redazione VareseNews","Tempo di lettura stimato":"2 minuti"},"schema":{"@context":"https:\/\/schema.org","@graph":[{"@type":"WebPage","@id":"https:\/\/staging.varesenews.it\/2006\/02\/a-seminar-vento-arriva-la-tempesta\/258966\/","url":"https:\/\/staging.varesenews.it\/2006\/02\/a-seminar-vento-arriva-la-tempesta\/258966\/","name":"A seminar vento arriva la tempesta","isPartOf":{"@id":"https:\/\/staging.varesenews.it\/#website"},"datePublished":"2006-02-07T00:00:00+00:00","dateModified":"2006-02-07T00:00:00+00:00","author":{"@id":"https:\/\/staging.varesenews.it\/#\/schema\/person\/fb20c4da0b7b16c291707a20db73e169"},"description":"Non ci siamo occupati delle vignette danesi sull\u2019Islam. Non \u00e8 stata vigliaccheria. Siamo solo un giornale locale, ma siamo preoccupati come tutti. Ha","breadcrumb":{"@id":"https:\/\/staging.varesenews.it\/2006\/02\/a-seminar-vento-arriva-la-tempesta\/258966\/#breadcrumb"},"inLanguage":"it-IT","potentialAction":[{"@type":"ReadAction","target":["https:\/\/staging.varesenews.it\/2006\/02\/a-seminar-vento-arriva-la-tempesta\/258966\/"]}]},{"@type":"BreadcrumbList","@id":"https:\/\/staging.varesenews.it\/2006\/02\/a-seminar-vento-arriva-la-tempesta\/258966\/#breadcrumb","itemListElement":[{"@type":"ListItem","position":1,"name":"Home","item":"https:\/\/www.varesenews.it\/"},{"@type":"ListItem","position":2,"name":"A seminar vento arriva la tempesta"}]},{"@type":"WebSite","@id":"https:\/\/staging.varesenews.it\/#website","url":"https:\/\/staging.varesenews.it\/","name":"VareseNews","description":"","potentialAction":[{"@type":"SearchAction","target":{"@type":"EntryPoint","urlTemplate":"https:\/\/staging.varesenews.it\/?s={search_term_string}"},"query-input":"required name=search_term_string"}],"inLanguage":"it-IT"},{"@type":"Person","@id":"https:\/\/staging.varesenews.it\/#\/schema\/person\/fb20c4da0b7b16c291707a20db73e169","name":"Redazione VareseNews","image":{"@type":"ImageObject","inLanguage":"it-IT","@id":"https:\/\/staging.varesenews.it\/#\/schema\/person\/image\/","url":"https:\/\/staging.varesenews.it\/wp-content\/uploads\/2020\/12\/logo_VN_colori_500.png","contentUrl":"https:\/\/staging.varesenews.it\/wp-content\/uploads\/2020\/12\/logo_VN_colori_500.png","caption":"Redazione VareseNews"},"url":"https:\/\/staging.varesenews.it\/persona\/redazione1\/"}]}},"post_meta":{"id_old":"42879","autore_old":"Marco Giovannelli"},"photos":[],"_links":{"self":[{"href":"https:\/\/staging.varesenews.it\/swgapi\/v1\/wp\/v2\/posts\/258966"}],"collection":[{"href":"https:\/\/staging.varesenews.it\/swgapi\/v1\/wp\/v2\/posts"}],"about":[{"href":"https:\/\/staging.varesenews.it\/swgapi\/v1\/wp\/v2\/types\/post"}],"author":[{"embeddable":true,"href":"https:\/\/staging.varesenews.it\/swgapi\/v1\/wp\/v2\/users\/10"}],"replies":[{"embeddable":true,"href":"https:\/\/staging.varesenews.it\/swgapi\/v1\/wp\/v2\/comments?post=258966"}],"version-history":[{"count":0,"href":"https:\/\/staging.varesenews.it\/swgapi\/v1\/wp\/v2\/posts\/258966\/revisions"}],"wp:attachment":[{"href":"https:\/\/staging.varesenews.it\/swgapi\/v1\/wp\/v2\/media?parent=258966"}],"wp:term":[{"taxonomy":"category","embeddable":true,"href":"https:\/\/staging.varesenews.it\/swgapi\/v1\/wp\/v2\/categories?post=258966"},{"taxonomy":"post_tag","embeddable":true,"href":"https:\/\/staging.varesenews.it\/swgapi\/v1\/wp\/v2\/tags?post=258966"}],"curies":[{"name":"wp","href":"https:\/\/api.w.org\/{rel}","templated":true}]}}