{"id":259950,"date":"2001-12-20T00:00:00","date_gmt":"2001-12-20T00:00:00","guid":{"rendered":""},"modified":"2001-12-20T00:00:00","modified_gmt":"2001-12-20T00:00:00","slug":"un-piano-per-l-abbattimento-delle-barriere-architettoniche","status":"publish","type":"post","link":"https:\/\/staging.varesenews.it\/2001\/12\/un-piano-per-l-abbattimento-delle-barriere-architettoniche\/259950\/","title":{"rendered":"Un piano per l\u2019abbattimento delle barriere architettoniche"},"content":{"rendered":"<table height=\"125\" cellspacing=\"6\" cellpadding=\"0\" width=\"99%\" border=\"0\">\n<tbody>\n<tr>\n<td width=\"100%\" height=\"1\"><font face=\"Arial\" color=\"#000000\">Un piano per lo studio dell\u2019abbattimento delle barriere architettoniche. \u00c9 quello che sta redigendo l\u2019ufficio tecnico del comune per far fronte a tutti quelli che sono i piccoli ostacoli per i disabili, come la mancanza di rampe per i marciapiedi. Un vero censimento delle strutture che nel tempo dovrebbe essere consultato per qualsiasi ristrutturazione o costruzione, in maniera tale da poter intervenire senza dimenticare di mettere mano anche a questo tipo di interventi. Il documento si \u00e8 reso necessario anche in base alla segnalazione di alcuni cittadini disabili sull\u2019attuale situazione del paese. <\/p>\n<p>&quot;L\u2019idea di realizzare questo documento \u00e8 venuta in mente quando abbiamo lavorato sulla riqualificazione del Pratone \u2013 spiega l\u2019assessore all\u2019urbanistica David Antognazza. Per disabile dobbiamo considerare anche chi si trova temporaneamente con una ridotta capacit\u00e0 di movimento. Anche in quest\u2019ottica stiamo costruendo questo piano. Volevamo capire un po\u2019 su tutto il territorio come rendere fruibile per tutti l\u2019intero paese&quot;.<\/p>\n<p>Abbattere le barriere architettoniche su tutta Venegono Superiore \u00e8 un\u2019opera alquanto utopica. Per questo motivo l\u2019architetto Bombelli, la responsabile del progetto, ha individuato un\u2019asse principale su cui, per ora lavorare maggiormente: &quot;La nostra riflessione si colloca sul piano gi\u00e0 esistente, che \u00e8 il piano delle barriere architettoniche. Noi lo abbiamo chiamato una sorta di aggiornamento per la disabilit\u00e0 e l\u2019utenza ampliata, dal disabile all\u2019anziano e alla mamma con la carrozzina&quot;. \u00c8 cos\u00ec stato individuato un percorso sul quale si organizza la vita nella citt\u00e0; percorso che parte dalla stazione, passando per Piazza Monte Grappa, Piazza san Giorgio, il Parco Pratone, Santa Maria, fino ad arrivare al cimitero al confine con Venegono Inferiore. Secondo Antognazza, &quot;questo \u00e8 l\u2019asse sul quale si basa la vita del paese e che tocca tutti gli edifici e i posti maggiormente frequentati dai cittadini&quot;.<\/p>\n<p>Si tratta quindi di una mappatura del territorio che va dal marciapiede che ha bisogno della rampa d\u2019accesso, all\u2019utilizzo per tutti delle piazze e dei parchi. Una vera e propria rilevazione generale che dar\u00e0 vita a un documento molto importante che in futuro dovr\u00e0 essere preso in esame per qualsiasi intervento pubblico. Intanto, l\u2019amministrazione sta gi\u00e0 attuando i primi lavori di abbattimento di queste piccole barriere, come si evince da nuovo progetto di riqualificazione del Pratone.<\/p>\n<p><\/font> <\/td>\n<\/tr>\n<tr>\n<td width=\"100%\" height=\"21\">\n<p align=\"right\"><a href=\"mailto:manuel@varesenews.it\"><font face=\"Arial\" color=\"#ff0000\" size=\"2\"><\/font><\/a><\/p>\n<\/td>\n<\/tr>\n<tr>\n<td width=\"100%\" height=\"21\"><\/td>\n<\/tr>\n<\/tbody>\n<\/table>\n","protected":false},"excerpt":{"rendered":"<p>Tramite l\u2019individuazione di un &#8220;percorso ideale&#8221;, si tratta di uno studio dedicato, che diverr\u00e0 un documento fondamentale per la ristrutturazione del paese<\/p>\n","protected":false},"author":10,"featured_media":0,"comment_status":"open","ping_status":"open","sticky":false,"template":"","format":"standard","meta":{"footnotes":""},"categories":[5],"tags":[],"acf":[],"yoast_head":"<!-- This site is optimized with the Yoast SEO plugin v20.1 - https:\/\/yoast.com\/wordpress\/plugins\/seo\/ -->\n<title>Un piano per l\u2019abbattimento delle barriere architettoniche<\/title>\n<meta name=\"description\" content=\"Tramite l\u2019individuazione di un &quot;percorso ideale&quot;, si tratta di uno studio dedicato, che diverr\u00e0 un documento fondamentale per la ristrutturazione del paese\" \/>\n<meta name=\"robots\" content=\"noindex, follow, max-snippet:-1, max-image-preview:large, max-video-preview:-1\" \/>\n<meta property=\"og:locale\" content=\"it_IT\" \/>\n<meta property=\"og:type\" content=\"article\" \/>\n<meta property=\"og:title\" content=\"Un piano per l\u2019abbattimento delle barriere architettoniche\" \/>\n<meta property=\"og:description\" content=\"Tramite l\u2019individuazione di un &quot;percorso ideale&quot;, si tratta di uno studio dedicato, che diverr\u00e0 un documento fondamentale per la ristrutturazione del paese\" \/>\n<meta property=\"og:url\" content=\"https:\/\/staging.varesenews.it\/2001\/12\/un-piano-per-l-abbattimento-delle-barriere-architettoniche\/259950\/\" \/>\n<meta property=\"og:site_name\" content=\"VareseNews\" \/>\n<meta property=\"article:publisher\" content=\"https:\/\/www.facebook.com\/varesenews\" \/>\n<meta property=\"article:published_time\" content=\"2001-12-20T00:00:00+00:00\" \/>\n<meta name=\"author\" content=\"Redazione VareseNews\" \/>\n<meta name=\"twitter:card\" content=\"summary_large_image\" \/>\n<meta name=\"twitter:creator\" content=\"@varesenews\" \/>\n<meta name=\"twitter:site\" content=\"@varesenews\" \/>\n<meta name=\"twitter:label1\" content=\"Scritto da\" \/>\n\t<meta name=\"twitter:data1\" content=\"Redazione VareseNews\" \/>\n\t<meta name=\"twitter:label2\" content=\"Tempo di lettura stimato\" \/>\n\t<meta name=\"twitter:data2\" content=\"2 minuti\" \/>\n<script type=\"application\/ld+json\" class=\"yoast-schema-graph\">{\"@context\":\"https:\/\/schema.org\",\"@graph\":[{\"@type\":\"WebPage\",\"@id\":\"https:\/\/staging.varesenews.it\/2001\/12\/un-piano-per-l-abbattimento-delle-barriere-architettoniche\/259950\/\",\"url\":\"https:\/\/staging.varesenews.it\/2001\/12\/un-piano-per-l-abbattimento-delle-barriere-architettoniche\/259950\/\",\"name\":\"Un piano per l\u2019abbattimento delle barriere architettoniche\",\"isPartOf\":{\"@id\":\"https:\/\/staging.varesenews.it\/#website\"},\"datePublished\":\"2001-12-20T00:00:00+00:00\",\"dateModified\":\"2001-12-20T00:00:00+00:00\",\"author\":{\"@id\":\"https:\/\/staging.varesenews.it\/#\/schema\/person\/fb20c4da0b7b16c291707a20db73e169\"},\"description\":\"Tramite l\u2019individuazione di un \\\"percorso ideale\\\", si tratta di uno studio dedicato, che diverr\u00e0 un documento fondamentale per la ristrutturazione del paese\",\"breadcrumb\":{\"@id\":\"https:\/\/staging.varesenews.it\/2001\/12\/un-piano-per-l-abbattimento-delle-barriere-architettoniche\/259950\/#breadcrumb\"},\"inLanguage\":\"it-IT\",\"potentialAction\":[{\"@type\":\"ReadAction\",\"target\":[\"https:\/\/staging.varesenews.it\/2001\/12\/un-piano-per-l-abbattimento-delle-barriere-architettoniche\/259950\/\"]}]},{\"@type\":\"BreadcrumbList\",\"@id\":\"https:\/\/staging.varesenews.it\/2001\/12\/un-piano-per-l-abbattimento-delle-barriere-architettoniche\/259950\/#breadcrumb\",\"itemListElement\":[{\"@type\":\"ListItem\",\"position\":1,\"name\":\"Home\",\"item\":\"https:\/\/www.varesenews.it\/\"},{\"@type\":\"ListItem\",\"position\":2,\"name\":\"Un piano per l\u2019abbattimento delle barriere architettoniche\"}]},{\"@type\":\"WebSite\",\"@id\":\"https:\/\/staging.varesenews.it\/#website\",\"url\":\"https:\/\/staging.varesenews.it\/\",\"name\":\"VareseNews\",\"description\":\"\",\"potentialAction\":[{\"@type\":\"SearchAction\",\"target\":{\"@type\":\"EntryPoint\",\"urlTemplate\":\"https:\/\/staging.varesenews.it\/?s={search_term_string}\"},\"query-input\":\"required name=search_term_string\"}],\"inLanguage\":\"it-IT\"},{\"@type\":\"Person\",\"@id\":\"https:\/\/staging.varesenews.it\/#\/schema\/person\/fb20c4da0b7b16c291707a20db73e169\",\"name\":\"Redazione VareseNews\",\"image\":{\"@type\":\"ImageObject\",\"inLanguage\":\"it-IT\",\"@id\":\"https:\/\/staging.varesenews.it\/#\/schema\/person\/image\/\",\"url\":\"https:\/\/staging.varesenews.it\/wp-content\/uploads\/2020\/12\/logo_VN_colori_500.png\",\"contentUrl\":\"https:\/\/staging.varesenews.it\/wp-content\/uploads\/2020\/12\/logo_VN_colori_500.png\",\"caption\":\"Redazione VareseNews\"},\"url\":\"https:\/\/staging.varesenews.it\/persona\/redazione1\/\"}]}<\/script>\n<!-- \/ Yoast SEO plugin. -->","yoast_head_json":{"title":"Un piano per l\u2019abbattimento delle barriere architettoniche","description":"Tramite l\u2019individuazione di un \"percorso ideale\", si tratta di uno studio dedicato, che diverr\u00e0 un documento fondamentale per la ristrutturazione del paese","robots":{"index":"noindex","follow":"follow","max-snippet":"max-snippet:-1","max-image-preview":"max-image-preview:large","max-video-preview":"max-video-preview:-1"},"og_locale":"it_IT","og_type":"article","og_title":"Un piano per l\u2019abbattimento delle barriere architettoniche","og_description":"Tramite l\u2019individuazione di un \"percorso ideale\", si tratta di uno studio dedicato, che diverr\u00e0 un documento fondamentale per la ristrutturazione del paese","og_url":"https:\/\/staging.varesenews.it\/2001\/12\/un-piano-per-l-abbattimento-delle-barriere-architettoniche\/259950\/","og_site_name":"VareseNews","article_publisher":"https:\/\/www.facebook.com\/varesenews","article_published_time":"2001-12-20T00:00:00+00:00","author":"Redazione VareseNews","twitter_card":"summary_large_image","twitter_creator":"@varesenews","twitter_site":"@varesenews","twitter_misc":{"Scritto da":"Redazione VareseNews","Tempo di lettura stimato":"2 minuti"},"schema":{"@context":"https:\/\/schema.org","@graph":[{"@type":"WebPage","@id":"https:\/\/staging.varesenews.it\/2001\/12\/un-piano-per-l-abbattimento-delle-barriere-architettoniche\/259950\/","url":"https:\/\/staging.varesenews.it\/2001\/12\/un-piano-per-l-abbattimento-delle-barriere-architettoniche\/259950\/","name":"Un piano per l\u2019abbattimento delle barriere architettoniche","isPartOf":{"@id":"https:\/\/staging.varesenews.it\/#website"},"datePublished":"2001-12-20T00:00:00+00:00","dateModified":"2001-12-20T00:00:00+00:00","author":{"@id":"https:\/\/staging.varesenews.it\/#\/schema\/person\/fb20c4da0b7b16c291707a20db73e169"},"description":"Tramite l\u2019individuazione di un \"percorso ideale\", si tratta di uno studio dedicato, che diverr\u00e0 un documento fondamentale per la ristrutturazione del paese","breadcrumb":{"@id":"https:\/\/staging.varesenews.it\/2001\/12\/un-piano-per-l-abbattimento-delle-barriere-architettoniche\/259950\/#breadcrumb"},"inLanguage":"it-IT","potentialAction":[{"@type":"ReadAction","target":["https:\/\/staging.varesenews.it\/2001\/12\/un-piano-per-l-abbattimento-delle-barriere-architettoniche\/259950\/"]}]},{"@type":"BreadcrumbList","@id":"https:\/\/staging.varesenews.it\/2001\/12\/un-piano-per-l-abbattimento-delle-barriere-architettoniche\/259950\/#breadcrumb","itemListElement":[{"@type":"ListItem","position":1,"name":"Home","item":"https:\/\/www.varesenews.it\/"},{"@type":"ListItem","position":2,"name":"Un piano per l\u2019abbattimento delle barriere architettoniche"}]},{"@type":"WebSite","@id":"https:\/\/staging.varesenews.it\/#website","url":"https:\/\/staging.varesenews.it\/","name":"VareseNews","description":"","potentialAction":[{"@type":"SearchAction","target":{"@type":"EntryPoint","urlTemplate":"https:\/\/staging.varesenews.it\/?s={search_term_string}"},"query-input":"required name=search_term_string"}],"inLanguage":"it-IT"},{"@type":"Person","@id":"https:\/\/staging.varesenews.it\/#\/schema\/person\/fb20c4da0b7b16c291707a20db73e169","name":"Redazione VareseNews","image":{"@type":"ImageObject","inLanguage":"it-IT","@id":"https:\/\/staging.varesenews.it\/#\/schema\/person\/image\/","url":"https:\/\/staging.varesenews.it\/wp-content\/uploads\/2020\/12\/logo_VN_colori_500.png","contentUrl":"https:\/\/staging.varesenews.it\/wp-content\/uploads\/2020\/12\/logo_VN_colori_500.png","caption":"Redazione VareseNews"},"url":"https:\/\/staging.varesenews.it\/persona\/redazione1\/"}]}},"post_meta":{"id_old":"41736","argomento":"Venegono Superiore","autore_old":"Manuel Sgarella"},"photos":[],"_links":{"self":[{"href":"https:\/\/staging.varesenews.it\/swgapi\/v1\/wp\/v2\/posts\/259950"}],"collection":[{"href":"https:\/\/staging.varesenews.it\/swgapi\/v1\/wp\/v2\/posts"}],"about":[{"href":"https:\/\/staging.varesenews.it\/swgapi\/v1\/wp\/v2\/types\/post"}],"author":[{"embeddable":true,"href":"https:\/\/staging.varesenews.it\/swgapi\/v1\/wp\/v2\/users\/10"}],"replies":[{"embeddable":true,"href":"https:\/\/staging.varesenews.it\/swgapi\/v1\/wp\/v2\/comments?post=259950"}],"version-history":[{"count":0,"href":"https:\/\/staging.varesenews.it\/swgapi\/v1\/wp\/v2\/posts\/259950\/revisions"}],"wp:attachment":[{"href":"https:\/\/staging.varesenews.it\/swgapi\/v1\/wp\/v2\/media?parent=259950"}],"wp:term":[{"taxonomy":"category","embeddable":true,"href":"https:\/\/staging.varesenews.it\/swgapi\/v1\/wp\/v2\/categories?post=259950"},{"taxonomy":"post_tag","embeddable":true,"href":"https:\/\/staging.varesenews.it\/swgapi\/v1\/wp\/v2\/tags?post=259950"}],"curies":[{"name":"wp","href":"https:\/\/api.w.org\/{rel}","templated":true}]}}