{"id":260355,"date":"2001-11-07T00:00:00","date_gmt":"2001-11-07T00:00:00","guid":{"rendered":""},"modified":"2001-11-07T00:00:00","modified_gmt":"2001-11-07T00:00:00","slug":"gallarate-a-stelle-e-strisce-il-gonfalone-alla-marcia-pro-usa","status":"publish","type":"post","link":"https:\/\/staging.varesenews.it\/2001\/11\/gallarate-a-stelle-e-strisce-il-gonfalone-alla-marcia-pro-usa\/260355\/","title":{"rendered":"Gallarate a stelle e strisce. Il gonfalone alla marcia pro-Usa"},"content":{"rendered":"<table height=\"130\" cellspacing=\"6\" cellpadding=\"0\" width=\"99%\" border=\"0\">\n<tbody>\n<tr>\n<td width=\"100%\" height=\"1\"><font face=\"Arial\"><\/p>\n<p>Il gonfalone del comune di Gallarate verr\u00e0 inviato alla marcia pro-Usa di sabato prossimo. La decisione, presa nell&#8217;ambito della riunione di giunta di luned\u00ec scorso, viene resa nota solo oggi dall&#8217;amministrazione comunale. \u00abLa citt\u00e0 vuole manifestare la propria solidariet\u00e0 con gli Stati Uniti &#8211; commenta il sindaco Nicola Mucci &#8211; e pertanto abbiamo ritenuto opportuno far sentire anche la nostra voce\u00bb. Non \u00e8 stato ancora deciso chi andr\u00e0 materialmente in piazza del popolo, anche se il sindaco non esclude la propria partecipazione.<br \/>La marcia pro Stati Uniti, proposta qualche settimana fa da Giuliano Ferrara sulle colonne del quotidiano <i>Il Foglio, \u00e9 <\/i>diventata in pochi giorni una polemica politica rovente. L&#8217;Ulivo contesta l&#8217;opportunit\u00e0 di una manifestazione di parte, mentre la Casa delle libert\u00e0 rimprovera alla sinistra una scarsa adesione alla politica di sostegno all&#8217;alleato americano. Contrasti che si ripropongono anche a livello locale.\u00a0<br \/>La decisione della giunta, infatti, trova in netto disaccordo Pierluigi Galli, ex segretario cittadino dei Ds e consigliere comunale di minoranza. \u00abUna scelta indecorosa &#8211; commenta &#8211; perch\u00e9 il gonfalone \u00e8 di tutta la citt\u00e0 e non solo della giunta. Contesto il metodo scelto per questa partecipazione, si sarebbe potuto discuterne nella riunione dei capi gruppo o in consiglio comunale, invece cos\u00ec l&#8217;amministrazione ha fatto tutto da sola. Quanto al merito della questione, trovo che la manifestazione sia una iniziativa di partito e per giunta superflua, dato che la solidariet\u00e0 agli Usa lo stiamo gi\u00e0 esprimendo nei fatti con il nostro sostegno in parlamento alla guerra al terrorismo\u00bb.\u00a0<br \/>A Roma sar\u00e0 invece presente Rifondazione Comunista, anche se in un&#8217;iniziativa dal tenore molto diverso. \u00abNoi andremo alla marcia del Social Forum &#8211; spiega Massimo Barberi, consigliere del Prc &#8211; sui temi della pace e della giustizia sociale. Quanto alla decisione della giunta, devo dire che non me lo aspettavo. Mi sembra il segno che l&#8217;amministrazione ha deciso di rappresentare solo una parte della citt\u00e0\u00bb.<\/p>\n<p><\/font><\/td>\n<\/tr>\n<tr>\n<td width=\"100%\" height=\"21\"><\/td>\n<\/tr>\n<tr>\n<td width=\"100%\" height=\"21\">\n<p align=\"right\"><font face=\"Arial\" color=\"#ff0000\" size=\"2\"><\/font><\/p>\n<\/td>\n<\/tr>\n<\/tbody>\n<\/table>\n","protected":false},"excerpt":{"rendered":"<p> Il sindaco Mucci: \u00abDoveroso gesto di solidariet\u00e0\u00bb. Galli (Ds): \u00abDecisione indecorosa\u00bb<\/p>\n","protected":false},"author":10,"featured_media":0,"comment_status":"open","ping_status":"open","sticky":false,"template":"","format":"standard","meta":{"footnotes":""},"categories":[3],"tags":[],"acf":[],"yoast_head":"<!-- This site is optimized with the Yoast SEO plugin v20.1 - https:\/\/yoast.com\/wordpress\/plugins\/seo\/ -->\n<title>Gallarate a stelle e strisce. Il gonfalone alla marcia pro-Usa<\/title>\n<meta name=\"description\" content=\"Il sindaco Mucci: \u00abDoveroso gesto di solidariet\u00e0\u00bb. Galli (Ds): \u00abDecisione indecorosa\u00bb\" \/>\n<meta name=\"robots\" content=\"noindex, follow, max-snippet:-1, max-image-preview:large, max-video-preview:-1\" \/>\n<meta property=\"og:locale\" content=\"it_IT\" \/>\n<meta property=\"og:type\" content=\"article\" \/>\n<meta property=\"og:title\" content=\"Gallarate a stelle e strisce. Il gonfalone alla marcia pro-Usa\" \/>\n<meta property=\"og:description\" content=\"Il sindaco Mucci: \u00abDoveroso gesto di solidariet\u00e0\u00bb. Galli (Ds): \u00abDecisione indecorosa\u00bb\" \/>\n<meta property=\"og:url\" content=\"https:\/\/staging.varesenews.it\/2001\/11\/gallarate-a-stelle-e-strisce-il-gonfalone-alla-marcia-pro-usa\/260355\/\" \/>\n<meta property=\"og:site_name\" content=\"VareseNews\" \/>\n<meta property=\"article:publisher\" content=\"https:\/\/www.facebook.com\/varesenews\" \/>\n<meta property=\"article:published_time\" content=\"2001-11-07T00:00:00+00:00\" \/>\n<meta name=\"author\" content=\"Redazione VareseNews\" \/>\n<meta name=\"twitter:card\" content=\"summary_large_image\" \/>\n<meta name=\"twitter:creator\" content=\"@varesenews\" \/>\n<meta name=\"twitter:site\" content=\"@varesenews\" \/>\n<meta name=\"twitter:label1\" content=\"Scritto da\" \/>\n\t<meta name=\"twitter:data1\" content=\"Redazione VareseNews\" \/>\n\t<meta name=\"twitter:label2\" content=\"Tempo di lettura stimato\" \/>\n\t<meta name=\"twitter:data2\" content=\"2 minuti\" \/>\n<script type=\"application\/ld+json\" class=\"yoast-schema-graph\">{\"@context\":\"https:\/\/schema.org\",\"@graph\":[{\"@type\":\"WebPage\",\"@id\":\"https:\/\/staging.varesenews.it\/2001\/11\/gallarate-a-stelle-e-strisce-il-gonfalone-alla-marcia-pro-usa\/260355\/\",\"url\":\"https:\/\/staging.varesenews.it\/2001\/11\/gallarate-a-stelle-e-strisce-il-gonfalone-alla-marcia-pro-usa\/260355\/\",\"name\":\"Gallarate a stelle e strisce. Il gonfalone alla marcia pro-Usa\",\"isPartOf\":{\"@id\":\"https:\/\/staging.varesenews.it\/#website\"},\"datePublished\":\"2001-11-07T00:00:00+00:00\",\"dateModified\":\"2001-11-07T00:00:00+00:00\",\"author\":{\"@id\":\"https:\/\/staging.varesenews.it\/#\/schema\/person\/fb20c4da0b7b16c291707a20db73e169\"},\"description\":\"Il sindaco Mucci: \u00abDoveroso gesto di solidariet\u00e0\u00bb. Galli (Ds): \u00abDecisione indecorosa\u00bb\",\"breadcrumb\":{\"@id\":\"https:\/\/staging.varesenews.it\/2001\/11\/gallarate-a-stelle-e-strisce-il-gonfalone-alla-marcia-pro-usa\/260355\/#breadcrumb\"},\"inLanguage\":\"it-IT\",\"potentialAction\":[{\"@type\":\"ReadAction\",\"target\":[\"https:\/\/staging.varesenews.it\/2001\/11\/gallarate-a-stelle-e-strisce-il-gonfalone-alla-marcia-pro-usa\/260355\/\"]}]},{\"@type\":\"BreadcrumbList\",\"@id\":\"https:\/\/staging.varesenews.it\/2001\/11\/gallarate-a-stelle-e-strisce-il-gonfalone-alla-marcia-pro-usa\/260355\/#breadcrumb\",\"itemListElement\":[{\"@type\":\"ListItem\",\"position\":1,\"name\":\"Home\",\"item\":\"https:\/\/www.varesenews.it\/\"},{\"@type\":\"ListItem\",\"position\":2,\"name\":\"Gallarate a stelle e strisce. Il gonfalone alla marcia pro-Usa\"}]},{\"@type\":\"WebSite\",\"@id\":\"https:\/\/staging.varesenews.it\/#website\",\"url\":\"https:\/\/staging.varesenews.it\/\",\"name\":\"VareseNews\",\"description\":\"\",\"potentialAction\":[{\"@type\":\"SearchAction\",\"target\":{\"@type\":\"EntryPoint\",\"urlTemplate\":\"https:\/\/staging.varesenews.it\/?s={search_term_string}\"},\"query-input\":\"required name=search_term_string\"}],\"inLanguage\":\"it-IT\"},{\"@type\":\"Person\",\"@id\":\"https:\/\/staging.varesenews.it\/#\/schema\/person\/fb20c4da0b7b16c291707a20db73e169\",\"name\":\"Redazione VareseNews\",\"image\":{\"@type\":\"ImageObject\",\"inLanguage\":\"it-IT\",\"@id\":\"https:\/\/staging.varesenews.it\/#\/schema\/person\/image\/\",\"url\":\"https:\/\/staging.varesenews.it\/wp-content\/uploads\/2020\/12\/logo_VN_colori_500.png\",\"contentUrl\":\"https:\/\/staging.varesenews.it\/wp-content\/uploads\/2020\/12\/logo_VN_colori_500.png\",\"caption\":\"Redazione VareseNews\"},\"url\":\"https:\/\/staging.varesenews.it\/persona\/redazione1\/\"}]}<\/script>\n<!-- \/ Yoast SEO plugin. -->","yoast_head_json":{"title":"Gallarate a stelle e strisce. Il gonfalone alla marcia pro-Usa","description":"Il sindaco Mucci: \u00abDoveroso gesto di solidariet\u00e0\u00bb. Galli (Ds): \u00abDecisione indecorosa\u00bb","robots":{"index":"noindex","follow":"follow","max-snippet":"max-snippet:-1","max-image-preview":"max-image-preview:large","max-video-preview":"max-video-preview:-1"},"og_locale":"it_IT","og_type":"article","og_title":"Gallarate a stelle e strisce. Il gonfalone alla marcia pro-Usa","og_description":"Il sindaco Mucci: \u00abDoveroso gesto di solidariet\u00e0\u00bb. Galli (Ds): \u00abDecisione indecorosa\u00bb","og_url":"https:\/\/staging.varesenews.it\/2001\/11\/gallarate-a-stelle-e-strisce-il-gonfalone-alla-marcia-pro-usa\/260355\/","og_site_name":"VareseNews","article_publisher":"https:\/\/www.facebook.com\/varesenews","article_published_time":"2001-11-07T00:00:00+00:00","author":"Redazione VareseNews","twitter_card":"summary_large_image","twitter_creator":"@varesenews","twitter_site":"@varesenews","twitter_misc":{"Scritto da":"Redazione VareseNews","Tempo di lettura stimato":"2 minuti"},"schema":{"@context":"https:\/\/schema.org","@graph":[{"@type":"WebPage","@id":"https:\/\/staging.varesenews.it\/2001\/11\/gallarate-a-stelle-e-strisce-il-gonfalone-alla-marcia-pro-usa\/260355\/","url":"https:\/\/staging.varesenews.it\/2001\/11\/gallarate-a-stelle-e-strisce-il-gonfalone-alla-marcia-pro-usa\/260355\/","name":"Gallarate a stelle e strisce. Il gonfalone alla marcia pro-Usa","isPartOf":{"@id":"https:\/\/staging.varesenews.it\/#website"},"datePublished":"2001-11-07T00:00:00+00:00","dateModified":"2001-11-07T00:00:00+00:00","author":{"@id":"https:\/\/staging.varesenews.it\/#\/schema\/person\/fb20c4da0b7b16c291707a20db73e169"},"description":"Il sindaco Mucci: \u00abDoveroso gesto di solidariet\u00e0\u00bb. Galli (Ds): \u00abDecisione indecorosa\u00bb","breadcrumb":{"@id":"https:\/\/staging.varesenews.it\/2001\/11\/gallarate-a-stelle-e-strisce-il-gonfalone-alla-marcia-pro-usa\/260355\/#breadcrumb"},"inLanguage":"it-IT","potentialAction":[{"@type":"ReadAction","target":["https:\/\/staging.varesenews.it\/2001\/11\/gallarate-a-stelle-e-strisce-il-gonfalone-alla-marcia-pro-usa\/260355\/"]}]},{"@type":"BreadcrumbList","@id":"https:\/\/staging.varesenews.it\/2001\/11\/gallarate-a-stelle-e-strisce-il-gonfalone-alla-marcia-pro-usa\/260355\/#breadcrumb","itemListElement":[{"@type":"ListItem","position":1,"name":"Home","item":"https:\/\/www.varesenews.it\/"},{"@type":"ListItem","position":2,"name":"Gallarate a stelle e strisce. Il gonfalone alla marcia pro-Usa"}]},{"@type":"WebSite","@id":"https:\/\/staging.varesenews.it\/#website","url":"https:\/\/staging.varesenews.it\/","name":"VareseNews","description":"","potentialAction":[{"@type":"SearchAction","target":{"@type":"EntryPoint","urlTemplate":"https:\/\/staging.varesenews.it\/?s={search_term_string}"},"query-input":"required name=search_term_string"}],"inLanguage":"it-IT"},{"@type":"Person","@id":"https:\/\/staging.varesenews.it\/#\/schema\/person\/fb20c4da0b7b16c291707a20db73e169","name":"Redazione VareseNews","image":{"@type":"ImageObject","inLanguage":"it-IT","@id":"https:\/\/staging.varesenews.it\/#\/schema\/person\/image\/","url":"https:\/\/staging.varesenews.it\/wp-content\/uploads\/2020\/12\/logo_VN_colori_500.png","contentUrl":"https:\/\/staging.varesenews.it\/wp-content\/uploads\/2020\/12\/logo_VN_colori_500.png","caption":"Redazione VareseNews"},"url":"https:\/\/staging.varesenews.it\/persona\/redazione1\/"}]}},"post_meta":{"id_old":"41301","argomento":"Gallarate","autore_old":"Roberto Rotondo"},"photos":[],"_links":{"self":[{"href":"https:\/\/staging.varesenews.it\/swgapi\/v1\/wp\/v2\/posts\/260355"}],"collection":[{"href":"https:\/\/staging.varesenews.it\/swgapi\/v1\/wp\/v2\/posts"}],"about":[{"href":"https:\/\/staging.varesenews.it\/swgapi\/v1\/wp\/v2\/types\/post"}],"author":[{"embeddable":true,"href":"https:\/\/staging.varesenews.it\/swgapi\/v1\/wp\/v2\/users\/10"}],"replies":[{"embeddable":true,"href":"https:\/\/staging.varesenews.it\/swgapi\/v1\/wp\/v2\/comments?post=260355"}],"version-history":[{"count":0,"href":"https:\/\/staging.varesenews.it\/swgapi\/v1\/wp\/v2\/posts\/260355\/revisions"}],"wp:attachment":[{"href":"https:\/\/staging.varesenews.it\/swgapi\/v1\/wp\/v2\/media?parent=260355"}],"wp:term":[{"taxonomy":"category","embeddable":true,"href":"https:\/\/staging.varesenews.it\/swgapi\/v1\/wp\/v2\/categories?post=260355"},{"taxonomy":"post_tag","embeddable":true,"href":"https:\/\/staging.varesenews.it\/swgapi\/v1\/wp\/v2\/tags?post=260355"}],"curies":[{"name":"wp","href":"https:\/\/api.w.org\/{rel}","templated":true}]}}