{"id":260848,"date":"2001-09-13T00:00:00","date_gmt":"2001-09-13T00:00:00","guid":{"rendered":""},"modified":"2001-09-13T00:00:00","modified_gmt":"2001-09-13T00:00:00","slug":"martini-a-venegono-pregheremo-per-le-vittime-del-terrorismo","status":"publish","type":"post","link":"https:\/\/staging.varesenews.it\/2001\/09\/martini-a-venegono-pregheremo-per-le-vittime-del-terrorismo\/260848\/","title":{"rendered":"Martini: &#8220;A Venegono pregheremo per le vittime del terrorismo&#8221;"},"content":{"rendered":"<table height=\"1\" cellspacing=\"6\" cellpadding=\"0\" width=\"100%\" border=\"0\">\n<tbody>\n<tr>\n<td valign=\"top\" width=\"100%\" colspan=\"2\" height=\"16\"><font face=\"Arial\" size=\"3\">Allerta alla Whirlpool e al Ccr di Ispra, manifestazioni a Varese e negli altri capoluoghi, scioperi solidali in citt\u00e0, volantinaggio all&#8217;Universit\u00e0 dell&#8217;Insubria (\u00e9 stato diffuso il <a href=\"http:\/\/www2.varesenews.it\/articoli\/2001\/settembre\/regione-insubria\/12-9fo.htm\">messaggio di Dario Fo e Franca Rame<\/a>), polizia schierata a Malpensa.\u00a0<\/font> <\/p>\n<p><font face=\"Arial\" size=\"3\">Non arriva, il risveglio dal sogno di paura che ha preso per il bavero l&#8217;Italia, e anche Varese. Ferma risposta da parte di tutte le forze sociali. Tranquillit\u00e0, ma occhi puntati su radio e televisioni. La politica si muove, anche in Lombardia.\u00a0<\/font><\/p>\n<p><font face=\"Arial\" size=\"3\">Come gi\u00e0 annunciato, Attilio Fontana, presidente del consiglio regionale, ha indetto una seduta straordinaria di lutto e condanna del terrorismo.\u00a0\u00a0<\/font><\/p>\n<p><font face=\"Arial\" size=\"3\">Qualche segnale di ritorno alla normalit\u00e0 arriva da Malpensa. Alle 18 e 30 avrebbe dovuto partire partito il primo volo per gli Usa dopo due giorni di blocco totale; destinazione Miami.\u00a0<\/font><\/p>\n<p><font face=\"Arial\" size=\"3\">Dopo il mondo del lavoro, il consiglio regionale e tutti gli ambiti della politica, sono ora i cattolici a mobilitarsi. Oggi le Acli varesine hanno diffuso <a href=\"http:\/\/www2.varesenews.it\/articoli\/2001\/settembre\/varese\/13-9acli.htm\">un messaggio alla citt\u00e0<\/a>:\u00a0&quot;Non dobbiamo accettare la logica della violenza che genera e invoca violenza&quot; scrivono.<\/font>\u00a0<\/p>\n<p><font face=\"Arial\" size=\"3\">Una delle occasione pi\u00f9 forti di riflessione sar\u00e0 sabato sera. Una veglia notturna con il cardinale Martini partir\u00e0 infatti alle 21 da Saronno per concludersi al seminario di Venegono Inferiore alle 6 di mattina. Carlo Maria Martini, arcivescovo di Milano,\u00a0ha diffuso un messaggio, rintracciabile sul sito Internet della diocesi, per affidare ai giovani in pellegrinaggio al Seminario la risposta delle nuove generazioni contro il terrore.\u00a0<\/font><\/p>\n<p><font face=\"Arial\" size=\"3\">&quot;<\/font><font face=\"Arial\">L\u2019incontro con i giovani delle Sentinelle del Mattino di sabato prossimo e la camminata notturna fino al Seminario di Venegono saranno un segno della nostra volont\u00e0 di pace&quot; ha detto il cardinale.<\/font> &quot;<font face=\"Arial\">La testimonianza di tanti giovani che pregheranno e che si impegneranno a costruire in se stessi uno spirito di pace diventi per noi motivo di speranza, di consolazione e di rinnovato impegno quotidiano per costruire un mondo di pace.<\/font> <font face=\"Arial\">A tutte le comunit\u00e0 parrocchiali chiedo di pregare per le vittime della violenza terroristica che ha colpito gli Stati Uniti d\u2019America e di pregare per la pace&quot;.<\/font> <\/p>\n<\/td>\n<\/tr>\n<tr>\n<td width=\"100%\" colspan=\"2\" height=\"18\">\n<p align=\"right\" \/><\/td>\n<\/tr>\n<tr>\n<td width=\"100%\" colspan=\"2\" height=\"21\">\n<p align=\"right\"><font face=\"Arial\" color=\"#ff0000\" size=\"2\"><\/font><\/p>\n<\/td>\n<\/tr>\n<\/tbody>\n<\/table>\n","protected":false},"excerpt":{"rendered":"<p>Il cardinale guider\u00e0 la veglia di preghiera di sabato. Convocato un consiglio regionale straordinario. Primo volo a Malpensa per gli Usa<\/p>\n","protected":false},"author":10,"featured_media":0,"comment_status":"open","ping_status":"open","sticky":false,"template":"","format":"standard","meta":{"footnotes":""},"categories":[5],"tags":[],"acf":[],"yoast_head":"<!-- This site is optimized with the Yoast SEO plugin v20.1 - https:\/\/yoast.com\/wordpress\/plugins\/seo\/ -->\n<title>Martini: &quot;A Venegono pregheremo per le vittime del terrorismo&quot;<\/title>\n<meta name=\"description\" content=\"Il cardinale guider\u00e0 la veglia di preghiera di sabato. Convocato un consiglio regionale straordinario. Primo volo a Malpensa per gli Usa\" \/>\n<meta name=\"robots\" content=\"noindex, follow, max-snippet:-1, max-image-preview:large, max-video-preview:-1\" \/>\n<meta property=\"og:locale\" content=\"it_IT\" \/>\n<meta property=\"og:type\" content=\"article\" \/>\n<meta property=\"og:title\" content=\"Martini: &quot;A Venegono pregheremo per le vittime del terrorismo&quot;\" \/>\n<meta property=\"og:description\" content=\"Il cardinale guider\u00e0 la veglia di preghiera di sabato. Convocato un consiglio regionale straordinario. Primo volo a Malpensa per gli Usa\" \/>\n<meta property=\"og:url\" content=\"https:\/\/staging.varesenews.it\/2001\/09\/martini-a-venegono-pregheremo-per-le-vittime-del-terrorismo\/260848\/\" \/>\n<meta property=\"og:site_name\" content=\"VareseNews\" \/>\n<meta property=\"article:publisher\" content=\"https:\/\/www.facebook.com\/varesenews\" \/>\n<meta property=\"article:published_time\" content=\"2001-09-13T00:00:00+00:00\" \/>\n<meta name=\"author\" content=\"Redazione VareseNews\" \/>\n<meta name=\"twitter:card\" content=\"summary_large_image\" \/>\n<meta name=\"twitter:creator\" content=\"@varesenews\" \/>\n<meta name=\"twitter:site\" content=\"@varesenews\" \/>\n<meta name=\"twitter:label1\" content=\"Scritto da\" \/>\n\t<meta name=\"twitter:data1\" content=\"Redazione VareseNews\" \/>\n\t<meta name=\"twitter:label2\" content=\"Tempo di lettura stimato\" \/>\n\t<meta name=\"twitter:data2\" content=\"2 minuti\" \/>\n<script type=\"application\/ld+json\" class=\"yoast-schema-graph\">{\"@context\":\"https:\/\/schema.org\",\"@graph\":[{\"@type\":\"WebPage\",\"@id\":\"https:\/\/staging.varesenews.it\/2001\/09\/martini-a-venegono-pregheremo-per-le-vittime-del-terrorismo\/260848\/\",\"url\":\"https:\/\/staging.varesenews.it\/2001\/09\/martini-a-venegono-pregheremo-per-le-vittime-del-terrorismo\/260848\/\",\"name\":\"Martini: \\\"A Venegono pregheremo per le vittime del terrorismo\\\"\",\"isPartOf\":{\"@id\":\"https:\/\/staging.varesenews.it\/#website\"},\"datePublished\":\"2001-09-13T00:00:00+00:00\",\"dateModified\":\"2001-09-13T00:00:00+00:00\",\"author\":{\"@id\":\"https:\/\/staging.varesenews.it\/#\/schema\/person\/fb20c4da0b7b16c291707a20db73e169\"},\"description\":\"Il cardinale guider\u00e0 la veglia di preghiera di sabato. Convocato un consiglio regionale straordinario. Primo volo a Malpensa per gli Usa\",\"breadcrumb\":{\"@id\":\"https:\/\/staging.varesenews.it\/2001\/09\/martini-a-venegono-pregheremo-per-le-vittime-del-terrorismo\/260848\/#breadcrumb\"},\"inLanguage\":\"it-IT\",\"potentialAction\":[{\"@type\":\"ReadAction\",\"target\":[\"https:\/\/staging.varesenews.it\/2001\/09\/martini-a-venegono-pregheremo-per-le-vittime-del-terrorismo\/260848\/\"]}]},{\"@type\":\"BreadcrumbList\",\"@id\":\"https:\/\/staging.varesenews.it\/2001\/09\/martini-a-venegono-pregheremo-per-le-vittime-del-terrorismo\/260848\/#breadcrumb\",\"itemListElement\":[{\"@type\":\"ListItem\",\"position\":1,\"name\":\"Home\",\"item\":\"https:\/\/www.varesenews.it\/\"},{\"@type\":\"ListItem\",\"position\":2,\"name\":\"Martini: &#8220;A Venegono pregheremo per le vittime del terrorismo&#8221;\"}]},{\"@type\":\"WebSite\",\"@id\":\"https:\/\/staging.varesenews.it\/#website\",\"url\":\"https:\/\/staging.varesenews.it\/\",\"name\":\"VareseNews\",\"description\":\"\",\"potentialAction\":[{\"@type\":\"SearchAction\",\"target\":{\"@type\":\"EntryPoint\",\"urlTemplate\":\"https:\/\/staging.varesenews.it\/?s={search_term_string}\"},\"query-input\":\"required name=search_term_string\"}],\"inLanguage\":\"it-IT\"},{\"@type\":\"Person\",\"@id\":\"https:\/\/staging.varesenews.it\/#\/schema\/person\/fb20c4da0b7b16c291707a20db73e169\",\"name\":\"Redazione VareseNews\",\"image\":{\"@type\":\"ImageObject\",\"inLanguage\":\"it-IT\",\"@id\":\"https:\/\/staging.varesenews.it\/#\/schema\/person\/image\/\",\"url\":\"https:\/\/staging.varesenews.it\/wp-content\/uploads\/2020\/12\/logo_VN_colori_500.png\",\"contentUrl\":\"https:\/\/staging.varesenews.it\/wp-content\/uploads\/2020\/12\/logo_VN_colori_500.png\",\"caption\":\"Redazione VareseNews\"},\"url\":\"https:\/\/staging.varesenews.it\/persona\/redazione1\/\"}]}<\/script>\n<!-- \/ Yoast SEO plugin. -->","yoast_head_json":{"title":"Martini: \"A Venegono pregheremo per le vittime del terrorismo\"","description":"Il cardinale guider\u00e0 la veglia di preghiera di sabato. Convocato un consiglio regionale straordinario. Primo volo a Malpensa per gli Usa","robots":{"index":"noindex","follow":"follow","max-snippet":"max-snippet:-1","max-image-preview":"max-image-preview:large","max-video-preview":"max-video-preview:-1"},"og_locale":"it_IT","og_type":"article","og_title":"Martini: \"A Venegono pregheremo per le vittime del terrorismo\"","og_description":"Il cardinale guider\u00e0 la veglia di preghiera di sabato. Convocato un consiglio regionale straordinario. Primo volo a Malpensa per gli Usa","og_url":"https:\/\/staging.varesenews.it\/2001\/09\/martini-a-venegono-pregheremo-per-le-vittime-del-terrorismo\/260848\/","og_site_name":"VareseNews","article_publisher":"https:\/\/www.facebook.com\/varesenews","article_published_time":"2001-09-13T00:00:00+00:00","author":"Redazione VareseNews","twitter_card":"summary_large_image","twitter_creator":"@varesenews","twitter_site":"@varesenews","twitter_misc":{"Scritto da":"Redazione VareseNews","Tempo di lettura stimato":"2 minuti"},"schema":{"@context":"https:\/\/schema.org","@graph":[{"@type":"WebPage","@id":"https:\/\/staging.varesenews.it\/2001\/09\/martini-a-venegono-pregheremo-per-le-vittime-del-terrorismo\/260848\/","url":"https:\/\/staging.varesenews.it\/2001\/09\/martini-a-venegono-pregheremo-per-le-vittime-del-terrorismo\/260848\/","name":"Martini: \"A Venegono pregheremo per le vittime del terrorismo\"","isPartOf":{"@id":"https:\/\/staging.varesenews.it\/#website"},"datePublished":"2001-09-13T00:00:00+00:00","dateModified":"2001-09-13T00:00:00+00:00","author":{"@id":"https:\/\/staging.varesenews.it\/#\/schema\/person\/fb20c4da0b7b16c291707a20db73e169"},"description":"Il cardinale guider\u00e0 la veglia di preghiera di sabato. Convocato un consiglio regionale straordinario. Primo volo a Malpensa per gli Usa","breadcrumb":{"@id":"https:\/\/staging.varesenews.it\/2001\/09\/martini-a-venegono-pregheremo-per-le-vittime-del-terrorismo\/260848\/#breadcrumb"},"inLanguage":"it-IT","potentialAction":[{"@type":"ReadAction","target":["https:\/\/staging.varesenews.it\/2001\/09\/martini-a-venegono-pregheremo-per-le-vittime-del-terrorismo\/260848\/"]}]},{"@type":"BreadcrumbList","@id":"https:\/\/staging.varesenews.it\/2001\/09\/martini-a-venegono-pregheremo-per-le-vittime-del-terrorismo\/260848\/#breadcrumb","itemListElement":[{"@type":"ListItem","position":1,"name":"Home","item":"https:\/\/www.varesenews.it\/"},{"@type":"ListItem","position":2,"name":"Martini: &#8220;A Venegono pregheremo per le vittime del terrorismo&#8221;"}]},{"@type":"WebSite","@id":"https:\/\/staging.varesenews.it\/#website","url":"https:\/\/staging.varesenews.it\/","name":"VareseNews","description":"","potentialAction":[{"@type":"SearchAction","target":{"@type":"EntryPoint","urlTemplate":"https:\/\/staging.varesenews.it\/?s={search_term_string}"},"query-input":"required name=search_term_string"}],"inLanguage":"it-IT"},{"@type":"Person","@id":"https:\/\/staging.varesenews.it\/#\/schema\/person\/fb20c4da0b7b16c291707a20db73e169","name":"Redazione VareseNews","image":{"@type":"ImageObject","inLanguage":"it-IT","@id":"https:\/\/staging.varesenews.it\/#\/schema\/person\/image\/","url":"https:\/\/staging.varesenews.it\/wp-content\/uploads\/2020\/12\/logo_VN_colori_500.png","contentUrl":"https:\/\/staging.varesenews.it\/wp-content\/uploads\/2020\/12\/logo_VN_colori_500.png","caption":"Redazione VareseNews"},"url":"https:\/\/staging.varesenews.it\/persona\/redazione1\/"}]}},"post_meta":{"id_old":"40744","argomento":"Venegono Inferiore","autore_old":"Roberto Rotondo"},"photos":[],"_links":{"self":[{"href":"https:\/\/staging.varesenews.it\/swgapi\/v1\/wp\/v2\/posts\/260848"}],"collection":[{"href":"https:\/\/staging.varesenews.it\/swgapi\/v1\/wp\/v2\/posts"}],"about":[{"href":"https:\/\/staging.varesenews.it\/swgapi\/v1\/wp\/v2\/types\/post"}],"author":[{"embeddable":true,"href":"https:\/\/staging.varesenews.it\/swgapi\/v1\/wp\/v2\/users\/10"}],"replies":[{"embeddable":true,"href":"https:\/\/staging.varesenews.it\/swgapi\/v1\/wp\/v2\/comments?post=260848"}],"version-history":[{"count":0,"href":"https:\/\/staging.varesenews.it\/swgapi\/v1\/wp\/v2\/posts\/260848\/revisions"}],"wp:attachment":[{"href":"https:\/\/staging.varesenews.it\/swgapi\/v1\/wp\/v2\/media?parent=260848"}],"wp:term":[{"taxonomy":"category","embeddable":true,"href":"https:\/\/staging.varesenews.it\/swgapi\/v1\/wp\/v2\/categories?post=260848"},{"taxonomy":"post_tag","embeddable":true,"href":"https:\/\/staging.varesenews.it\/swgapi\/v1\/wp\/v2\/tags?post=260848"}],"curies":[{"name":"wp","href":"https:\/\/api.w.org\/{rel}","templated":true}]}}