{"id":261247,"date":"2001-06-27T00:00:00","date_gmt":"2001-06-27T00:00:00","guid":{"rendered":""},"modified":"2001-06-27T00:00:00","modified_gmt":"2001-06-27T00:00:00","slug":"l-altra-meta-della-letteratura","status":"publish","type":"post","link":"https:\/\/staging.varesenews.it\/2001\/06\/l-altra-meta-della-letteratura\/261247\/","title":{"rendered":"L&#8217;altra met\u00e0 della letteratura"},"content":{"rendered":"<table height=\"125\" cellspacing=\"6\" cellpadding=\"0\" width=\"99%\" border=\"0\">\n<tbody>\n<tr>\n<td width=\"100%\" height=\"1\"><font face=\"Arial\"><\/p>\n<p align=\"justify\">Gioved\u00ec 28 giugno, alle ore 21 presso la biblioteca civica di Cardano al Campo, prende avvio l\u2019iniziativa\u00a0 &quot;L\u2019altra met\u00e0 della letteratura&quot;, un ciclo di incontri, aperti a tutta la cittadinanza, sulle autrici e la cultura al femminile (scrittrici, poetesse, scienziate, artiste).<\/p>\n<p align=\"justify\">L\u2019iniziativa \u00e8 organizzata dall\u2019assessorato alla Pubblica Istruzione e dalla consigliera comunale, delegata alle Pari Opportunit\u00e0, Laura Prati e sar\u00e0 introdotta gioved\u00ec sera dalla consigliera provinciale alle Pari Opportunit\u00e0, Gabriella Sberviglieri.<\/p>\n<p align=\"justify\">Il tema \u00e8 quello dell\u2019emigrazione nella realt\u00e0 della nostra provincia, tra la fine dell\u2019ottocento e gli inizi del novecento; lo spunto \u00e8 un carteggio, realmente esistito, tra una donna contadina dell\u2019alta Lombardia, Marta appunto, il proprio fratello ed il fidanzato, entrambi emigrati in Francia per lavoro, alla ricerca di una possibilit\u00e0 di vita migliore.<\/p>\n<p align=\"justify\">La musica non resta, quindi, fine a se stessa, ma diviene veicolo e mezzo per suscitare emozioni e sentimenti, per avvicinare i presenti ad una realt\u00e0 ancora presente tra noi, in questo caso quella dell\u2019emigrazione.<\/p>\n<p><\/font>\u00a0<br \/><font face=\"Arial\">La serata si aprir\u00e0 con la mostra dei libri di autrici femminili finora acquisiti dalla biblioteca civica.<\/font> <font face=\"Arial\">Si proseguir\u00e0 poi con la lettura di &quot;Lettere a Marta&quot;, tratte dal libro &quot;Di corno o d\u2019oro&quot; della scrittrice Laura Pariani, di Turbigo.<\/font> <font face=\"Arial\">La lettura sar\u00e0 accompagnata da un sottofondo di musiche e canti popolari del tempo, sempre sul tema dell\u2019emigrazione, della lontananza, del lavoro nei campi, dello scorrere della vita.<\/font> <font face=\"Arial\">Ai tempi di Marta, si partiva dal nostro paese, ora l\u2019Italia \u00e8 diventata punto d\u2019arrivo, paese miraggio, per interi nuclei famigliari dei paesi pi\u00f9 poveri del mondo.<\/font> <font face=\"Arial\">La rappresentazione musicale assume cos\u00ec la funzione di elemento diretto ed immediato di promozione e riflessione culturale, sui temi importanti della vita delle donne e degli uomini del nostro paese.<\/font><\/p>\n<p><b><font face=\"Arial\" size=\"2\">Informazioni:<br \/>Comune di Cardano al Campo<br \/>Biblioteca Civica di Via torre, 2<br \/>Telefono : 0331-263498 Fax: 0331-263532<br \/>E-mail: biblioteca@cardanoalcampo.inet.it<\/font><\/b><font face=\"Arial\" size=\"3\"><\/font> <\/p>\n<\/td>\n<\/tr>\n<tr>\n<td width=\"100%\" height=\"21\"><\/td>\n<\/tr>\n<\/tbody>\n<\/table>\n","protected":false},"excerpt":{"rendered":"<p>Un ciclo di incontri sulla produzione letteraria femminile <\/p>\n","protected":false},"author":10,"featured_media":0,"comment_status":"open","ping_status":"open","sticky":false,"template":"","format":"standard","meta":{"footnotes":""},"categories":[3],"tags":[],"acf":[],"yoast_head":"<!-- This site is optimized with the Yoast SEO plugin v20.1 - https:\/\/yoast.com\/wordpress\/plugins\/seo\/ -->\n<title>L&#039;altra met\u00e0 della letteratura<\/title>\n<meta name=\"description\" content=\"Un ciclo di incontri sulla produzione letteraria femminile\" \/>\n<meta name=\"robots\" content=\"noindex, follow, max-snippet:-1, max-image-preview:large, max-video-preview:-1\" \/>\n<meta property=\"og:locale\" content=\"it_IT\" \/>\n<meta property=\"og:type\" content=\"article\" \/>\n<meta property=\"og:title\" content=\"L&#039;altra met\u00e0 della letteratura\" \/>\n<meta property=\"og:description\" content=\"Un ciclo di incontri sulla produzione letteraria femminile\" \/>\n<meta property=\"og:url\" content=\"https:\/\/staging.varesenews.it\/2001\/06\/l-altra-meta-della-letteratura\/261247\/\" \/>\n<meta property=\"og:site_name\" content=\"VareseNews\" \/>\n<meta property=\"article:publisher\" content=\"https:\/\/www.facebook.com\/varesenews\" \/>\n<meta property=\"article:published_time\" content=\"2001-06-27T00:00:00+00:00\" \/>\n<meta name=\"author\" content=\"Redazione VareseNews\" \/>\n<meta name=\"twitter:card\" content=\"summary_large_image\" \/>\n<meta name=\"twitter:creator\" content=\"@varesenews\" \/>\n<meta name=\"twitter:site\" content=\"@varesenews\" \/>\n<meta name=\"twitter:label1\" content=\"Scritto da\" \/>\n\t<meta name=\"twitter:data1\" content=\"Redazione VareseNews\" \/>\n\t<meta name=\"twitter:label2\" content=\"Tempo di lettura stimato\" \/>\n\t<meta name=\"twitter:data2\" content=\"2 minuti\" \/>\n<script type=\"application\/ld+json\" class=\"yoast-schema-graph\">{\"@context\":\"https:\/\/schema.org\",\"@graph\":[{\"@type\":\"WebPage\",\"@id\":\"https:\/\/staging.varesenews.it\/2001\/06\/l-altra-meta-della-letteratura\/261247\/\",\"url\":\"https:\/\/staging.varesenews.it\/2001\/06\/l-altra-meta-della-letteratura\/261247\/\",\"name\":\"L'altra met\u00e0 della letteratura\",\"isPartOf\":{\"@id\":\"https:\/\/staging.varesenews.it\/#website\"},\"datePublished\":\"2001-06-27T00:00:00+00:00\",\"dateModified\":\"2001-06-27T00:00:00+00:00\",\"author\":{\"@id\":\"https:\/\/staging.varesenews.it\/#\/schema\/person\/fb20c4da0b7b16c291707a20db73e169\"},\"description\":\"Un ciclo di incontri sulla produzione letteraria femminile\",\"breadcrumb\":{\"@id\":\"https:\/\/staging.varesenews.it\/2001\/06\/l-altra-meta-della-letteratura\/261247\/#breadcrumb\"},\"inLanguage\":\"it-IT\",\"potentialAction\":[{\"@type\":\"ReadAction\",\"target\":[\"https:\/\/staging.varesenews.it\/2001\/06\/l-altra-meta-della-letteratura\/261247\/\"]}]},{\"@type\":\"BreadcrumbList\",\"@id\":\"https:\/\/staging.varesenews.it\/2001\/06\/l-altra-meta-della-letteratura\/261247\/#breadcrumb\",\"itemListElement\":[{\"@type\":\"ListItem\",\"position\":1,\"name\":\"Home\",\"item\":\"https:\/\/www.varesenews.it\/\"},{\"@type\":\"ListItem\",\"position\":2,\"name\":\"L&#8217;altra met\u00e0 della letteratura\"}]},{\"@type\":\"WebSite\",\"@id\":\"https:\/\/staging.varesenews.it\/#website\",\"url\":\"https:\/\/staging.varesenews.it\/\",\"name\":\"VareseNews\",\"description\":\"\",\"potentialAction\":[{\"@type\":\"SearchAction\",\"target\":{\"@type\":\"EntryPoint\",\"urlTemplate\":\"https:\/\/staging.varesenews.it\/?s={search_term_string}\"},\"query-input\":\"required name=search_term_string\"}],\"inLanguage\":\"it-IT\"},{\"@type\":\"Person\",\"@id\":\"https:\/\/staging.varesenews.it\/#\/schema\/person\/fb20c4da0b7b16c291707a20db73e169\",\"name\":\"Redazione VareseNews\",\"image\":{\"@type\":\"ImageObject\",\"inLanguage\":\"it-IT\",\"@id\":\"https:\/\/staging.varesenews.it\/#\/schema\/person\/image\/\",\"url\":\"https:\/\/staging.varesenews.it\/wp-content\/uploads\/2020\/12\/logo_VN_colori_500.png\",\"contentUrl\":\"https:\/\/staging.varesenews.it\/wp-content\/uploads\/2020\/12\/logo_VN_colori_500.png\",\"caption\":\"Redazione VareseNews\"},\"url\":\"https:\/\/staging.varesenews.it\/persona\/redazione1\/\"}]}<\/script>\n<!-- \/ Yoast SEO plugin. -->","yoast_head_json":{"title":"L'altra met\u00e0 della letteratura","description":"Un ciclo di incontri sulla produzione letteraria femminile","robots":{"index":"noindex","follow":"follow","max-snippet":"max-snippet:-1","max-image-preview":"max-image-preview:large","max-video-preview":"max-video-preview:-1"},"og_locale":"it_IT","og_type":"article","og_title":"L'altra met\u00e0 della letteratura","og_description":"Un ciclo di incontri sulla produzione letteraria femminile","og_url":"https:\/\/staging.varesenews.it\/2001\/06\/l-altra-meta-della-letteratura\/261247\/","og_site_name":"VareseNews","article_publisher":"https:\/\/www.facebook.com\/varesenews","article_published_time":"2001-06-27T00:00:00+00:00","author":"Redazione VareseNews","twitter_card":"summary_large_image","twitter_creator":"@varesenews","twitter_site":"@varesenews","twitter_misc":{"Scritto da":"Redazione VareseNews","Tempo di lettura stimato":"2 minuti"},"schema":{"@context":"https:\/\/schema.org","@graph":[{"@type":"WebPage","@id":"https:\/\/staging.varesenews.it\/2001\/06\/l-altra-meta-della-letteratura\/261247\/","url":"https:\/\/staging.varesenews.it\/2001\/06\/l-altra-meta-della-letteratura\/261247\/","name":"L'altra met\u00e0 della letteratura","isPartOf":{"@id":"https:\/\/staging.varesenews.it\/#website"},"datePublished":"2001-06-27T00:00:00+00:00","dateModified":"2001-06-27T00:00:00+00:00","author":{"@id":"https:\/\/staging.varesenews.it\/#\/schema\/person\/fb20c4da0b7b16c291707a20db73e169"},"description":"Un ciclo di incontri sulla produzione letteraria femminile","breadcrumb":{"@id":"https:\/\/staging.varesenews.it\/2001\/06\/l-altra-meta-della-letteratura\/261247\/#breadcrumb"},"inLanguage":"it-IT","potentialAction":[{"@type":"ReadAction","target":["https:\/\/staging.varesenews.it\/2001\/06\/l-altra-meta-della-letteratura\/261247\/"]}]},{"@type":"BreadcrumbList","@id":"https:\/\/staging.varesenews.it\/2001\/06\/l-altra-meta-della-letteratura\/261247\/#breadcrumb","itemListElement":[{"@type":"ListItem","position":1,"name":"Home","item":"https:\/\/www.varesenews.it\/"},{"@type":"ListItem","position":2,"name":"L&#8217;altra met\u00e0 della letteratura"}]},{"@type":"WebSite","@id":"https:\/\/staging.varesenews.it\/#website","url":"https:\/\/staging.varesenews.it\/","name":"VareseNews","description":"","potentialAction":[{"@type":"SearchAction","target":{"@type":"EntryPoint","urlTemplate":"https:\/\/staging.varesenews.it\/?s={search_term_string}"},"query-input":"required name=search_term_string"}],"inLanguage":"it-IT"},{"@type":"Person","@id":"https:\/\/staging.varesenews.it\/#\/schema\/person\/fb20c4da0b7b16c291707a20db73e169","name":"Redazione VareseNews","image":{"@type":"ImageObject","inLanguage":"it-IT","@id":"https:\/\/staging.varesenews.it\/#\/schema\/person\/image\/","url":"https:\/\/staging.varesenews.it\/wp-content\/uploads\/2020\/12\/logo_VN_colori_500.png","contentUrl":"https:\/\/staging.varesenews.it\/wp-content\/uploads\/2020\/12\/logo_VN_colori_500.png","caption":"Redazione VareseNews"},"url":"https:\/\/staging.varesenews.it\/persona\/redazione1\/"}]}},"post_meta":{"id_old":"40315","argomento":"Cardano al Campo"},"photos":[],"_links":{"self":[{"href":"https:\/\/staging.varesenews.it\/swgapi\/v1\/wp\/v2\/posts\/261247"}],"collection":[{"href":"https:\/\/staging.varesenews.it\/swgapi\/v1\/wp\/v2\/posts"}],"about":[{"href":"https:\/\/staging.varesenews.it\/swgapi\/v1\/wp\/v2\/types\/post"}],"author":[{"embeddable":true,"href":"https:\/\/staging.varesenews.it\/swgapi\/v1\/wp\/v2\/users\/10"}],"replies":[{"embeddable":true,"href":"https:\/\/staging.varesenews.it\/swgapi\/v1\/wp\/v2\/comments?post=261247"}],"version-history":[{"count":0,"href":"https:\/\/staging.varesenews.it\/swgapi\/v1\/wp\/v2\/posts\/261247\/revisions"}],"wp:attachment":[{"href":"https:\/\/staging.varesenews.it\/swgapi\/v1\/wp\/v2\/media?parent=261247"}],"wp:term":[{"taxonomy":"category","embeddable":true,"href":"https:\/\/staging.varesenews.it\/swgapi\/v1\/wp\/v2\/categories?post=261247"},{"taxonomy":"post_tag","embeddable":true,"href":"https:\/\/staging.varesenews.it\/swgapi\/v1\/wp\/v2\/tags?post=261247"}],"curies":[{"name":"wp","href":"https:\/\/api.w.org\/{rel}","templated":true}]}}