{"id":261827,"date":"2001-04-11T00:00:00","date_gmt":"2001-04-11T00:00:00","guid":{"rendered":""},"modified":"2001-04-11T00:00:00","modified_gmt":"2001-04-11T00:00:00","slug":"grandi-ecofeste-per-combattere-l-inceneritore","status":"publish","type":"post","link":"https:\/\/staging.varesenews.it\/2001\/04\/grandi-ecofeste-per-combattere-l-inceneritore\/261827\/","title":{"rendered":"Grandi ecofeste per combattere l&#8217;inceneritore"},"content":{"rendered":"<table height=\"125\" cellspacing=\"6\" cellpadding=\"0\" width=\"99%\" border=\"0\">\n<tbody>\n<tr>\n<td width=\"100%\" height=\"1\">\n<p class=\"MsoSubtitle\" style=\"TEXT-ALIGN: left\" align=\"left\"><font face=\"Arial\" size=\"3\"><span style=\"FONT-WEIGHT: normal; FONT-SIZE: 12pt; mso-bidi-font-size: 10.0pt\">Grosse iniziative per quanto riguarda fine mese la campagna contro il secondo inceneritore nella provincia di Varese. Il comitato spontaneo sta infatti organizzando delle giornate denominate \u201ceco-feste\u201d che si svolgeranno proprio nei giorni di sabato 21, domenica 22, con un grande concerto finale per il giorno del 25 aprile.<\/p>\n<p>&nbsp;<\/p>\n<p><\/span><\/font><\/p>\n<p class=\"MsoSubtitle\" style=\"TEXT-ALIGN: left\" align=\"left\"><b style=\"mso-bidi-font-weight: normal; mso-ansi-font-weight: normal\"><font face=\"Arial\" size=\"3\"><span style=\"FONT-WEIGHT: normal; FONT-SIZE: 12pt; mso-bidi-font-size: 10.0pt\">\u201cSabato mattina faremo fare ai ragazzi delle scuole un percorso ecologico tra Castigione Olona e Caronno Corbellaro\u201d spiega Mauro Cereda presidente del comitato spontaneo: \u201cA guidare l\u2019escursione vi saranno delle guide e delle guardie ecologiche che porteranno i ragazzi tra i sentieri e i resti storici anche di Gornate Superiore. La sera, invece, la piazza del centro storico di Castiglione sar\u00e0 animata da degli stacchi teatrali sull\u2019argomento dei rifiuti urbani, al quale seguir\u00e0 un convegno con il dottor Fagiani e al termine del quale vi saranno giocolieri e mangiafuoco che animeranno la citt\u00e0\u201d.<\/p>\n<p>&nbsp;<\/p>\n<p><\/span><\/font><\/b><\/p>\n<p class=\"MsoSubtitle\" style=\"TEXT-ALIGN: left\" align=\"left\"><b style=\"mso-bidi-font-weight: normal; mso-ansi-font-weight: normal\"><font face=\"Arial\" size=\"3\"><span style=\"FONT-WEIGHT: normal; FONT-SIZE: 12pt; mso-bidi-font-size: 10.0pt\">Con partenza presso le ex scuole elementari di Gornate Superiore, per domenica mattina \u00e8 organizzato un grande percorso ciclo-turistico e una grande marcia podistica. I Percorsi comprenderanno tute le vie di Caronno Corbellaro e le iscrizioni sono libere e aperte a tutti. La festa proseguir\u00e0 nel pomeriggio: dopo il pranzo curato dall\u2019Avis, saranno presenti gli stand dimostrativi delle varie associazioni come le guardie ecologiche di Varese, WWF, Legambiente che far\u00e0 la dimostrazione del \u201ccompost in piazza\u201d, nonch\u00e8 alcune bancarelle di prodotti biologici. \u201cL\u2019obiettivo \u00e8 quello di passare una domenica diversa\u201d spiega Cereda \u201catta per\u00f2 a sensibilizzare il cittadino verso il mondo della natura: \u00e8 un modo diverso dall\u2019assemblea pubblica di porre all\u2019attenzione del singolo il problema dell\u2019inceneritore\u201d.<\/p>\n<p>&nbsp;<\/p>\n<p><\/span><\/font><\/b><\/p>\n<p class=\"MsoSubtitle\" style=\"TEXT-ALIGN: left\" align=\"left\"><b style=\"mso-bidi-font-weight: normal; mso-ansi-font-weight: normal\"><font face=\"Arial\" size=\"3\"><span style=\"FONT-WEIGHT: normal; FONT-SIZE: 12pt; mso-bidi-font-size: 10.0pt\">Un altro grande avvenimento \u00e8 previsto per mercoled\u00ec 25 aprile: nel tardo pomeriggio una serie di gruppi locali si esibiranno in un concerto rock che andr\u00e0 avanti fino a sera e che culminer\u00e0 con l\u2019esibizione di un\u2019ora del famoso gruppo delle Pornoriviste. \u201cL\u2019obiettivo di questa giornata\u201d conclude Cereda \u201csar\u00e0 avvicinare molti giovani con questa eco-festa rock che vedr\u00e0 protagonisti i giovani stessi\u201d.<\/span><\/font><\/b><font face=\"Courier New\" size=\"3\"><span style=\"FONT-WEIGHT: normal; FONT-SIZE: 12pt; FONT-FAMILY: 'Courier New'; mso-bidi-font-size: 10.0pt; mso-fareast-font-family: 'Arial Unicode MS'\"><\/p>\n<p>&nbsp;<\/p>\n<p><\/span><\/font><\/p>\n<\/td>\n<\/tr>\n<tr>\n<td width=\"100%\" height=\"21\">\n<p align=\"right\" \/><\/td>\n<\/tr>\n<tr>\n<td width=\"100%\" height=\"21\">\n<p align=\"right\"><font face=\"Arial\" color=\"#ff0000\" size=\"2\"><\/font><\/p>\n<\/td>\n<\/tr>\n<\/tbody>\n<\/table>\n","protected":false},"excerpt":{"rendered":"<p>I comitati contro il secondo termodistruttore hanno organizzato per fine mese proprio due giornate ecologiche e un importante concerto rock<\/p>\n","protected":false},"author":10,"featured_media":0,"comment_status":"open","ping_status":"open","sticky":false,"template":"","format":"standard","meta":{"footnotes":""},"categories":[5],"tags":[],"acf":[],"yoast_head":"<!-- This site is optimized with the Yoast SEO plugin v20.1 - https:\/\/yoast.com\/wordpress\/plugins\/seo\/ -->\n<title>Grandi ecofeste per combattere l&#039;inceneritore<\/title>\n<meta name=\"description\" content=\"I comitati contro il secondo termodistruttore hanno organizzato per fine mese proprio due giornate ecologiche e un importante concerto rock\" \/>\n<meta name=\"robots\" content=\"noindex, follow, max-snippet:-1, max-image-preview:large, max-video-preview:-1\" \/>\n<meta property=\"og:locale\" content=\"it_IT\" \/>\n<meta property=\"og:type\" content=\"article\" \/>\n<meta property=\"og:title\" content=\"Grandi ecofeste per combattere l&#039;inceneritore\" \/>\n<meta property=\"og:description\" content=\"I comitati contro il secondo termodistruttore hanno organizzato per fine mese proprio due giornate ecologiche e un importante concerto rock\" \/>\n<meta property=\"og:url\" content=\"https:\/\/staging.varesenews.it\/2001\/04\/grandi-ecofeste-per-combattere-l-inceneritore\/261827\/\" \/>\n<meta property=\"og:site_name\" content=\"VareseNews\" \/>\n<meta property=\"article:publisher\" content=\"https:\/\/www.facebook.com\/varesenews\" \/>\n<meta property=\"article:published_time\" content=\"2001-04-11T00:00:00+00:00\" \/>\n<meta name=\"author\" content=\"Redazione VareseNews\" \/>\n<meta name=\"twitter:card\" content=\"summary_large_image\" \/>\n<meta name=\"twitter:creator\" content=\"@varesenews\" \/>\n<meta name=\"twitter:site\" content=\"@varesenews\" \/>\n<meta name=\"twitter:label1\" content=\"Scritto da\" \/>\n\t<meta name=\"twitter:data1\" content=\"Redazione VareseNews\" \/>\n\t<meta name=\"twitter:label2\" content=\"Tempo di lettura stimato\" \/>\n\t<meta name=\"twitter:data2\" content=\"2 minuti\" \/>\n<script type=\"application\/ld+json\" class=\"yoast-schema-graph\">{\"@context\":\"https:\/\/schema.org\",\"@graph\":[{\"@type\":\"WebPage\",\"@id\":\"https:\/\/staging.varesenews.it\/2001\/04\/grandi-ecofeste-per-combattere-l-inceneritore\/261827\/\",\"url\":\"https:\/\/staging.varesenews.it\/2001\/04\/grandi-ecofeste-per-combattere-l-inceneritore\/261827\/\",\"name\":\"Grandi ecofeste per combattere l'inceneritore\",\"isPartOf\":{\"@id\":\"https:\/\/staging.varesenews.it\/#website\"},\"datePublished\":\"2001-04-11T00:00:00+00:00\",\"dateModified\":\"2001-04-11T00:00:00+00:00\",\"author\":{\"@id\":\"https:\/\/staging.varesenews.it\/#\/schema\/person\/fb20c4da0b7b16c291707a20db73e169\"},\"description\":\"I comitati contro il secondo termodistruttore hanno organizzato per fine mese proprio due giornate ecologiche e un importante concerto rock\",\"breadcrumb\":{\"@id\":\"https:\/\/staging.varesenews.it\/2001\/04\/grandi-ecofeste-per-combattere-l-inceneritore\/261827\/#breadcrumb\"},\"inLanguage\":\"it-IT\",\"potentialAction\":[{\"@type\":\"ReadAction\",\"target\":[\"https:\/\/staging.varesenews.it\/2001\/04\/grandi-ecofeste-per-combattere-l-inceneritore\/261827\/\"]}]},{\"@type\":\"BreadcrumbList\",\"@id\":\"https:\/\/staging.varesenews.it\/2001\/04\/grandi-ecofeste-per-combattere-l-inceneritore\/261827\/#breadcrumb\",\"itemListElement\":[{\"@type\":\"ListItem\",\"position\":1,\"name\":\"Home\",\"item\":\"https:\/\/www.varesenews.it\/\"},{\"@type\":\"ListItem\",\"position\":2,\"name\":\"Grandi ecofeste per combattere l&#8217;inceneritore\"}]},{\"@type\":\"WebSite\",\"@id\":\"https:\/\/staging.varesenews.it\/#website\",\"url\":\"https:\/\/staging.varesenews.it\/\",\"name\":\"VareseNews\",\"description\":\"\",\"potentialAction\":[{\"@type\":\"SearchAction\",\"target\":{\"@type\":\"EntryPoint\",\"urlTemplate\":\"https:\/\/staging.varesenews.it\/?s={search_term_string}\"},\"query-input\":\"required name=search_term_string\"}],\"inLanguage\":\"it-IT\"},{\"@type\":\"Person\",\"@id\":\"https:\/\/staging.varesenews.it\/#\/schema\/person\/fb20c4da0b7b16c291707a20db73e169\",\"name\":\"Redazione VareseNews\",\"image\":{\"@type\":\"ImageObject\",\"inLanguage\":\"it-IT\",\"@id\":\"https:\/\/staging.varesenews.it\/#\/schema\/person\/image\/\",\"url\":\"https:\/\/staging.varesenews.it\/wp-content\/uploads\/2020\/12\/logo_VN_colori_500.png\",\"contentUrl\":\"https:\/\/staging.varesenews.it\/wp-content\/uploads\/2020\/12\/logo_VN_colori_500.png\",\"caption\":\"Redazione VareseNews\"},\"url\":\"https:\/\/staging.varesenews.it\/persona\/redazione1\/\"}]}<\/script>\n<!-- \/ Yoast SEO plugin. -->","yoast_head_json":{"title":"Grandi ecofeste per combattere l'inceneritore","description":"I comitati contro il secondo termodistruttore hanno organizzato per fine mese proprio due giornate ecologiche e un importante concerto rock","robots":{"index":"noindex","follow":"follow","max-snippet":"max-snippet:-1","max-image-preview":"max-image-preview:large","max-video-preview":"max-video-preview:-1"},"og_locale":"it_IT","og_type":"article","og_title":"Grandi ecofeste per combattere l'inceneritore","og_description":"I comitati contro il secondo termodistruttore hanno organizzato per fine mese proprio due giornate ecologiche e un importante concerto rock","og_url":"https:\/\/staging.varesenews.it\/2001\/04\/grandi-ecofeste-per-combattere-l-inceneritore\/261827\/","og_site_name":"VareseNews","article_publisher":"https:\/\/www.facebook.com\/varesenews","article_published_time":"2001-04-11T00:00:00+00:00","author":"Redazione VareseNews","twitter_card":"summary_large_image","twitter_creator":"@varesenews","twitter_site":"@varesenews","twitter_misc":{"Scritto da":"Redazione VareseNews","Tempo di lettura stimato":"2 minuti"},"schema":{"@context":"https:\/\/schema.org","@graph":[{"@type":"WebPage","@id":"https:\/\/staging.varesenews.it\/2001\/04\/grandi-ecofeste-per-combattere-l-inceneritore\/261827\/","url":"https:\/\/staging.varesenews.it\/2001\/04\/grandi-ecofeste-per-combattere-l-inceneritore\/261827\/","name":"Grandi ecofeste per combattere l'inceneritore","isPartOf":{"@id":"https:\/\/staging.varesenews.it\/#website"},"datePublished":"2001-04-11T00:00:00+00:00","dateModified":"2001-04-11T00:00:00+00:00","author":{"@id":"https:\/\/staging.varesenews.it\/#\/schema\/person\/fb20c4da0b7b16c291707a20db73e169"},"description":"I comitati contro il secondo termodistruttore hanno organizzato per fine mese proprio due giornate ecologiche e un importante concerto rock","breadcrumb":{"@id":"https:\/\/staging.varesenews.it\/2001\/04\/grandi-ecofeste-per-combattere-l-inceneritore\/261827\/#breadcrumb"},"inLanguage":"it-IT","potentialAction":[{"@type":"ReadAction","target":["https:\/\/staging.varesenews.it\/2001\/04\/grandi-ecofeste-per-combattere-l-inceneritore\/261827\/"]}]},{"@type":"BreadcrumbList","@id":"https:\/\/staging.varesenews.it\/2001\/04\/grandi-ecofeste-per-combattere-l-inceneritore\/261827\/#breadcrumb","itemListElement":[{"@type":"ListItem","position":1,"name":"Home","item":"https:\/\/www.varesenews.it\/"},{"@type":"ListItem","position":2,"name":"Grandi ecofeste per combattere l&#8217;inceneritore"}]},{"@type":"WebSite","@id":"https:\/\/staging.varesenews.it\/#website","url":"https:\/\/staging.varesenews.it\/","name":"VareseNews","description":"","potentialAction":[{"@type":"SearchAction","target":{"@type":"EntryPoint","urlTemplate":"https:\/\/staging.varesenews.it\/?s={search_term_string}"},"query-input":"required name=search_term_string"}],"inLanguage":"it-IT"},{"@type":"Person","@id":"https:\/\/staging.varesenews.it\/#\/schema\/person\/fb20c4da0b7b16c291707a20db73e169","name":"Redazione VareseNews","image":{"@type":"ImageObject","inLanguage":"it-IT","@id":"https:\/\/staging.varesenews.it\/#\/schema\/person\/image\/","url":"https:\/\/staging.varesenews.it\/wp-content\/uploads\/2020\/12\/logo_VN_colori_500.png","contentUrl":"https:\/\/staging.varesenews.it\/wp-content\/uploads\/2020\/12\/logo_VN_colori_500.png","caption":"Redazione VareseNews"},"url":"https:\/\/staging.varesenews.it\/persona\/redazione1\/"}]}},"post_meta":{"id_old":"39702","argomento":"Castiglione Olona","autore_old":"Manuel Sgarella"},"photos":[],"_links":{"self":[{"href":"https:\/\/staging.varesenews.it\/swgapi\/v1\/wp\/v2\/posts\/261827"}],"collection":[{"href":"https:\/\/staging.varesenews.it\/swgapi\/v1\/wp\/v2\/posts"}],"about":[{"href":"https:\/\/staging.varesenews.it\/swgapi\/v1\/wp\/v2\/types\/post"}],"author":[{"embeddable":true,"href":"https:\/\/staging.varesenews.it\/swgapi\/v1\/wp\/v2\/users\/10"}],"replies":[{"embeddable":true,"href":"https:\/\/staging.varesenews.it\/swgapi\/v1\/wp\/v2\/comments?post=261827"}],"version-history":[{"count":0,"href":"https:\/\/staging.varesenews.it\/swgapi\/v1\/wp\/v2\/posts\/261827\/revisions"}],"wp:attachment":[{"href":"https:\/\/staging.varesenews.it\/swgapi\/v1\/wp\/v2\/media?parent=261827"}],"wp:term":[{"taxonomy":"category","embeddable":true,"href":"https:\/\/staging.varesenews.it\/swgapi\/v1\/wp\/v2\/categories?post=261827"},{"taxonomy":"post_tag","embeddable":true,"href":"https:\/\/staging.varesenews.it\/swgapi\/v1\/wp\/v2\/tags?post=261827"}],"curies":[{"name":"wp","href":"https:\/\/api.w.org\/{rel}","templated":true}]}}