{"id":261833,"date":"2001-04-10T00:00:00","date_gmt":"2001-04-10T00:00:00","guid":{"rendered":""},"modified":"2001-04-10T00:00:00","modified_gmt":"2001-04-10T00:00:00","slug":"ritorna-buffoni-dobbiamo-recuperare-il-tempo-perduto","status":"publish","type":"post","link":"https:\/\/staging.varesenews.it\/2001\/04\/ritorna-buffoni-dobbiamo-recuperare-il-tempo-perduto\/261833\/","title":{"rendered":"Ritorna Buffoni: &#8220;Dobbiamo recuperare il tempo perduto&#8221;"},"content":{"rendered":"<p><font face=\"Arial\">Andrea Buffoni \u00e8 tornato. La presentazione ufficiale della sua candidatura ha raccolto un pubblico attento. Comincia per lui una nuova avventura circondata da attese, dato che la sua presenza rischia di diventare determinante. E sulla scena politica si apre una domanda di fondo. Quanto conta oggi tra i gallaratesi il giudizio sulle vicende di Tangentopoli in cui Buffoni \u00e8 stato coinvolto? Da questa debolezza Buffoni pu\u00f2 smarcarsi solo con la forza dell\u2019esperienza, giocando sulla competenza e capacit\u00e0 di progetto. E l\u2019ex leader socialista ha cercato di battere su quel tasto. &quot;Dove eravamo rimasti?&quot; ha esordito, paragonandosi a un vecchio antifascista di ritorno dall\u2019esilio. E poi l\u2019attacco al post-Tangentopoli. &quot;Questa Gallarate \u00e8 cos\u00ec diversa da quella che avevamo lasciato&quot;. Triste, decaduta, fuori dal giro che conta. Opportunit\u00e0 mancate, occasioni gettate al vento, trascuratezza. Una Caporetto, secondo Buffoni. &quot;Noi dobbiamo recuperare il tempo perduto&quot;. La ricerca del candidato \u00e8 iniziata a piccoli passi. &quot;\u00c8 stata come un sasso nello stagno. Ma di una cosa ci dovete dare atto: abbiamo rivitalizzato la capacit\u00e0 critica di una parte di cittadini delusi dal grigiore di questi anni&quot;. <\/font><\/p>\n<p align=\"left\"><font face=\"arial,helvetica,sans-serif\">Anni, almeno gli ultimi tre, governati dal Polo. Buffoni \u00e8 stato duro con Forza Italia, &quot;ci hanno denigrato con insinuazioni e chiacchiere&quot;, e ha lanciato un avvertimento: &quot;Compromettere i rapporti adesso lascer\u00e0 dei segni&quot;.<\/font><\/p>\n<p align=\"left\"><font face=\"arial,helvetica,sans-serif\">La tensione con il Polo ha poi ceduto il passo all\u2019orgoglio. &quot;Ci dicono che siamo il vecchio. Se aver dotato Gallarate di servizi eccellenti \u00e8 vecchio, beh, allora siamo vecchi&quot;. La difesa del passato \u00e8 stata ferma. Buffoni \u00e8 stato sindaco per otto anni della citt\u00e0, tra gli anni Settanta e Ottanta. &quot;Abbiamo trasformato Gallarate: asili, palestre, scuole, opere urbanistiche. E poi la tutela dei deboli. Alcuni l\u2019hanno chiamato clientelismo. Voi chiamatelo come volete, ma noi dei poveri ce ne siamo occupati. Cosa ci hanno lasciato i nuovi politici? Hanno parlato per 10 anni della 336 senza concludere nulla. Hanno deciso tutto senza coinvolgere la citt\u00e0. Se questo \u00e8 il nuovo, noi non siamo nuovi&quot;.<br \/>Poi Buffoni ha parlato del futuro. &quot;In consiglio noi ci saremo &#8211; ha assicurato \u2013 con disinteresse e senza sconti per nessuno&quot;. Ai presenti \u00e8 stato distribuito il programma. Ambizioso, in cui spicca la condanna dei centri commerciali sulla 336 e la costituzione di un comitato di saggi per ripensare la citt\u00e0. Il tutto nei primi 100 giorni di governo.<\/font><\/p>\n<p align=\"left\"><font face=\"arial,helvetica,sans-serif\">A sostegno di Buffoni si presenta la lista &quot;Progetto Comune Gallarate 2010&quot;. Gli ex leghisti Massimo Gnocchi, Andrea Rigliano e Giovanni Turri sono intervenuti, presentando lo slogan della lista: &quot;Onda d\u2019urto&quot;.<\/font><\/p>\n<p align=\"left\"><font face=\"arial,helvetica,sans-serif\">Gnocchi e i suoi sono quanto di pi\u00f9 lontano si possa immaginare dal vecchio personale politico del pentapartito inserito tra le file della lista Buffoni. Nell\u2019ultimo consiglio comunale hanno condotto battaglie disinteressate. E dopo la loro dipartita la Lega sanguina. L\u2019accordo sul programma per\u00f2 \u00e8 stato raggiunto in tempi brevissimi. <\/font><\/p>\n<p align=\"left\"><font face=\"arial,helvetica,sans-serif\">E alla fine c\u2019\u00e8 stato anche spazio per il lato umano. &quot;Mi sento ringiovanito \u2013 ha concluso Buffoni \u2013 ma non dimentico di aver vissuto momenti di grande solitudine e amarezza&quot;.<\/font><\/p>\n<p align=\"right\"><font face=\"arial,helvetica,sans-serif\"><\/font><\/p>\n","protected":false},"excerpt":{"rendered":"<p>Entusiasmo alla presentazione della lista &#8220;Andrea Buffoni sindaco&#8221;. Il vecchio leader socialista punta al ballottaggio<\/p>\n","protected":false},"author":10,"featured_media":0,"comment_status":"open","ping_status":"open","sticky":false,"template":"","format":"standard","meta":{"footnotes":""},"categories":[3],"tags":[],"acf":[],"yoast_head":"<!-- This site is optimized with the Yoast SEO plugin v20.1 - https:\/\/yoast.com\/wordpress\/plugins\/seo\/ -->\n<title>Ritorna Buffoni: &quot;Dobbiamo recuperare il tempo perduto&quot;<\/title>\n<meta name=\"description\" content=\"Entusiasmo alla presentazione della lista &quot;Andrea Buffoni sindaco&quot;. Il vecchio leader socialista punta al ballottaggio\" \/>\n<meta name=\"robots\" content=\"noindex, follow, max-snippet:-1, max-image-preview:large, max-video-preview:-1\" \/>\n<meta property=\"og:locale\" content=\"it_IT\" \/>\n<meta property=\"og:type\" content=\"article\" \/>\n<meta property=\"og:title\" content=\"Ritorna Buffoni: &quot;Dobbiamo recuperare il tempo perduto&quot;\" \/>\n<meta property=\"og:description\" content=\"Entusiasmo alla presentazione della lista &quot;Andrea Buffoni sindaco&quot;. Il vecchio leader socialista punta al ballottaggio\" \/>\n<meta property=\"og:url\" content=\"https:\/\/staging.varesenews.it\/2001\/04\/ritorna-buffoni-dobbiamo-recuperare-il-tempo-perduto\/261833\/\" \/>\n<meta property=\"og:site_name\" content=\"VareseNews\" \/>\n<meta property=\"article:publisher\" content=\"https:\/\/www.facebook.com\/varesenews\" \/>\n<meta property=\"article:published_time\" content=\"2001-04-10T00:00:00+00:00\" \/>\n<meta name=\"author\" content=\"Redazione VareseNews\" \/>\n<meta name=\"twitter:card\" content=\"summary_large_image\" \/>\n<meta name=\"twitter:creator\" content=\"@varesenews\" \/>\n<meta name=\"twitter:site\" content=\"@varesenews\" \/>\n<meta name=\"twitter:label1\" content=\"Scritto da\" \/>\n\t<meta name=\"twitter:data1\" content=\"Redazione VareseNews\" \/>\n\t<meta name=\"twitter:label2\" content=\"Tempo di lettura stimato\" \/>\n\t<meta name=\"twitter:data2\" content=\"3 minuti\" \/>\n<script type=\"application\/ld+json\" class=\"yoast-schema-graph\">{\"@context\":\"https:\/\/schema.org\",\"@graph\":[{\"@type\":\"WebPage\",\"@id\":\"https:\/\/staging.varesenews.it\/2001\/04\/ritorna-buffoni-dobbiamo-recuperare-il-tempo-perduto\/261833\/\",\"url\":\"https:\/\/staging.varesenews.it\/2001\/04\/ritorna-buffoni-dobbiamo-recuperare-il-tempo-perduto\/261833\/\",\"name\":\"Ritorna Buffoni: \\\"Dobbiamo recuperare il tempo perduto\\\"\",\"isPartOf\":{\"@id\":\"https:\/\/staging.varesenews.it\/#website\"},\"datePublished\":\"2001-04-10T00:00:00+00:00\",\"dateModified\":\"2001-04-10T00:00:00+00:00\",\"author\":{\"@id\":\"https:\/\/staging.varesenews.it\/#\/schema\/person\/fb20c4da0b7b16c291707a20db73e169\"},\"description\":\"Entusiasmo alla presentazione della lista \\\"Andrea Buffoni sindaco\\\". Il vecchio leader socialista punta al ballottaggio\",\"breadcrumb\":{\"@id\":\"https:\/\/staging.varesenews.it\/2001\/04\/ritorna-buffoni-dobbiamo-recuperare-il-tempo-perduto\/261833\/#breadcrumb\"},\"inLanguage\":\"it-IT\",\"potentialAction\":[{\"@type\":\"ReadAction\",\"target\":[\"https:\/\/staging.varesenews.it\/2001\/04\/ritorna-buffoni-dobbiamo-recuperare-il-tempo-perduto\/261833\/\"]}]},{\"@type\":\"BreadcrumbList\",\"@id\":\"https:\/\/staging.varesenews.it\/2001\/04\/ritorna-buffoni-dobbiamo-recuperare-il-tempo-perduto\/261833\/#breadcrumb\",\"itemListElement\":[{\"@type\":\"ListItem\",\"position\":1,\"name\":\"Home\",\"item\":\"https:\/\/www.varesenews.it\/\"},{\"@type\":\"ListItem\",\"position\":2,\"name\":\"Ritorna Buffoni: &#8220;Dobbiamo recuperare il tempo perduto&#8221;\"}]},{\"@type\":\"WebSite\",\"@id\":\"https:\/\/staging.varesenews.it\/#website\",\"url\":\"https:\/\/staging.varesenews.it\/\",\"name\":\"VareseNews\",\"description\":\"\",\"potentialAction\":[{\"@type\":\"SearchAction\",\"target\":{\"@type\":\"EntryPoint\",\"urlTemplate\":\"https:\/\/staging.varesenews.it\/?s={search_term_string}\"},\"query-input\":\"required name=search_term_string\"}],\"inLanguage\":\"it-IT\"},{\"@type\":\"Person\",\"@id\":\"https:\/\/staging.varesenews.it\/#\/schema\/person\/fb20c4da0b7b16c291707a20db73e169\",\"name\":\"Redazione VareseNews\",\"image\":{\"@type\":\"ImageObject\",\"inLanguage\":\"it-IT\",\"@id\":\"https:\/\/staging.varesenews.it\/#\/schema\/person\/image\/\",\"url\":\"https:\/\/staging.varesenews.it\/wp-content\/uploads\/2020\/12\/logo_VN_colori_500.png\",\"contentUrl\":\"https:\/\/staging.varesenews.it\/wp-content\/uploads\/2020\/12\/logo_VN_colori_500.png\",\"caption\":\"Redazione VareseNews\"},\"url\":\"https:\/\/staging.varesenews.it\/persona\/redazione1\/\"}]}<\/script>\n<!-- \/ Yoast SEO plugin. -->","yoast_head_json":{"title":"Ritorna Buffoni: \"Dobbiamo recuperare il tempo perduto\"","description":"Entusiasmo alla presentazione della lista \"Andrea Buffoni sindaco\". Il vecchio leader socialista punta al ballottaggio","robots":{"index":"noindex","follow":"follow","max-snippet":"max-snippet:-1","max-image-preview":"max-image-preview:large","max-video-preview":"max-video-preview:-1"},"og_locale":"it_IT","og_type":"article","og_title":"Ritorna Buffoni: \"Dobbiamo recuperare il tempo perduto\"","og_description":"Entusiasmo alla presentazione della lista \"Andrea Buffoni sindaco\". Il vecchio leader socialista punta al ballottaggio","og_url":"https:\/\/staging.varesenews.it\/2001\/04\/ritorna-buffoni-dobbiamo-recuperare-il-tempo-perduto\/261833\/","og_site_name":"VareseNews","article_publisher":"https:\/\/www.facebook.com\/varesenews","article_published_time":"2001-04-10T00:00:00+00:00","author":"Redazione VareseNews","twitter_card":"summary_large_image","twitter_creator":"@varesenews","twitter_site":"@varesenews","twitter_misc":{"Scritto da":"Redazione VareseNews","Tempo di lettura stimato":"3 minuti"},"schema":{"@context":"https:\/\/schema.org","@graph":[{"@type":"WebPage","@id":"https:\/\/staging.varesenews.it\/2001\/04\/ritorna-buffoni-dobbiamo-recuperare-il-tempo-perduto\/261833\/","url":"https:\/\/staging.varesenews.it\/2001\/04\/ritorna-buffoni-dobbiamo-recuperare-il-tempo-perduto\/261833\/","name":"Ritorna Buffoni: \"Dobbiamo recuperare il tempo perduto\"","isPartOf":{"@id":"https:\/\/staging.varesenews.it\/#website"},"datePublished":"2001-04-10T00:00:00+00:00","dateModified":"2001-04-10T00:00:00+00:00","author":{"@id":"https:\/\/staging.varesenews.it\/#\/schema\/person\/fb20c4da0b7b16c291707a20db73e169"},"description":"Entusiasmo alla presentazione della lista \"Andrea Buffoni sindaco\". Il vecchio leader socialista punta al ballottaggio","breadcrumb":{"@id":"https:\/\/staging.varesenews.it\/2001\/04\/ritorna-buffoni-dobbiamo-recuperare-il-tempo-perduto\/261833\/#breadcrumb"},"inLanguage":"it-IT","potentialAction":[{"@type":"ReadAction","target":["https:\/\/staging.varesenews.it\/2001\/04\/ritorna-buffoni-dobbiamo-recuperare-il-tempo-perduto\/261833\/"]}]},{"@type":"BreadcrumbList","@id":"https:\/\/staging.varesenews.it\/2001\/04\/ritorna-buffoni-dobbiamo-recuperare-il-tempo-perduto\/261833\/#breadcrumb","itemListElement":[{"@type":"ListItem","position":1,"name":"Home","item":"https:\/\/www.varesenews.it\/"},{"@type":"ListItem","position":2,"name":"Ritorna Buffoni: &#8220;Dobbiamo recuperare il tempo perduto&#8221;"}]},{"@type":"WebSite","@id":"https:\/\/staging.varesenews.it\/#website","url":"https:\/\/staging.varesenews.it\/","name":"VareseNews","description":"","potentialAction":[{"@type":"SearchAction","target":{"@type":"EntryPoint","urlTemplate":"https:\/\/staging.varesenews.it\/?s={search_term_string}"},"query-input":"required name=search_term_string"}],"inLanguage":"it-IT"},{"@type":"Person","@id":"https:\/\/staging.varesenews.it\/#\/schema\/person\/fb20c4da0b7b16c291707a20db73e169","name":"Redazione VareseNews","image":{"@type":"ImageObject","inLanguage":"it-IT","@id":"https:\/\/staging.varesenews.it\/#\/schema\/person\/image\/","url":"https:\/\/staging.varesenews.it\/wp-content\/uploads\/2020\/12\/logo_VN_colori_500.png","contentUrl":"https:\/\/staging.varesenews.it\/wp-content\/uploads\/2020\/12\/logo_VN_colori_500.png","caption":"Redazione VareseNews"},"url":"https:\/\/staging.varesenews.it\/persona\/redazione1\/"}]}},"post_meta":{"id_old":"39695","argomento":"Speciale elezioni","autore_old":"Roberto Rotondo"},"photos":[],"_links":{"self":[{"href":"https:\/\/staging.varesenews.it\/swgapi\/v1\/wp\/v2\/posts\/261833"}],"collection":[{"href":"https:\/\/staging.varesenews.it\/swgapi\/v1\/wp\/v2\/posts"}],"about":[{"href":"https:\/\/staging.varesenews.it\/swgapi\/v1\/wp\/v2\/types\/post"}],"author":[{"embeddable":true,"href":"https:\/\/staging.varesenews.it\/swgapi\/v1\/wp\/v2\/users\/10"}],"replies":[{"embeddable":true,"href":"https:\/\/staging.varesenews.it\/swgapi\/v1\/wp\/v2\/comments?post=261833"}],"version-history":[{"count":0,"href":"https:\/\/staging.varesenews.it\/swgapi\/v1\/wp\/v2\/posts\/261833\/revisions"}],"wp:attachment":[{"href":"https:\/\/staging.varesenews.it\/swgapi\/v1\/wp\/v2\/media?parent=261833"}],"wp:term":[{"taxonomy":"category","embeddable":true,"href":"https:\/\/staging.varesenews.it\/swgapi\/v1\/wp\/v2\/categories?post=261833"},{"taxonomy":"post_tag","embeddable":true,"href":"https:\/\/staging.varesenews.it\/swgapi\/v1\/wp\/v2\/tags?post=261833"}],"curies":[{"name":"wp","href":"https:\/\/api.w.org\/{rel}","templated":true}]}}