{"id":261866,"date":"2001-04-05T00:00:00","date_gmt":"2001-04-05T00:00:00","guid":{"rendered":""},"modified":"2001-04-05T00:00:00","modified_gmt":"2001-04-05T00:00:00","slug":"ulivo-con-i-sindaci-su-malpensa","status":"publish","type":"post","link":"https:\/\/staging.varesenews.it\/2001\/04\/ulivo-con-i-sindaci-su-malpensa\/261866\/","title":{"rendered":"Ulivo con i Sindaci su Malpensa"},"content":{"rendered":"<p><font face=\"Arial\"><font color=\"#ff0000\" size=\"2\">Riceviamo e pubblichiamo<br \/><\/font><font size=\"3\">I candidati del centro sinistra nei collegi della camera e del senato interessati dal problema Malpensa e dal suo impatto sul territorio, dopo il documento gi\u00e0 sottoscritto insieme a tutti i candidati dell\u2019Ulivo della Provincia, per dare regole e limiti allo sviluppo dell\u2019aeroporto di Malpensa, sottoscrivono integralmente il patto per il territorio proposto dal Coordinamento dei sindaci di Malpensa in data 27 marzo 2001.<\/font> <\/font><\/p>\n<p><font face=\"arial,helvetica,sans-serif\" size=\"3\">I candidati alla camera Roberto Caielli, Pierluigi Galli, Renato Pagnan, Fabrizio Taricco (nei collegi di Sesto Calende, Gallarate, Busto Arsizio e Tradate) e quelli al senato Maurizio Ampollini e Giovanni Canziani (collegi di Gallarate e Busto Arsizio) dichiarano inoltre che:<\/font><\/p>\n<ol>\n<li><font face=\"arial,helvetica,sans-serif\"><font size=\"3\">L\u2019interesse e il diritto delle popolazioni, il rispetto per l\u2019ambiente, vengono prima delle ragioni dell\u2019economia e del mercato.<\/font> <\/font><\/li>\n<li><font face=\"arial,helvetica,sans-serif\"><font size=\"3\">Il caso Malpensa \u00e8 e sar\u00e0 un banco di prova decisivo per la democrazia e le istituzioni, perci\u00f2 tutte le forze politiche e tutte le istituzioni devono assumere impegni coerenti in tutte le sedi.<\/font> <\/font><\/li>\n<li><font face=\"arial,helvetica,sans-serif\"><font size=\"3\">Il ruolo dei Comuni, che rappresentano le popolazioni, va riconosciuto come fondamentale, anche con nuovi strumenti formativi, perch\u00e9 il loro giudizio conti davvero nelle sedi dove si controlla, si programma e si decide il futuro di Malpensa.<\/font> <\/font><\/li>\n<\/ol>\n<p align=\"right\"><font face=\"arial,helvetica,sans-serif\" size=\"3\">Roberto Caielli, Pierluigi Galli, Renato Pagnan, Fabrizio Taricco,<br \/>Maurizio Ampollini, Giovanni Canziani<\/font><\/p>\n","protected":false},"excerpt":{"rendered":"<p>I candidati dell\u2019Ulivo sottoscrivono il Patto per Malpensa proposto dai sindaci<\/p>\n","protected":false},"author":10,"featured_media":0,"comment_status":"open","ping_status":"open","sticky":false,"template":"","format":"standard","meta":{"footnotes":""},"categories":[3],"tags":[],"acf":[],"yoast_head":"<!-- This site is optimized with the Yoast SEO plugin v20.1 - https:\/\/yoast.com\/wordpress\/plugins\/seo\/ -->\n<title>Ulivo con i Sindaci su Malpensa<\/title>\n<meta name=\"description\" content=\"I candidati dell\u2019Ulivo sottoscrivono il Patto per Malpensa proposto dai sindaci\" \/>\n<meta name=\"robots\" content=\"noindex, follow, max-snippet:-1, max-image-preview:large, max-video-preview:-1\" \/>\n<meta property=\"og:locale\" content=\"it_IT\" \/>\n<meta property=\"og:type\" content=\"article\" \/>\n<meta property=\"og:title\" content=\"Ulivo con i Sindaci su Malpensa\" \/>\n<meta property=\"og:description\" content=\"I candidati dell\u2019Ulivo sottoscrivono il Patto per Malpensa proposto dai sindaci\" \/>\n<meta property=\"og:url\" content=\"https:\/\/staging.varesenews.it\/2001\/04\/ulivo-con-i-sindaci-su-malpensa\/261866\/\" \/>\n<meta property=\"og:site_name\" content=\"VareseNews\" \/>\n<meta property=\"article:publisher\" content=\"https:\/\/www.facebook.com\/varesenews\" \/>\n<meta property=\"article:published_time\" content=\"2001-04-05T00:00:00+00:00\" \/>\n<meta name=\"author\" content=\"Redazione VareseNews\" \/>\n<meta name=\"twitter:card\" content=\"summary_large_image\" \/>\n<meta name=\"twitter:creator\" content=\"@varesenews\" \/>\n<meta name=\"twitter:site\" content=\"@varesenews\" \/>\n<meta name=\"twitter:label1\" content=\"Scritto da\" \/>\n\t<meta name=\"twitter:data1\" content=\"Redazione VareseNews\" \/>\n\t<meta name=\"twitter:label2\" content=\"Tempo di lettura stimato\" \/>\n\t<meta name=\"twitter:data2\" content=\"1 minuto\" \/>\n<script type=\"application\/ld+json\" class=\"yoast-schema-graph\">{\"@context\":\"https:\/\/schema.org\",\"@graph\":[{\"@type\":\"WebPage\",\"@id\":\"https:\/\/staging.varesenews.it\/2001\/04\/ulivo-con-i-sindaci-su-malpensa\/261866\/\",\"url\":\"https:\/\/staging.varesenews.it\/2001\/04\/ulivo-con-i-sindaci-su-malpensa\/261866\/\",\"name\":\"Ulivo con i Sindaci su Malpensa\",\"isPartOf\":{\"@id\":\"https:\/\/staging.varesenews.it\/#website\"},\"datePublished\":\"2001-04-05T00:00:00+00:00\",\"dateModified\":\"2001-04-05T00:00:00+00:00\",\"author\":{\"@id\":\"https:\/\/staging.varesenews.it\/#\/schema\/person\/fb20c4da0b7b16c291707a20db73e169\"},\"description\":\"I candidati dell\u2019Ulivo sottoscrivono il Patto per Malpensa proposto dai sindaci\",\"breadcrumb\":{\"@id\":\"https:\/\/staging.varesenews.it\/2001\/04\/ulivo-con-i-sindaci-su-malpensa\/261866\/#breadcrumb\"},\"inLanguage\":\"it-IT\",\"potentialAction\":[{\"@type\":\"ReadAction\",\"target\":[\"https:\/\/staging.varesenews.it\/2001\/04\/ulivo-con-i-sindaci-su-malpensa\/261866\/\"]}]},{\"@type\":\"BreadcrumbList\",\"@id\":\"https:\/\/staging.varesenews.it\/2001\/04\/ulivo-con-i-sindaci-su-malpensa\/261866\/#breadcrumb\",\"itemListElement\":[{\"@type\":\"ListItem\",\"position\":1,\"name\":\"Home\",\"item\":\"https:\/\/www.varesenews.it\/\"},{\"@type\":\"ListItem\",\"position\":2,\"name\":\"Ulivo con i Sindaci su Malpensa\"}]},{\"@type\":\"WebSite\",\"@id\":\"https:\/\/staging.varesenews.it\/#website\",\"url\":\"https:\/\/staging.varesenews.it\/\",\"name\":\"VareseNews\",\"description\":\"\",\"potentialAction\":[{\"@type\":\"SearchAction\",\"target\":{\"@type\":\"EntryPoint\",\"urlTemplate\":\"https:\/\/staging.varesenews.it\/?s={search_term_string}\"},\"query-input\":\"required name=search_term_string\"}],\"inLanguage\":\"it-IT\"},{\"@type\":\"Person\",\"@id\":\"https:\/\/staging.varesenews.it\/#\/schema\/person\/fb20c4da0b7b16c291707a20db73e169\",\"name\":\"Redazione VareseNews\",\"image\":{\"@type\":\"ImageObject\",\"inLanguage\":\"it-IT\",\"@id\":\"https:\/\/staging.varesenews.it\/#\/schema\/person\/image\/\",\"url\":\"https:\/\/staging.varesenews.it\/wp-content\/uploads\/2020\/12\/logo_VN_colori_500.png\",\"contentUrl\":\"https:\/\/staging.varesenews.it\/wp-content\/uploads\/2020\/12\/logo_VN_colori_500.png\",\"caption\":\"Redazione VareseNews\"},\"url\":\"https:\/\/staging.varesenews.it\/persona\/redazione1\/\"}]}<\/script>\n<!-- \/ Yoast SEO plugin. -->","yoast_head_json":{"title":"Ulivo con i Sindaci su Malpensa","description":"I candidati dell\u2019Ulivo sottoscrivono il Patto per Malpensa proposto dai sindaci","robots":{"index":"noindex","follow":"follow","max-snippet":"max-snippet:-1","max-image-preview":"max-image-preview:large","max-video-preview":"max-video-preview:-1"},"og_locale":"it_IT","og_type":"article","og_title":"Ulivo con i Sindaci su Malpensa","og_description":"I candidati dell\u2019Ulivo sottoscrivono il Patto per Malpensa proposto dai sindaci","og_url":"https:\/\/staging.varesenews.it\/2001\/04\/ulivo-con-i-sindaci-su-malpensa\/261866\/","og_site_name":"VareseNews","article_publisher":"https:\/\/www.facebook.com\/varesenews","article_published_time":"2001-04-05T00:00:00+00:00","author":"Redazione VareseNews","twitter_card":"summary_large_image","twitter_creator":"@varesenews","twitter_site":"@varesenews","twitter_misc":{"Scritto da":"Redazione VareseNews","Tempo di lettura stimato":"1 minuto"},"schema":{"@context":"https:\/\/schema.org","@graph":[{"@type":"WebPage","@id":"https:\/\/staging.varesenews.it\/2001\/04\/ulivo-con-i-sindaci-su-malpensa\/261866\/","url":"https:\/\/staging.varesenews.it\/2001\/04\/ulivo-con-i-sindaci-su-malpensa\/261866\/","name":"Ulivo con i Sindaci su Malpensa","isPartOf":{"@id":"https:\/\/staging.varesenews.it\/#website"},"datePublished":"2001-04-05T00:00:00+00:00","dateModified":"2001-04-05T00:00:00+00:00","author":{"@id":"https:\/\/staging.varesenews.it\/#\/schema\/person\/fb20c4da0b7b16c291707a20db73e169"},"description":"I candidati dell\u2019Ulivo sottoscrivono il Patto per Malpensa proposto dai sindaci","breadcrumb":{"@id":"https:\/\/staging.varesenews.it\/2001\/04\/ulivo-con-i-sindaci-su-malpensa\/261866\/#breadcrumb"},"inLanguage":"it-IT","potentialAction":[{"@type":"ReadAction","target":["https:\/\/staging.varesenews.it\/2001\/04\/ulivo-con-i-sindaci-su-malpensa\/261866\/"]}]},{"@type":"BreadcrumbList","@id":"https:\/\/staging.varesenews.it\/2001\/04\/ulivo-con-i-sindaci-su-malpensa\/261866\/#breadcrumb","itemListElement":[{"@type":"ListItem","position":1,"name":"Home","item":"https:\/\/www.varesenews.it\/"},{"@type":"ListItem","position":2,"name":"Ulivo con i Sindaci su Malpensa"}]},{"@type":"WebSite","@id":"https:\/\/staging.varesenews.it\/#website","url":"https:\/\/staging.varesenews.it\/","name":"VareseNews","description":"","potentialAction":[{"@type":"SearchAction","target":{"@type":"EntryPoint","urlTemplate":"https:\/\/staging.varesenews.it\/?s={search_term_string}"},"query-input":"required name=search_term_string"}],"inLanguage":"it-IT"},{"@type":"Person","@id":"https:\/\/staging.varesenews.it\/#\/schema\/person\/fb20c4da0b7b16c291707a20db73e169","name":"Redazione VareseNews","image":{"@type":"ImageObject","inLanguage":"it-IT","@id":"https:\/\/staging.varesenews.it\/#\/schema\/person\/image\/","url":"https:\/\/staging.varesenews.it\/wp-content\/uploads\/2020\/12\/logo_VN_colori_500.png","contentUrl":"https:\/\/staging.varesenews.it\/wp-content\/uploads\/2020\/12\/logo_VN_colori_500.png","caption":"Redazione VareseNews"},"url":"https:\/\/staging.varesenews.it\/persona\/redazione1\/"}]}},"post_meta":{"id_old":"39661","argomento":"Speciale elezioni"},"photos":[],"_links":{"self":[{"href":"https:\/\/staging.varesenews.it\/swgapi\/v1\/wp\/v2\/posts\/261866"}],"collection":[{"href":"https:\/\/staging.varesenews.it\/swgapi\/v1\/wp\/v2\/posts"}],"about":[{"href":"https:\/\/staging.varesenews.it\/swgapi\/v1\/wp\/v2\/types\/post"}],"author":[{"embeddable":true,"href":"https:\/\/staging.varesenews.it\/swgapi\/v1\/wp\/v2\/users\/10"}],"replies":[{"embeddable":true,"href":"https:\/\/staging.varesenews.it\/swgapi\/v1\/wp\/v2\/comments?post=261866"}],"version-history":[{"count":0,"href":"https:\/\/staging.varesenews.it\/swgapi\/v1\/wp\/v2\/posts\/261866\/revisions"}],"wp:attachment":[{"href":"https:\/\/staging.varesenews.it\/swgapi\/v1\/wp\/v2\/media?parent=261866"}],"wp:term":[{"taxonomy":"category","embeddable":true,"href":"https:\/\/staging.varesenews.it\/swgapi\/v1\/wp\/v2\/categories?post=261866"},{"taxonomy":"post_tag","embeddable":true,"href":"https:\/\/staging.varesenews.it\/swgapi\/v1\/wp\/v2\/tags?post=261866"}],"curies":[{"name":"wp","href":"https:\/\/api.w.org\/{rel}","templated":true}]}}