{"id":262209,"date":"2006-01-13T00:00:00","date_gmt":"2006-01-13T00:00:00","guid":{"rendered":""},"modified":"2006-01-13T00:00:00","modified_gmt":"2006-01-13T00:00:00","slug":"camion-e-bus-rinviato-il-tachigrafo-digitale","status":"publish","type":"post","link":"https:\/\/staging.varesenews.it\/2006\/01\/camion-e-bus-rinviato-il-tachigrafo-digitale\/262209\/","title":{"rendered":"Camion e bus, rinviato il tachigrafo digitale"},"content":{"rendered":"<p><span style=\"FONT-SIZE: 12pt; FONT-FAMILY: \"Trebuchet MS\"; mso-bidi-font-size: 10.0pt; mso-bidi-font-family: Tahoma\"><font face=\"arial,helvetica,sans-serif\"><\/font><\/span><span style=\"FONT-SIZE: 13pt; FONT-FAMILY: \"Trebuchet MS\"; mso-bidi-font-size: 10.0pt\"><\/p>\n<p><p class=\"MsoNormal\" style=\"MARGIN: 0cm 0cm 0pt\"><span style=\"FONT-FAMILY: Arial\"><font size=\"3\">E\u2019 stato rinviato da gennaio a maggio 2006 il termine per l\u2019installazione del \u201ctachigrafo digitale\u201d su camion e bus. Lo precisa una circolare del Ministero delle Infrastrutture e dei Trasporti relativa a questo nuovo strumento di controllo dei tempi di guida e di riposo dei veicoli industriali, sostitutivo del vecchio cronotachigrafo analogico (con il \u201cdischetto\u201d di carta, facilmente soggetto a manomissione).<\/p>\n<p \/><\/font><\/span><\/p>\n<p class=\"MsoNormal\" style=\"MARGIN: 0cm 0cm 0pt\"><span style=\"FONT-FAMILY: Arial\"><font size=\"3\">Il tachigrafo digitale \u2013 il cui rilascio verr\u00e0 gestito dalle Camere di Commercio<span style=\"mso-spacerun: yes\">\u00a0 <\/span>&#8211; dovr\u00e0 essere installato sui tir di nuova immatricolazione con massa complessiva a pieno carico superiore a 3,5 tonnellate, compreso il rimorchio eventualmente agganciato. Lo stesso apparecchio dovr\u00e0 per\u00f2 essere anche sui veicoli per il trasporto delle persone con oltre 9 posti, incluso il conducente, che effettuino servizi di noleggio o corse fuori linea.<\/p>\n<p \/><\/font><\/span><\/p>\n<p class=\"MsoNormal\" style=\"MARGIN: 0cm 0cm 0pt\"><span style=\"FONT-FAMILY: Arial\"><font size=\"3\">Il nuovo strumento registra i dati del mezzo, oltre che nella propria memoria interna, su apposite smart card, le \u201ccarte tachigrafiche\u201d. L\u2019obiettivo \u00e8 di migliorare la sicurezza stradale, il lavoro degli autisti e garantire cos\u00ec una concorrenza pi\u00f9 equa.<\/p>\n<p \/><\/font><\/span><\/p>\n<p class=\"MsoNormal\" style=\"MARGIN: 0cm 0cm 0pt\"><span style=\"FONT-FAMILY: Arial\"><font size=\"3\">Con una decisione comune del Parlamento Europeo e del Consiglio dell\u2019Unione Europea, la scadenza per l\u2019installazione del tachigrafo digitale \u00e8 stata fissata al momento dell\u2019entrata in vigore dell\u2019aggiornamento del Regolamento Comunitario sui tempi di lavoro e riposo sui mezzi pesanti, prevista a primavera. Nel frattempo, come precisa il Ministero delle Infrastrutture e dei Trasporti, sar\u00e0 possibile continuare a montare, anche sui veicoli di nuova immatricolazione i vecchi cronotachigrafi analogici.<\/p>\n<p \/><\/font><\/span><\/p>\n<p class=\"MsoNormal\" style=\"MARGIN: 0cm 0cm 0pt\"><span style=\"FONT-FAMILY: Arial\"><font size=\"3\">Per ogni ulteriore informazione \u00e8 possibile rivolgersi all\u2019Ufficio Metrico della Camera di Commercio (tel. 0332\/295.464; e-mail: metrici@va.camcom.it) o collegarsi al sito www.va.camcom.it.<\/p>\n<p \/><\/font><\/span><\/p>\n<p class=\"MsoBodyTextIndent\" style=\"MARGIN: 0cm 9.75pt 0pt -3.6pt; TEXT-INDENT: 0cm\" \/>\n<p><\/span><\/p>\n","protected":false},"excerpt":{"rendered":"<p>Slitta al 1\u00b0 maggio l\u2019obbligatoriet\u00e0 sui mezzi di nuova immatricolazione. Un apparecchio preciso e affidabile in grado di registrare tutti i dati<\/p>\n","protected":false},"author":10,"featured_media":0,"comment_status":"open","ping_status":"open","sticky":false,"template":"","format":"standard","meta":{"footnotes":""},"categories":[15],"tags":[],"acf":[],"yoast_head":"<!-- This site is optimized with the Yoast SEO plugin v20.1 - https:\/\/yoast.com\/wordpress\/plugins\/seo\/ -->\n<title>Camion e bus, rinviato il tachigrafo digitale<\/title>\n<meta name=\"description\" content=\"Slitta al 1\u00b0 maggio l\u2019obbligatoriet\u00e0 sui mezzi di nuova immatricolazione. Un apparecchio preciso e affidabile in grado di registrare tutti i dati\" \/>\n<meta name=\"robots\" content=\"noindex, follow, max-snippet:-1, max-image-preview:large, max-video-preview:-1\" \/>\n<meta property=\"og:locale\" content=\"it_IT\" \/>\n<meta property=\"og:type\" content=\"article\" \/>\n<meta property=\"og:title\" content=\"Camion e bus, rinviato il tachigrafo digitale\" \/>\n<meta property=\"og:description\" content=\"Slitta al 1\u00b0 maggio l\u2019obbligatoriet\u00e0 sui mezzi di nuova immatricolazione. Un apparecchio preciso e affidabile in grado di registrare tutti i dati\" \/>\n<meta property=\"og:url\" content=\"https:\/\/staging.varesenews.it\/2006\/01\/camion-e-bus-rinviato-il-tachigrafo-digitale\/262209\/\" \/>\n<meta property=\"og:site_name\" content=\"VareseNews\" \/>\n<meta property=\"article:publisher\" content=\"https:\/\/www.facebook.com\/varesenews\" \/>\n<meta property=\"article:published_time\" content=\"2006-01-13T00:00:00+00:00\" \/>\n<meta name=\"author\" content=\"Redazione VareseNews\" \/>\n<meta name=\"twitter:card\" content=\"summary_large_image\" \/>\n<meta name=\"twitter:creator\" content=\"@varesenews\" \/>\n<meta name=\"twitter:site\" content=\"@varesenews\" \/>\n<meta name=\"twitter:label1\" content=\"Scritto da\" \/>\n\t<meta name=\"twitter:data1\" content=\"Redazione VareseNews\" \/>\n\t<meta name=\"twitter:label2\" content=\"Tempo di lettura stimato\" \/>\n\t<meta name=\"twitter:data2\" content=\"1 minuto\" \/>\n<script type=\"application\/ld+json\" class=\"yoast-schema-graph\">{\"@context\":\"https:\/\/schema.org\",\"@graph\":[{\"@type\":\"WebPage\",\"@id\":\"https:\/\/staging.varesenews.it\/2006\/01\/camion-e-bus-rinviato-il-tachigrafo-digitale\/262209\/\",\"url\":\"https:\/\/staging.varesenews.it\/2006\/01\/camion-e-bus-rinviato-il-tachigrafo-digitale\/262209\/\",\"name\":\"Camion e bus, rinviato il tachigrafo digitale\",\"isPartOf\":{\"@id\":\"https:\/\/staging.varesenews.it\/#website\"},\"datePublished\":\"2006-01-13T00:00:00+00:00\",\"dateModified\":\"2006-01-13T00:00:00+00:00\",\"author\":{\"@id\":\"https:\/\/staging.varesenews.it\/#\/schema\/person\/fb20c4da0b7b16c291707a20db73e169\"},\"description\":\"Slitta al 1\u00b0 maggio l\u2019obbligatoriet\u00e0 sui mezzi di nuova immatricolazione. Un apparecchio preciso e affidabile in grado di registrare tutti i dati\",\"breadcrumb\":{\"@id\":\"https:\/\/staging.varesenews.it\/2006\/01\/camion-e-bus-rinviato-il-tachigrafo-digitale\/262209\/#breadcrumb\"},\"inLanguage\":\"it-IT\",\"potentialAction\":[{\"@type\":\"ReadAction\",\"target\":[\"https:\/\/staging.varesenews.it\/2006\/01\/camion-e-bus-rinviato-il-tachigrafo-digitale\/262209\/\"]}]},{\"@type\":\"BreadcrumbList\",\"@id\":\"https:\/\/staging.varesenews.it\/2006\/01\/camion-e-bus-rinviato-il-tachigrafo-digitale\/262209\/#breadcrumb\",\"itemListElement\":[{\"@type\":\"ListItem\",\"position\":1,\"name\":\"Home\",\"item\":\"https:\/\/www.varesenews.it\/\"},{\"@type\":\"ListItem\",\"position\":2,\"name\":\"Camion e bus, rinviato il tachigrafo digitale\"}]},{\"@type\":\"WebSite\",\"@id\":\"https:\/\/staging.varesenews.it\/#website\",\"url\":\"https:\/\/staging.varesenews.it\/\",\"name\":\"VareseNews\",\"description\":\"\",\"potentialAction\":[{\"@type\":\"SearchAction\",\"target\":{\"@type\":\"EntryPoint\",\"urlTemplate\":\"https:\/\/staging.varesenews.it\/?s={search_term_string}\"},\"query-input\":\"required name=search_term_string\"}],\"inLanguage\":\"it-IT\"},{\"@type\":\"Person\",\"@id\":\"https:\/\/staging.varesenews.it\/#\/schema\/person\/fb20c4da0b7b16c291707a20db73e169\",\"name\":\"Redazione VareseNews\",\"image\":{\"@type\":\"ImageObject\",\"inLanguage\":\"it-IT\",\"@id\":\"https:\/\/staging.varesenews.it\/#\/schema\/person\/image\/\",\"url\":\"https:\/\/staging.varesenews.it\/wp-content\/uploads\/2020\/12\/logo_VN_colori_500.png\",\"contentUrl\":\"https:\/\/staging.varesenews.it\/wp-content\/uploads\/2020\/12\/logo_VN_colori_500.png\",\"caption\":\"Redazione VareseNews\"},\"url\":\"https:\/\/staging.varesenews.it\/persona\/redazione1\/\"}]}<\/script>\n<!-- \/ Yoast SEO plugin. -->","yoast_head_json":{"title":"Camion e bus, rinviato il tachigrafo digitale","description":"Slitta al 1\u00b0 maggio l\u2019obbligatoriet\u00e0 sui mezzi di nuova immatricolazione. Un apparecchio preciso e affidabile in grado di registrare tutti i dati","robots":{"index":"noindex","follow":"follow","max-snippet":"max-snippet:-1","max-image-preview":"max-image-preview:large","max-video-preview":"max-video-preview:-1"},"og_locale":"it_IT","og_type":"article","og_title":"Camion e bus, rinviato il tachigrafo digitale","og_description":"Slitta al 1\u00b0 maggio l\u2019obbligatoriet\u00e0 sui mezzi di nuova immatricolazione. Un apparecchio preciso e affidabile in grado di registrare tutti i dati","og_url":"https:\/\/staging.varesenews.it\/2006\/01\/camion-e-bus-rinviato-il-tachigrafo-digitale\/262209\/","og_site_name":"VareseNews","article_publisher":"https:\/\/www.facebook.com\/varesenews","article_published_time":"2006-01-13T00:00:00+00:00","author":"Redazione VareseNews","twitter_card":"summary_large_image","twitter_creator":"@varesenews","twitter_site":"@varesenews","twitter_misc":{"Scritto da":"Redazione VareseNews","Tempo di lettura stimato":"1 minuto"},"schema":{"@context":"https:\/\/schema.org","@graph":[{"@type":"WebPage","@id":"https:\/\/staging.varesenews.it\/2006\/01\/camion-e-bus-rinviato-il-tachigrafo-digitale\/262209\/","url":"https:\/\/staging.varesenews.it\/2006\/01\/camion-e-bus-rinviato-il-tachigrafo-digitale\/262209\/","name":"Camion e bus, rinviato il tachigrafo digitale","isPartOf":{"@id":"https:\/\/staging.varesenews.it\/#website"},"datePublished":"2006-01-13T00:00:00+00:00","dateModified":"2006-01-13T00:00:00+00:00","author":{"@id":"https:\/\/staging.varesenews.it\/#\/schema\/person\/fb20c4da0b7b16c291707a20db73e169"},"description":"Slitta al 1\u00b0 maggio l\u2019obbligatoriet\u00e0 sui mezzi di nuova immatricolazione. Un apparecchio preciso e affidabile in grado di registrare tutti i dati","breadcrumb":{"@id":"https:\/\/staging.varesenews.it\/2006\/01\/camion-e-bus-rinviato-il-tachigrafo-digitale\/262209\/#breadcrumb"},"inLanguage":"it-IT","potentialAction":[{"@type":"ReadAction","target":["https:\/\/staging.varesenews.it\/2006\/01\/camion-e-bus-rinviato-il-tachigrafo-digitale\/262209\/"]}]},{"@type":"BreadcrumbList","@id":"https:\/\/staging.varesenews.it\/2006\/01\/camion-e-bus-rinviato-il-tachigrafo-digitale\/262209\/#breadcrumb","itemListElement":[{"@type":"ListItem","position":1,"name":"Home","item":"https:\/\/www.varesenews.it\/"},{"@type":"ListItem","position":2,"name":"Camion e bus, rinviato il tachigrafo digitale"}]},{"@type":"WebSite","@id":"https:\/\/staging.varesenews.it\/#website","url":"https:\/\/staging.varesenews.it\/","name":"VareseNews","description":"","potentialAction":[{"@type":"SearchAction","target":{"@type":"EntryPoint","urlTemplate":"https:\/\/staging.varesenews.it\/?s={search_term_string}"},"query-input":"required name=search_term_string"}],"inLanguage":"it-IT"},{"@type":"Person","@id":"https:\/\/staging.varesenews.it\/#\/schema\/person\/fb20c4da0b7b16c291707a20db73e169","name":"Redazione VareseNews","image":{"@type":"ImageObject","inLanguage":"it-IT","@id":"https:\/\/staging.varesenews.it\/#\/schema\/person\/image\/","url":"https:\/\/staging.varesenews.it\/wp-content\/uploads\/2020\/12\/logo_VN_colori_500.png","contentUrl":"https:\/\/staging.varesenews.it\/wp-content\/uploads\/2020\/12\/logo_VN_colori_500.png","caption":"Redazione VareseNews"},"url":"https:\/\/staging.varesenews.it\/persona\/redazione1\/"}]}},"post_meta":{"id_old":"39300","argomento":"Varese"},"photos":[],"_links":{"self":[{"href":"https:\/\/staging.varesenews.it\/swgapi\/v1\/wp\/v2\/posts\/262209"}],"collection":[{"href":"https:\/\/staging.varesenews.it\/swgapi\/v1\/wp\/v2\/posts"}],"about":[{"href":"https:\/\/staging.varesenews.it\/swgapi\/v1\/wp\/v2\/types\/post"}],"author":[{"embeddable":true,"href":"https:\/\/staging.varesenews.it\/swgapi\/v1\/wp\/v2\/users\/10"}],"replies":[{"embeddable":true,"href":"https:\/\/staging.varesenews.it\/swgapi\/v1\/wp\/v2\/comments?post=262209"}],"version-history":[{"count":0,"href":"https:\/\/staging.varesenews.it\/swgapi\/v1\/wp\/v2\/posts\/262209\/revisions"}],"wp:attachment":[{"href":"https:\/\/staging.varesenews.it\/swgapi\/v1\/wp\/v2\/media?parent=262209"}],"wp:term":[{"taxonomy":"category","embeddable":true,"href":"https:\/\/staging.varesenews.it\/swgapi\/v1\/wp\/v2\/categories?post=262209"},{"taxonomy":"post_tag","embeddable":true,"href":"https:\/\/staging.varesenews.it\/swgapi\/v1\/wp\/v2\/tags?post=262209"}],"curies":[{"name":"wp","href":"https:\/\/api.w.org\/{rel}","templated":true}]}}