{"id":262469,"date":"2006-01-11T00:00:00","date_gmt":"2006-01-11T00:00:00","guid":{"rendered":""},"modified":"2006-01-11T00:00:00","modified_gmt":"2006-01-11T00:00:00","slug":"i-senza-partito-presentano-i-loro-candidati","status":"publish","type":"post","link":"https:\/\/staging.varesenews.it\/2006\/01\/i-senza-partito-presentano-i-loro-candidati\/262469\/","title":{"rendered":"I \u201csenza-partito\u201d presentano i loro candidati"},"content":{"rendered":"<p class=\"MsoNormal\" style=\"MARGIN: 0cm 0cm 0pt\">\u00abSe per il Senato non ci sar\u00e0 una lista unitaria per il Partito Democratico, ci dovr\u00e0 essere, anzi: ci sar\u00e0, la lista del Governo Civico. Perch\u00e9 \u00e8 doveroso e giusto che tutti coloro che credono al \u201cpartito che non c\u2019\u00e8\u201d possano disporre di una rappresentanza e di un riferimento elettorale\u00bb. Livio Frigoli, sindaco di Castellanza dal 1995 al 2004 e fino a pochi mesi fa componente dell\u2019esecutivo provinciale di Varese de La Margherita, attuale rappresentante del coordinamento lombardo del Governo Civico, traccia la linea del movimento che rappresenta le liste civiche italiane alla vigilia del meeting del Nord Italia che, sabato 14 gennaio, a Brescia, decider\u00e0 la presenza alle prossime elezioni politiche.<\/p>\n<p \/>\n<p class=\"MsoNormal\" style=\"MARGIN: 0cm 0cm 0pt\">Dell\u2019incontro di Brescia, presieduto dal coordinatore del Nord Italia, Bruno Malattia,della lista di Riccardo Illy, e a cui prender\u00e0 parte il coordinatore nazionale Roberto Alagna, si parler\u00e0 oggi, a Milano, nel corso del coordinamento lombardo del Governo Civico. Il popolo dei \u201ccivici\u201d \u00e8 estesissimo. Basti pensare che in Lombardia, sul totale dei 420 comuni con pi\u00f9 di 5mila abitanti, in 319 esiste una lista civica rappresentata in consiglio comunale. E il Governo civico lombardo (www.governocivicolombardia.org) ne \u00e8 la rete di coordinamento.<\/p>\n<p \/>\n<p class=\"MsoNormal\" style=\"MARGIN: 0cm 0cm 0pt\">\u00abSono milioni i cittadini senza partito, che sono stanchi di risse e di divisioni personalistiche e che richiedono con forza solidi punti di riferimento \u2013prosegue Frigoli-. Ecco perch\u00e9 sarebbe necessario avere da subito liste unitarie, per il Partito Democratico, sia alla Camera che al Senato. L\u2019obiettivo primario, infatti, non pu\u00f2 essere solo quello di battere Berlusconi: \u00e8 determinante che la maggioranza di Prodi sia supportata da forze che, il giorno dopo la vittoria, si dedichino a consolidare l\u2019unit\u00e0 e la coesione anzich\u00e9 puntare alla differenziazione e al conflitto.Perch\u00e9 questo, purtroppo, sta avvenendo. Come dimostra l\u2019orientamento prevalente nei due maggiori partiti, che pensano s\u00ec ad una lista unitaria, ma solo alla Camera.Questa \u00e8 una decisione che riflette tutte le debolezze, i timori e le resistenze che in questi anni si sono frapposte alla nascita di un unico e forte soggetto democratico e riformatore.Io spero che Prodi riesca a farsi sentire e ad evitare gravi errori, arrivando a far prevalere l\u2019idea di una lista unitaria sia alla Camera che al Senato.Qualora ci\u00f2 non avvenisse, il dovere del Governo Civico \u00e8 di dare ai milioni di elettori che credono al \u201cpartito che non c\u2019\u00e8\u201d un chiaro riferimento elettorale\u00bb.<\/p>\n","protected":false},"excerpt":{"rendered":"<p>Il Governo Civico ha pronta la lista dei candidati per le prossime elezioni politiche<\/p>\n","protected":false},"author":10,"featured_media":0,"comment_status":"open","ping_status":"open","sticky":false,"template":"","format":"standard","meta":{"footnotes":""},"categories":[7],"tags":[],"acf":[],"yoast_head":"<!-- This site is optimized with the Yoast SEO plugin v20.1 - https:\/\/yoast.com\/wordpress\/plugins\/seo\/ -->\n<title>I \u201csenza-partito\u201d presentano i loro candidati<\/title>\n<meta name=\"description\" content=\"Il Governo Civico ha pronta la lista dei candidati per le prossime elezioni politiche\" \/>\n<meta name=\"robots\" content=\"noindex, follow, max-snippet:-1, max-image-preview:large, max-video-preview:-1\" \/>\n<meta property=\"og:locale\" content=\"it_IT\" \/>\n<meta property=\"og:type\" content=\"article\" \/>\n<meta property=\"og:title\" content=\"I \u201csenza-partito\u201d presentano i loro candidati\" \/>\n<meta property=\"og:description\" content=\"Il Governo Civico ha pronta la lista dei candidati per le prossime elezioni politiche\" \/>\n<meta property=\"og:url\" content=\"https:\/\/staging.varesenews.it\/2006\/01\/i-senza-partito-presentano-i-loro-candidati\/262469\/\" \/>\n<meta property=\"og:site_name\" content=\"VareseNews\" \/>\n<meta property=\"article:publisher\" content=\"https:\/\/www.facebook.com\/varesenews\" \/>\n<meta property=\"article:published_time\" content=\"2006-01-11T00:00:00+00:00\" \/>\n<meta name=\"author\" content=\"Redazione VareseNews\" \/>\n<meta name=\"twitter:card\" content=\"summary_large_image\" \/>\n<meta name=\"twitter:creator\" content=\"@varesenews\" \/>\n<meta name=\"twitter:site\" content=\"@varesenews\" \/>\n<meta name=\"twitter:label1\" content=\"Scritto da\" \/>\n\t<meta name=\"twitter:data1\" content=\"Redazione VareseNews\" \/>\n\t<meta name=\"twitter:label2\" content=\"Tempo di lettura stimato\" \/>\n\t<meta name=\"twitter:data2\" content=\"2 minuti\" \/>\n<script type=\"application\/ld+json\" class=\"yoast-schema-graph\">{\"@context\":\"https:\/\/schema.org\",\"@graph\":[{\"@type\":\"WebPage\",\"@id\":\"https:\/\/staging.varesenews.it\/2006\/01\/i-senza-partito-presentano-i-loro-candidati\/262469\/\",\"url\":\"https:\/\/staging.varesenews.it\/2006\/01\/i-senza-partito-presentano-i-loro-candidati\/262469\/\",\"name\":\"I \u201csenza-partito\u201d presentano i loro candidati\",\"isPartOf\":{\"@id\":\"https:\/\/staging.varesenews.it\/#website\"},\"datePublished\":\"2006-01-11T00:00:00+00:00\",\"dateModified\":\"2006-01-11T00:00:00+00:00\",\"author\":{\"@id\":\"https:\/\/staging.varesenews.it\/#\/schema\/person\/fb20c4da0b7b16c291707a20db73e169\"},\"description\":\"Il Governo Civico ha pronta la lista dei candidati per le prossime elezioni politiche\",\"breadcrumb\":{\"@id\":\"https:\/\/staging.varesenews.it\/2006\/01\/i-senza-partito-presentano-i-loro-candidati\/262469\/#breadcrumb\"},\"inLanguage\":\"it-IT\",\"potentialAction\":[{\"@type\":\"ReadAction\",\"target\":[\"https:\/\/staging.varesenews.it\/2006\/01\/i-senza-partito-presentano-i-loro-candidati\/262469\/\"]}]},{\"@type\":\"BreadcrumbList\",\"@id\":\"https:\/\/staging.varesenews.it\/2006\/01\/i-senza-partito-presentano-i-loro-candidati\/262469\/#breadcrumb\",\"itemListElement\":[{\"@type\":\"ListItem\",\"position\":1,\"name\":\"Home\",\"item\":\"https:\/\/www.varesenews.it\/\"},{\"@type\":\"ListItem\",\"position\":2,\"name\":\"I \u201csenza-partito\u201d presentano i loro candidati\"}]},{\"@type\":\"WebSite\",\"@id\":\"https:\/\/staging.varesenews.it\/#website\",\"url\":\"https:\/\/staging.varesenews.it\/\",\"name\":\"VareseNews\",\"description\":\"\",\"potentialAction\":[{\"@type\":\"SearchAction\",\"target\":{\"@type\":\"EntryPoint\",\"urlTemplate\":\"https:\/\/staging.varesenews.it\/?s={search_term_string}\"},\"query-input\":\"required name=search_term_string\"}],\"inLanguage\":\"it-IT\"},{\"@type\":\"Person\",\"@id\":\"https:\/\/staging.varesenews.it\/#\/schema\/person\/fb20c4da0b7b16c291707a20db73e169\",\"name\":\"Redazione VareseNews\",\"image\":{\"@type\":\"ImageObject\",\"inLanguage\":\"it-IT\",\"@id\":\"https:\/\/staging.varesenews.it\/#\/schema\/person\/image\/\",\"url\":\"https:\/\/staging.varesenews.it\/wp-content\/uploads\/2020\/12\/logo_VN_colori_500.png\",\"contentUrl\":\"https:\/\/staging.varesenews.it\/wp-content\/uploads\/2020\/12\/logo_VN_colori_500.png\",\"caption\":\"Redazione VareseNews\"},\"url\":\"https:\/\/staging.varesenews.it\/persona\/redazione1\/\"}]}<\/script>\n<!-- \/ Yoast SEO plugin. -->","yoast_head_json":{"title":"I \u201csenza-partito\u201d presentano i loro candidati","description":"Il Governo Civico ha pronta la lista dei candidati per le prossime elezioni politiche","robots":{"index":"noindex","follow":"follow","max-snippet":"max-snippet:-1","max-image-preview":"max-image-preview:large","max-video-preview":"max-video-preview:-1"},"og_locale":"it_IT","og_type":"article","og_title":"I \u201csenza-partito\u201d presentano i loro candidati","og_description":"Il Governo Civico ha pronta la lista dei candidati per le prossime elezioni politiche","og_url":"https:\/\/staging.varesenews.it\/2006\/01\/i-senza-partito-presentano-i-loro-candidati\/262469\/","og_site_name":"VareseNews","article_publisher":"https:\/\/www.facebook.com\/varesenews","article_published_time":"2006-01-11T00:00:00+00:00","author":"Redazione VareseNews","twitter_card":"summary_large_image","twitter_creator":"@varesenews","twitter_site":"@varesenews","twitter_misc":{"Scritto da":"Redazione VareseNews","Tempo di lettura stimato":"2 minuti"},"schema":{"@context":"https:\/\/schema.org","@graph":[{"@type":"WebPage","@id":"https:\/\/staging.varesenews.it\/2006\/01\/i-senza-partito-presentano-i-loro-candidati\/262469\/","url":"https:\/\/staging.varesenews.it\/2006\/01\/i-senza-partito-presentano-i-loro-candidati\/262469\/","name":"I \u201csenza-partito\u201d presentano i loro candidati","isPartOf":{"@id":"https:\/\/staging.varesenews.it\/#website"},"datePublished":"2006-01-11T00:00:00+00:00","dateModified":"2006-01-11T00:00:00+00:00","author":{"@id":"https:\/\/staging.varesenews.it\/#\/schema\/person\/fb20c4da0b7b16c291707a20db73e169"},"description":"Il Governo Civico ha pronta la lista dei candidati per le prossime elezioni politiche","breadcrumb":{"@id":"https:\/\/staging.varesenews.it\/2006\/01\/i-senza-partito-presentano-i-loro-candidati\/262469\/#breadcrumb"},"inLanguage":"it-IT","potentialAction":[{"@type":"ReadAction","target":["https:\/\/staging.varesenews.it\/2006\/01\/i-senza-partito-presentano-i-loro-candidati\/262469\/"]}]},{"@type":"BreadcrumbList","@id":"https:\/\/staging.varesenews.it\/2006\/01\/i-senza-partito-presentano-i-loro-candidati\/262469\/#breadcrumb","itemListElement":[{"@type":"ListItem","position":1,"name":"Home","item":"https:\/\/www.varesenews.it\/"},{"@type":"ListItem","position":2,"name":"I \u201csenza-partito\u201d presentano i loro candidati"}]},{"@type":"WebSite","@id":"https:\/\/staging.varesenews.it\/#website","url":"https:\/\/staging.varesenews.it\/","name":"VareseNews","description":"","potentialAction":[{"@type":"SearchAction","target":{"@type":"EntryPoint","urlTemplate":"https:\/\/staging.varesenews.it\/?s={search_term_string}"},"query-input":"required name=search_term_string"}],"inLanguage":"it-IT"},{"@type":"Person","@id":"https:\/\/staging.varesenews.it\/#\/schema\/person\/fb20c4da0b7b16c291707a20db73e169","name":"Redazione VareseNews","image":{"@type":"ImageObject","inLanguage":"it-IT","@id":"https:\/\/staging.varesenews.it\/#\/schema\/person\/image\/","url":"https:\/\/staging.varesenews.it\/wp-content\/uploads\/2020\/12\/logo_VN_colori_500.png","contentUrl":"https:\/\/staging.varesenews.it\/wp-content\/uploads\/2020\/12\/logo_VN_colori_500.png","caption":"Redazione VareseNews"},"url":"https:\/\/staging.varesenews.it\/persona\/redazione1\/"}]}},"post_meta":{"id_old":"39001","argomento":"Milano"},"photos":[],"_links":{"self":[{"href":"https:\/\/staging.varesenews.it\/swgapi\/v1\/wp\/v2\/posts\/262469"}],"collection":[{"href":"https:\/\/staging.varesenews.it\/swgapi\/v1\/wp\/v2\/posts"}],"about":[{"href":"https:\/\/staging.varesenews.it\/swgapi\/v1\/wp\/v2\/types\/post"}],"author":[{"embeddable":true,"href":"https:\/\/staging.varesenews.it\/swgapi\/v1\/wp\/v2\/users\/10"}],"replies":[{"embeddable":true,"href":"https:\/\/staging.varesenews.it\/swgapi\/v1\/wp\/v2\/comments?post=262469"}],"version-history":[{"count":0,"href":"https:\/\/staging.varesenews.it\/swgapi\/v1\/wp\/v2\/posts\/262469\/revisions"}],"wp:attachment":[{"href":"https:\/\/staging.varesenews.it\/swgapi\/v1\/wp\/v2\/media?parent=262469"}],"wp:term":[{"taxonomy":"category","embeddable":true,"href":"https:\/\/staging.varesenews.it\/swgapi\/v1\/wp\/v2\/categories?post=262469"},{"taxonomy":"post_tag","embeddable":true,"href":"https:\/\/staging.varesenews.it\/swgapi\/v1\/wp\/v2\/tags?post=262469"}],"curies":[{"name":"wp","href":"https:\/\/api.w.org\/{rel}","templated":true}]}}