{"id":262909,"date":"2001-11-24T00:00:00","date_gmt":"2001-11-24T00:00:00","guid":{"rendered":""},"modified":"2001-11-24T00:00:00","modified_gmt":"2001-11-24T00:00:00","slug":"un-centro-per-i-piccoli-disabili","status":"publish","type":"post","link":"https:\/\/staging.varesenews.it\/2001\/11\/un-centro-per-i-piccoli-disabili\/262909\/","title":{"rendered":"Un centro per i piccoli disabili"},"content":{"rendered":"<p><font face=\"Arial\">Funziona gi\u00e0 dal 5 novembre, ma l&#8217;inaugurazione ufficiale del Centro terapeutico e riabilitativo per disabili di Besozzo \u00e8 avvenuta ufficialmente alla presenza delle autorit\u00e0 questa mattina. Il C.r.s., questa la sigla del centro che ha trovato una sede rinnovata nell&#8217;Asl di via Pergolesi, \u00e8 un&#8217;altra delle strutture che si accupa dei disabili, promossa dall&#8217;Anffas di Varese e gestita dal suo braccio operativo che \u00e8 la Fondazione Piatti. \u00abMa questa struttura \u00e8 diversa dalle altre &#8211; precisa la presidente dell&#8217;associazione Cesarina Del Vecchio &#8211; questo \u00e8 un centro per i piccoli, la fascia di et\u00e0 a cui si rivolge va dai tre anni ai quattordici e per i quali ha pensato tutta una serie di servizi integrativi\u00bb.<\/font> <\/p>\n<p><font face=\"Arial\">Servizi integrativi. Si perch\u00e9 il C.r.s. non ha la funzione di assistere durante tutta la giornata il piccolo disabile, ma di offrire interventi specialistici e mirati al disagio di bambini gravi. E soprattutto un intervento ben coordinato con la scuola e con la famiglia. Qui, infatti i bambini arrivano dopo la scuola, e ricevono terapie adatte ai loro problemi. \u00abSono infatti sei le figure specialistiche che operano in questo centro &#8211; spiega la coordinatrice del C.r.s. Caterina Santoro &#8211; fra questi ci sono un musicoterapista, uno psicomotricista, un pedagogista che si occupa di mantenere i contatti con la scuola, accanto a queste figure ci sono gli educatori, un&#8217;infermiera e assistenti Asa\u00bb.<\/font><\/p>\n<p><font face=\"Arial\">Il Centro, che pu\u00f2 ospitare trenta utenti, in questo momento ne sta seguendo sedici. Ma c&#8217;\u00e8 gi\u00e0 una lista di attesa di dieci bambini. Gli inserimenti avvengono tramite l&#8217;Asl e l&#8217;Unit\u00e0 di Neuropsichiatria infantile dell&#8217;opsedale di Varese, gli stessi enti che hanno collaborato alla nascita del nuovo centro. Il C.r.s. \u00e8 il risultato di uno sforzo finanziario dell&#8217;Anffas pari a 350milioni. E un piccolo contributo al progetto \u00e8 arrivato anche dall&#8217;Istituto dell&#8217;Enciclopedia Treccani, che ha incluso nella sua campagna promozionale un&#8217;iniziativa sociale realizzata insieme all&#8217;Anffas, in cui cultura e formazione sono i valori centrali. Grazie al fondo che la Treccani ha aperto in favore dell&#8217;Associazione, le sue principali strutture, come quella di Besozzo, saranno dotate di un innovativo supporto informatico, fornito di particolari programmi didattici, destinati a sviluppare capacit\u00e0 cognitive nei giovani disabili intellettivi. E proprio questa mattina \u00e8 avvenuta anche la consegna ufficiale del personal computer e del materiale didattico.<\/font><\/p>\n","protected":false},"excerpt":{"rendered":"<p>\u00c8 stato inaugurato il Centro terapeutico e riabilitativo per l&#8217;infanzia e l&#8217;adolescenza promosso dall&#8217;Anffas<\/p>\n","protected":false},"author":10,"featured_media":0,"comment_status":"open","ping_status":"open","sticky":false,"template":"","format":"standard","meta":{"footnotes":""},"categories":[2],"tags":[],"acf":[],"yoast_head":"<!-- This site is optimized with the Yoast SEO plugin v20.1 - https:\/\/yoast.com\/wordpress\/plugins\/seo\/ -->\n<title>Un centro per i piccoli disabili<\/title>\n<meta name=\"description\" content=\"\u00c8 stato inaugurato il Centro terapeutico e riabilitativo per l&#039;infanzia e l&#039;adolescenza promosso dall&#039;Anffas\" \/>\n<meta name=\"robots\" content=\"noindex, follow, max-snippet:-1, max-image-preview:large, max-video-preview:-1\" \/>\n<meta property=\"og:locale\" content=\"it_IT\" \/>\n<meta property=\"og:type\" content=\"article\" \/>\n<meta property=\"og:title\" content=\"Un centro per i piccoli disabili\" \/>\n<meta property=\"og:description\" content=\"\u00c8 stato inaugurato il Centro terapeutico e riabilitativo per l&#039;infanzia e l&#039;adolescenza promosso dall&#039;Anffas\" \/>\n<meta property=\"og:url\" content=\"https:\/\/staging.varesenews.it\/2001\/11\/un-centro-per-i-piccoli-disabili\/262909\/\" \/>\n<meta property=\"og:site_name\" content=\"VareseNews\" \/>\n<meta property=\"article:publisher\" content=\"https:\/\/www.facebook.com\/varesenews\" \/>\n<meta property=\"article:published_time\" content=\"2001-11-24T00:00:00+00:00\" \/>\n<meta name=\"author\" content=\"Redazione VareseNews\" \/>\n<meta name=\"twitter:card\" content=\"summary_large_image\" \/>\n<meta name=\"twitter:creator\" content=\"@varesenews\" \/>\n<meta name=\"twitter:site\" content=\"@varesenews\" \/>\n<meta name=\"twitter:label1\" content=\"Scritto da\" \/>\n\t<meta name=\"twitter:data1\" content=\"Redazione VareseNews\" \/>\n\t<meta name=\"twitter:label2\" content=\"Tempo di lettura stimato\" \/>\n\t<meta name=\"twitter:data2\" content=\"2 minuti\" \/>\n<script type=\"application\/ld+json\" class=\"yoast-schema-graph\">{\"@context\":\"https:\/\/schema.org\",\"@graph\":[{\"@type\":\"WebPage\",\"@id\":\"https:\/\/staging.varesenews.it\/2001\/11\/un-centro-per-i-piccoli-disabili\/262909\/\",\"url\":\"https:\/\/staging.varesenews.it\/2001\/11\/un-centro-per-i-piccoli-disabili\/262909\/\",\"name\":\"Un centro per i piccoli disabili\",\"isPartOf\":{\"@id\":\"https:\/\/staging.varesenews.it\/#website\"},\"datePublished\":\"2001-11-24T00:00:00+00:00\",\"dateModified\":\"2001-11-24T00:00:00+00:00\",\"author\":{\"@id\":\"https:\/\/staging.varesenews.it\/#\/schema\/person\/fb20c4da0b7b16c291707a20db73e169\"},\"description\":\"\u00c8 stato inaugurato il Centro terapeutico e riabilitativo per l'infanzia e l'adolescenza promosso dall'Anffas\",\"breadcrumb\":{\"@id\":\"https:\/\/staging.varesenews.it\/2001\/11\/un-centro-per-i-piccoli-disabili\/262909\/#breadcrumb\"},\"inLanguage\":\"it-IT\",\"potentialAction\":[{\"@type\":\"ReadAction\",\"target\":[\"https:\/\/staging.varesenews.it\/2001\/11\/un-centro-per-i-piccoli-disabili\/262909\/\"]}]},{\"@type\":\"BreadcrumbList\",\"@id\":\"https:\/\/staging.varesenews.it\/2001\/11\/un-centro-per-i-piccoli-disabili\/262909\/#breadcrumb\",\"itemListElement\":[{\"@type\":\"ListItem\",\"position\":1,\"name\":\"Home\",\"item\":\"https:\/\/www.varesenews.it\/\"},{\"@type\":\"ListItem\",\"position\":2,\"name\":\"Un centro per i piccoli disabili\"}]},{\"@type\":\"WebSite\",\"@id\":\"https:\/\/staging.varesenews.it\/#website\",\"url\":\"https:\/\/staging.varesenews.it\/\",\"name\":\"VareseNews\",\"description\":\"\",\"potentialAction\":[{\"@type\":\"SearchAction\",\"target\":{\"@type\":\"EntryPoint\",\"urlTemplate\":\"https:\/\/staging.varesenews.it\/?s={search_term_string}\"},\"query-input\":\"required name=search_term_string\"}],\"inLanguage\":\"it-IT\"},{\"@type\":\"Person\",\"@id\":\"https:\/\/staging.varesenews.it\/#\/schema\/person\/fb20c4da0b7b16c291707a20db73e169\",\"name\":\"Redazione VareseNews\",\"image\":{\"@type\":\"ImageObject\",\"inLanguage\":\"it-IT\",\"@id\":\"https:\/\/staging.varesenews.it\/#\/schema\/person\/image\/\",\"url\":\"https:\/\/staging.varesenews.it\/wp-content\/uploads\/2020\/12\/logo_VN_colori_500.png\",\"contentUrl\":\"https:\/\/staging.varesenews.it\/wp-content\/uploads\/2020\/12\/logo_VN_colori_500.png\",\"caption\":\"Redazione VareseNews\"},\"url\":\"https:\/\/staging.varesenews.it\/persona\/redazione1\/\"}]}<\/script>\n<!-- \/ Yoast SEO plugin. -->","yoast_head_json":{"title":"Un centro per i piccoli disabili","description":"\u00c8 stato inaugurato il Centro terapeutico e riabilitativo per l'infanzia e l'adolescenza promosso dall'Anffas","robots":{"index":"noindex","follow":"follow","max-snippet":"max-snippet:-1","max-image-preview":"max-image-preview:large","max-video-preview":"max-video-preview:-1"},"og_locale":"it_IT","og_type":"article","og_title":"Un centro per i piccoli disabili","og_description":"\u00c8 stato inaugurato il Centro terapeutico e riabilitativo per l'infanzia e l'adolescenza promosso dall'Anffas","og_url":"https:\/\/staging.varesenews.it\/2001\/11\/un-centro-per-i-piccoli-disabili\/262909\/","og_site_name":"VareseNews","article_publisher":"https:\/\/www.facebook.com\/varesenews","article_published_time":"2001-11-24T00:00:00+00:00","author":"Redazione VareseNews","twitter_card":"summary_large_image","twitter_creator":"@varesenews","twitter_site":"@varesenews","twitter_misc":{"Scritto da":"Redazione VareseNews","Tempo di lettura stimato":"2 minuti"},"schema":{"@context":"https:\/\/schema.org","@graph":[{"@type":"WebPage","@id":"https:\/\/staging.varesenews.it\/2001\/11\/un-centro-per-i-piccoli-disabili\/262909\/","url":"https:\/\/staging.varesenews.it\/2001\/11\/un-centro-per-i-piccoli-disabili\/262909\/","name":"Un centro per i piccoli disabili","isPartOf":{"@id":"https:\/\/staging.varesenews.it\/#website"},"datePublished":"2001-11-24T00:00:00+00:00","dateModified":"2001-11-24T00:00:00+00:00","author":{"@id":"https:\/\/staging.varesenews.it\/#\/schema\/person\/fb20c4da0b7b16c291707a20db73e169"},"description":"\u00c8 stato inaugurato il Centro terapeutico e riabilitativo per l'infanzia e l'adolescenza promosso dall'Anffas","breadcrumb":{"@id":"https:\/\/staging.varesenews.it\/2001\/11\/un-centro-per-i-piccoli-disabili\/262909\/#breadcrumb"},"inLanguage":"it-IT","potentialAction":[{"@type":"ReadAction","target":["https:\/\/staging.varesenews.it\/2001\/11\/un-centro-per-i-piccoli-disabili\/262909\/"]}]},{"@type":"BreadcrumbList","@id":"https:\/\/staging.varesenews.it\/2001\/11\/un-centro-per-i-piccoli-disabili\/262909\/#breadcrumb","itemListElement":[{"@type":"ListItem","position":1,"name":"Home","item":"https:\/\/www.varesenews.it\/"},{"@type":"ListItem","position":2,"name":"Un centro per i piccoli disabili"}]},{"@type":"WebSite","@id":"https:\/\/staging.varesenews.it\/#website","url":"https:\/\/staging.varesenews.it\/","name":"VareseNews","description":"","potentialAction":[{"@type":"SearchAction","target":{"@type":"EntryPoint","urlTemplate":"https:\/\/staging.varesenews.it\/?s={search_term_string}"},"query-input":"required name=search_term_string"}],"inLanguage":"it-IT"},{"@type":"Person","@id":"https:\/\/staging.varesenews.it\/#\/schema\/person\/fb20c4da0b7b16c291707a20db73e169","name":"Redazione VareseNews","image":{"@type":"ImageObject","inLanguage":"it-IT","@id":"https:\/\/staging.varesenews.it\/#\/schema\/person\/image\/","url":"https:\/\/staging.varesenews.it\/wp-content\/uploads\/2020\/12\/logo_VN_colori_500.png","contentUrl":"https:\/\/staging.varesenews.it\/wp-content\/uploads\/2020\/12\/logo_VN_colori_500.png","caption":"Redazione VareseNews"},"url":"https:\/\/staging.varesenews.it\/persona\/redazione1\/"}]}},"post_meta":{"id_old":"38546","argomento":"Besozzo"},"photos":[],"_links":{"self":[{"href":"https:\/\/staging.varesenews.it\/swgapi\/v1\/wp\/v2\/posts\/262909"}],"collection":[{"href":"https:\/\/staging.varesenews.it\/swgapi\/v1\/wp\/v2\/posts"}],"about":[{"href":"https:\/\/staging.varesenews.it\/swgapi\/v1\/wp\/v2\/types\/post"}],"author":[{"embeddable":true,"href":"https:\/\/staging.varesenews.it\/swgapi\/v1\/wp\/v2\/users\/10"}],"replies":[{"embeddable":true,"href":"https:\/\/staging.varesenews.it\/swgapi\/v1\/wp\/v2\/comments?post=262909"}],"version-history":[{"count":0,"href":"https:\/\/staging.varesenews.it\/swgapi\/v1\/wp\/v2\/posts\/262909\/revisions"}],"wp:attachment":[{"href":"https:\/\/staging.varesenews.it\/swgapi\/v1\/wp\/v2\/media?parent=262909"}],"wp:term":[{"taxonomy":"category","embeddable":true,"href":"https:\/\/staging.varesenews.it\/swgapi\/v1\/wp\/v2\/categories?post=262909"},{"taxonomy":"post_tag","embeddable":true,"href":"https:\/\/staging.varesenews.it\/swgapi\/v1\/wp\/v2\/tags?post=262909"}],"curies":[{"name":"wp","href":"https:\/\/api.w.org\/{rel}","templated":true}]}}