{"id":262916,"date":"2006-01-10T00:00:00","date_gmt":"2006-01-10T00:00:00","guid":{"rendered":""},"modified":"2006-01-10T00:00:00","modified_gmt":"2006-01-10T00:00:00","slug":"cosa-vuole-fare-il-comune-con-malpensafiere","status":"publish","type":"post","link":"https:\/\/staging.varesenews.it\/2006\/01\/cosa-vuole-fare-il-comune-con-malpensafiere\/262916\/","title":{"rendered":"&#8220;Cosa vuole fare il Comune con MalpensaFiere?&#8221;"},"content":{"rendered":"<p><font face=\"arial,helvetica,sans-serif\">Le <a href=\"\/economia\/articolo.php?id=38132\">dimissioni di <strong>Romeo Mazzucchelli<\/strong><\/a> non sono passate inosservate. Il gruppo consigliare della <strong><a href=\"http:\/\/www.margheritabusto.it\/\" target=\"_blank\">Margherita<\/a> <\/strong>ha presentato un&#8217;interrogazione al Consiglio comunale in cui chide di sapere &quot;<\/font><font face=\"arial,helvetica,sans-serif\">quale siano state le indicazioni date dal comune di Busto alla societ\u00e0 sugli indirizzi strategici;<br \/>per quali motivi il comune di Busto non ha mai contribuito economicamente alle attivit\u00e0 ed alle iniziative proposte dall\u2019Ente;<br \/>quale sia ora la posizione del Comune di fronte a questa profonda crisi e quali siano i piani e gli strumenti con cui si vuole affrontare la minaccia derivante dalla nuova Fiera di Rho-Pero&quot;.<\/font><\/p>\n<p><font face=\"Verdana\" size=\"2\"><font face=\"arial,helvetica,sans-serif\" size=\"3\">Domande delicate ma centrali per la vita della struttura. Domande utili, non solo per l&#8217;amministrazione di Busto Arsizio, ma per tutte le realt\u00e0 legate alla societ\u00e0. <br \/>Sul futuro si esprimer\u00e0 in tempi molto veloci la Camera di commercio la cui Giunta ha gi\u00e0 all&#8217;ordine del giorno la questione. Una volta scelto il nuovo Presidente la mossa successiva sar\u00e0 la ricerca di un direttore che assicuri la gestione la programmazione per il centro.<\/font><\/font><\/p>\n<ul>\n<p \/><\/ul>\n","protected":false},"excerpt":{"rendered":"<p>Interrogazione della Margherita sul destino del centro polivalente<\/p>\n","protected":false},"author":10,"featured_media":0,"comment_status":"open","ping_status":"open","sticky":false,"template":"","format":"standard","meta":{"footnotes":""},"categories":[4],"tags":[],"acf":[],"yoast_head":"<!-- This site is optimized with the Yoast SEO plugin v20.1 - https:\/\/yoast.com\/wordpress\/plugins\/seo\/ -->\n<title>&quot;Cosa vuole fare il Comune con MalpensaFiere?&quot;<\/title>\n<meta name=\"description\" content=\"Interrogazione della Margherita sul destino del centro polivalente\" \/>\n<meta name=\"robots\" content=\"noindex, follow, max-snippet:-1, max-image-preview:large, max-video-preview:-1\" \/>\n<meta property=\"og:locale\" content=\"it_IT\" \/>\n<meta property=\"og:type\" content=\"article\" \/>\n<meta property=\"og:title\" content=\"&quot;Cosa vuole fare il Comune con MalpensaFiere?&quot;\" \/>\n<meta property=\"og:description\" content=\"Interrogazione della Margherita sul destino del centro polivalente\" \/>\n<meta property=\"og:url\" content=\"https:\/\/staging.varesenews.it\/2006\/01\/cosa-vuole-fare-il-comune-con-malpensafiere\/262916\/\" \/>\n<meta property=\"og:site_name\" content=\"VareseNews\" \/>\n<meta property=\"article:publisher\" content=\"https:\/\/www.facebook.com\/varesenews\" \/>\n<meta property=\"article:published_time\" content=\"2006-01-10T00:00:00+00:00\" \/>\n<meta name=\"author\" content=\"Redazione VareseNews\" \/>\n<meta name=\"twitter:card\" content=\"summary_large_image\" \/>\n<meta name=\"twitter:creator\" content=\"@varesenews\" \/>\n<meta name=\"twitter:site\" content=\"@varesenews\" \/>\n<meta name=\"twitter:label1\" content=\"Scritto da\" \/>\n\t<meta name=\"twitter:data1\" content=\"Redazione VareseNews\" \/>\n\t<meta name=\"twitter:label2\" content=\"Tempo di lettura stimato\" \/>\n\t<meta name=\"twitter:data2\" content=\"1 minuto\" \/>\n<script type=\"application\/ld+json\" class=\"yoast-schema-graph\">{\"@context\":\"https:\/\/schema.org\",\"@graph\":[{\"@type\":\"WebPage\",\"@id\":\"https:\/\/staging.varesenews.it\/2006\/01\/cosa-vuole-fare-il-comune-con-malpensafiere\/262916\/\",\"url\":\"https:\/\/staging.varesenews.it\/2006\/01\/cosa-vuole-fare-il-comune-con-malpensafiere\/262916\/\",\"name\":\"\\\"Cosa vuole fare il Comune con MalpensaFiere?\\\"\",\"isPartOf\":{\"@id\":\"https:\/\/staging.varesenews.it\/#website\"},\"datePublished\":\"2006-01-10T00:00:00+00:00\",\"dateModified\":\"2006-01-10T00:00:00+00:00\",\"author\":{\"@id\":\"https:\/\/staging.varesenews.it\/#\/schema\/person\/fb20c4da0b7b16c291707a20db73e169\"},\"description\":\"Interrogazione della Margherita sul destino del centro polivalente\",\"breadcrumb\":{\"@id\":\"https:\/\/staging.varesenews.it\/2006\/01\/cosa-vuole-fare-il-comune-con-malpensafiere\/262916\/#breadcrumb\"},\"inLanguage\":\"it-IT\",\"potentialAction\":[{\"@type\":\"ReadAction\",\"target\":[\"https:\/\/staging.varesenews.it\/2006\/01\/cosa-vuole-fare-il-comune-con-malpensafiere\/262916\/\"]}]},{\"@type\":\"BreadcrumbList\",\"@id\":\"https:\/\/staging.varesenews.it\/2006\/01\/cosa-vuole-fare-il-comune-con-malpensafiere\/262916\/#breadcrumb\",\"itemListElement\":[{\"@type\":\"ListItem\",\"position\":1,\"name\":\"Home\",\"item\":\"https:\/\/www.varesenews.it\/\"},{\"@type\":\"ListItem\",\"position\":2,\"name\":\"&#8220;Cosa vuole fare il Comune con MalpensaFiere?&#8221;\"}]},{\"@type\":\"WebSite\",\"@id\":\"https:\/\/staging.varesenews.it\/#website\",\"url\":\"https:\/\/staging.varesenews.it\/\",\"name\":\"VareseNews\",\"description\":\"\",\"potentialAction\":[{\"@type\":\"SearchAction\",\"target\":{\"@type\":\"EntryPoint\",\"urlTemplate\":\"https:\/\/staging.varesenews.it\/?s={search_term_string}\"},\"query-input\":\"required name=search_term_string\"}],\"inLanguage\":\"it-IT\"},{\"@type\":\"Person\",\"@id\":\"https:\/\/staging.varesenews.it\/#\/schema\/person\/fb20c4da0b7b16c291707a20db73e169\",\"name\":\"Redazione VareseNews\",\"image\":{\"@type\":\"ImageObject\",\"inLanguage\":\"it-IT\",\"@id\":\"https:\/\/staging.varesenews.it\/#\/schema\/person\/image\/\",\"url\":\"https:\/\/staging.varesenews.it\/wp-content\/uploads\/2020\/12\/logo_VN_colori_500.png\",\"contentUrl\":\"https:\/\/staging.varesenews.it\/wp-content\/uploads\/2020\/12\/logo_VN_colori_500.png\",\"caption\":\"Redazione VareseNews\"},\"url\":\"https:\/\/staging.varesenews.it\/persona\/redazione1\/\"}]}<\/script>\n<!-- \/ Yoast SEO plugin. -->","yoast_head_json":{"title":"\"Cosa vuole fare il Comune con MalpensaFiere?\"","description":"Interrogazione della Margherita sul destino del centro polivalente","robots":{"index":"noindex","follow":"follow","max-snippet":"max-snippet:-1","max-image-preview":"max-image-preview:large","max-video-preview":"max-video-preview:-1"},"og_locale":"it_IT","og_type":"article","og_title":"\"Cosa vuole fare il Comune con MalpensaFiere?\"","og_description":"Interrogazione della Margherita sul destino del centro polivalente","og_url":"https:\/\/staging.varesenews.it\/2006\/01\/cosa-vuole-fare-il-comune-con-malpensafiere\/262916\/","og_site_name":"VareseNews","article_publisher":"https:\/\/www.facebook.com\/varesenews","article_published_time":"2006-01-10T00:00:00+00:00","author":"Redazione VareseNews","twitter_card":"summary_large_image","twitter_creator":"@varesenews","twitter_site":"@varesenews","twitter_misc":{"Scritto da":"Redazione VareseNews","Tempo di lettura stimato":"1 minuto"},"schema":{"@context":"https:\/\/schema.org","@graph":[{"@type":"WebPage","@id":"https:\/\/staging.varesenews.it\/2006\/01\/cosa-vuole-fare-il-comune-con-malpensafiere\/262916\/","url":"https:\/\/staging.varesenews.it\/2006\/01\/cosa-vuole-fare-il-comune-con-malpensafiere\/262916\/","name":"\"Cosa vuole fare il Comune con MalpensaFiere?\"","isPartOf":{"@id":"https:\/\/staging.varesenews.it\/#website"},"datePublished":"2006-01-10T00:00:00+00:00","dateModified":"2006-01-10T00:00:00+00:00","author":{"@id":"https:\/\/staging.varesenews.it\/#\/schema\/person\/fb20c4da0b7b16c291707a20db73e169"},"description":"Interrogazione della Margherita sul destino del centro polivalente","breadcrumb":{"@id":"https:\/\/staging.varesenews.it\/2006\/01\/cosa-vuole-fare-il-comune-con-malpensafiere\/262916\/#breadcrumb"},"inLanguage":"it-IT","potentialAction":[{"@type":"ReadAction","target":["https:\/\/staging.varesenews.it\/2006\/01\/cosa-vuole-fare-il-comune-con-malpensafiere\/262916\/"]}]},{"@type":"BreadcrumbList","@id":"https:\/\/staging.varesenews.it\/2006\/01\/cosa-vuole-fare-il-comune-con-malpensafiere\/262916\/#breadcrumb","itemListElement":[{"@type":"ListItem","position":1,"name":"Home","item":"https:\/\/www.varesenews.it\/"},{"@type":"ListItem","position":2,"name":"&#8220;Cosa vuole fare il Comune con MalpensaFiere?&#8221;"}]},{"@type":"WebSite","@id":"https:\/\/staging.varesenews.it\/#website","url":"https:\/\/staging.varesenews.it\/","name":"VareseNews","description":"","potentialAction":[{"@type":"SearchAction","target":{"@type":"EntryPoint","urlTemplate":"https:\/\/staging.varesenews.it\/?s={search_term_string}"},"query-input":"required name=search_term_string"}],"inLanguage":"it-IT"},{"@type":"Person","@id":"https:\/\/staging.varesenews.it\/#\/schema\/person\/fb20c4da0b7b16c291707a20db73e169","name":"Redazione VareseNews","image":{"@type":"ImageObject","inLanguage":"it-IT","@id":"https:\/\/staging.varesenews.it\/#\/schema\/person\/image\/","url":"https:\/\/staging.varesenews.it\/wp-content\/uploads\/2020\/12\/logo_VN_colori_500.png","contentUrl":"https:\/\/staging.varesenews.it\/wp-content\/uploads\/2020\/12\/logo_VN_colori_500.png","caption":"Redazione VareseNews"},"url":"https:\/\/staging.varesenews.it\/persona\/redazione1\/"}]}},"post_meta":{"id_old":"38539","argomento":"Busto Arsizio"},"photos":[],"_links":{"self":[{"href":"https:\/\/staging.varesenews.it\/swgapi\/v1\/wp\/v2\/posts\/262916"}],"collection":[{"href":"https:\/\/staging.varesenews.it\/swgapi\/v1\/wp\/v2\/posts"}],"about":[{"href":"https:\/\/staging.varesenews.it\/swgapi\/v1\/wp\/v2\/types\/post"}],"author":[{"embeddable":true,"href":"https:\/\/staging.varesenews.it\/swgapi\/v1\/wp\/v2\/users\/10"}],"replies":[{"embeddable":true,"href":"https:\/\/staging.varesenews.it\/swgapi\/v1\/wp\/v2\/comments?post=262916"}],"version-history":[{"count":0,"href":"https:\/\/staging.varesenews.it\/swgapi\/v1\/wp\/v2\/posts\/262916\/revisions"}],"wp:attachment":[{"href":"https:\/\/staging.varesenews.it\/swgapi\/v1\/wp\/v2\/media?parent=262916"}],"wp:term":[{"taxonomy":"category","embeddable":true,"href":"https:\/\/staging.varesenews.it\/swgapi\/v1\/wp\/v2\/categories?post=262916"},{"taxonomy":"post_tag","embeddable":true,"href":"https:\/\/staging.varesenews.it\/swgapi\/v1\/wp\/v2\/tags?post=262916"}],"curies":[{"name":"wp","href":"https:\/\/api.w.org\/{rel}","templated":true}]}}