{"id":263000,"date":"2001-11-14T00:00:00","date_gmt":"2001-11-14T00:00:00","guid":{"rendered":""},"modified":"2001-11-14T00:00:00","modified_gmt":"2001-11-14T00:00:00","slug":"l-anas-si-fa-da-parte-la-tangenziale-la-faranno-provincia-e-comuni","status":"publish","type":"post","link":"https:\/\/staging.varesenews.it\/2001\/11\/l-anas-si-fa-da-parte-la-tangenziale-la-faranno-provincia-e-comuni\/263000\/","title":{"rendered":"L&#8217;Anas si fa da parte. La tangenziale la faranno Provincia e Comuni"},"content":{"rendered":"<p align=\"left\"><font face=\"Arial\">L\u2019Anas si fa da parte, la tangenziale di Varese (tratto Folla di Malnate \u2013 Induno Olona) verr\u00e0 realizzata dalla Provincia, dai comuni interessati e grazie al contributo di privati. Quella che nel maggio scorso era solo una bella idea passa ora alla prova dei fatti: l\u2019ente statale ha scritto ieri a Villa Recalcati dando il suo benestare. Provincia e comuni si occuperanno della progettazione, dell\u2019appalto e anche del reperimento dei fondi necessari (52 miliardi la stima iniziale) a collegare l\u2019attuale spezzone di tangenziale con l\u2019imbocco della Valganna: \u00e8 un\u2019opera nel cassetto da un ventennio buono e la cui realizzazione dovrebbe impedire a una buona fetta di traffico di intasare il centro di Varese; sono interessati in maniera particolare i flussi di veicoli provenienti dall\u2019autostrada, da Como, dalla Svizzera. Il commento pi\u00f9 significativo \u00e8 stato quello del sindaco di Induno Olona Carlo Crosti: &lt;Abbiamo dimostrato che la volont\u00e0 degli enti locali pu\u00f2 sconfiggere anche una burocrazia statale rimasta senza risultato per decenni&gt;. Un traguardo in effetti invidiabile. &lt;Adesso contiamo di affidare l\u2019appalto nel 2002 e di aprire il cantiere l\u2019anno successivo&gt; puntualizza il presidente della Provincia Massimo Ferrario. Il primo cittadino di Varese Aldi Fumagalli dal canto suo sottolinea una fortunata coincidenza: &lt;Nei giorni scorsi l\u2019Iper ha presentato il suo progetto di sistemazione dell\u2019incrocio tra via peschiera e viale Belforte: prevediamo di incassare circa 7 miliardi in oneri di urbanizzazione che andranno a finanziare l\u2019opera&gt;. Il resto dei costi verranno sostenuti in massima parte dal comune di Varese e dalla Provincia, con una quota di 2 miliardi spettante a Induno (&lt;L\u2019Anas ci ha concesso i poteri ma non ci ha lasciato una lira&gt; confessavano ieri mattina i politici locali). Villa Recalcati e Palazzo Estense potranno beneficiare della legge che stanzia fondi per le infrastrutture a sostegno dell\u2019universit\u00e0: l\u2019idea di base infatti \u00e8 che collegamenti pi\u00f9 rapidi tra Varese e Como servano allo sviluppo dell\u2019ateneo dell\u2019Insubria. In base a questo ragionamento (e grazie anche a un piccolo lavoro di &quot;lobbing&quot; da parte del parlamentare varesino Giancarlo Giorgetti) Varese si \u00e8 potuta assicurare circa 30 miliardi dalla legge sull\u2019universit\u00e0 che verrano ora investiti nella tangenziale.<\/font><\/p>\n","protected":false},"excerpt":{"rendered":"<p>L\u2019annuncio questa mattina a Villa Recalcati: gi\u00e0 pronti 30 miliardi<\/p>\n","protected":false},"author":10,"featured_media":0,"comment_status":"open","ping_status":"open","sticky":false,"template":"","format":"standard","meta":{"footnotes":""},"categories":[2],"tags":[],"acf":[],"yoast_head":"<!-- This site is optimized with the Yoast SEO plugin v20.1 - https:\/\/yoast.com\/wordpress\/plugins\/seo\/ -->\n<title>L&#039;Anas si fa da parte. La tangenziale la faranno Provincia e Comuni<\/title>\n<meta name=\"description\" content=\"L\u2019annuncio questa mattina a Villa Recalcati: gi\u00e0 pronti 30 miliardi\" \/>\n<meta name=\"robots\" content=\"noindex, follow, max-snippet:-1, max-image-preview:large, max-video-preview:-1\" \/>\n<meta property=\"og:locale\" content=\"it_IT\" \/>\n<meta property=\"og:type\" content=\"article\" \/>\n<meta property=\"og:title\" content=\"L&#039;Anas si fa da parte. La tangenziale la faranno Provincia e Comuni\" \/>\n<meta property=\"og:description\" content=\"L\u2019annuncio questa mattina a Villa Recalcati: gi\u00e0 pronti 30 miliardi\" \/>\n<meta property=\"og:url\" content=\"https:\/\/staging.varesenews.it\/2001\/11\/l-anas-si-fa-da-parte-la-tangenziale-la-faranno-provincia-e-comuni\/263000\/\" \/>\n<meta property=\"og:site_name\" content=\"VareseNews\" \/>\n<meta property=\"article:publisher\" content=\"https:\/\/www.facebook.com\/varesenews\" \/>\n<meta property=\"article:published_time\" content=\"2001-11-14T00:00:00+00:00\" \/>\n<meta name=\"author\" content=\"Redazione VareseNews\" \/>\n<meta name=\"twitter:card\" content=\"summary_large_image\" \/>\n<meta name=\"twitter:creator\" content=\"@varesenews\" \/>\n<meta name=\"twitter:site\" content=\"@varesenews\" \/>\n<meta name=\"twitter:label1\" content=\"Scritto da\" \/>\n\t<meta name=\"twitter:data1\" content=\"Redazione VareseNews\" \/>\n\t<meta name=\"twitter:label2\" content=\"Tempo di lettura stimato\" \/>\n\t<meta name=\"twitter:data2\" content=\"2 minuti\" \/>\n<script type=\"application\/ld+json\" class=\"yoast-schema-graph\">{\"@context\":\"https:\/\/schema.org\",\"@graph\":[{\"@type\":\"WebPage\",\"@id\":\"https:\/\/staging.varesenews.it\/2001\/11\/l-anas-si-fa-da-parte-la-tangenziale-la-faranno-provincia-e-comuni\/263000\/\",\"url\":\"https:\/\/staging.varesenews.it\/2001\/11\/l-anas-si-fa-da-parte-la-tangenziale-la-faranno-provincia-e-comuni\/263000\/\",\"name\":\"L'Anas si fa da parte. La tangenziale la faranno Provincia e Comuni\",\"isPartOf\":{\"@id\":\"https:\/\/staging.varesenews.it\/#website\"},\"datePublished\":\"2001-11-14T00:00:00+00:00\",\"dateModified\":\"2001-11-14T00:00:00+00:00\",\"author\":{\"@id\":\"https:\/\/staging.varesenews.it\/#\/schema\/person\/fb20c4da0b7b16c291707a20db73e169\"},\"description\":\"L\u2019annuncio questa mattina a Villa Recalcati: gi\u00e0 pronti 30 miliardi\",\"breadcrumb\":{\"@id\":\"https:\/\/staging.varesenews.it\/2001\/11\/l-anas-si-fa-da-parte-la-tangenziale-la-faranno-provincia-e-comuni\/263000\/#breadcrumb\"},\"inLanguage\":\"it-IT\",\"potentialAction\":[{\"@type\":\"ReadAction\",\"target\":[\"https:\/\/staging.varesenews.it\/2001\/11\/l-anas-si-fa-da-parte-la-tangenziale-la-faranno-provincia-e-comuni\/263000\/\"]}]},{\"@type\":\"BreadcrumbList\",\"@id\":\"https:\/\/staging.varesenews.it\/2001\/11\/l-anas-si-fa-da-parte-la-tangenziale-la-faranno-provincia-e-comuni\/263000\/#breadcrumb\",\"itemListElement\":[{\"@type\":\"ListItem\",\"position\":1,\"name\":\"Home\",\"item\":\"https:\/\/www.varesenews.it\/\"},{\"@type\":\"ListItem\",\"position\":2,\"name\":\"L&#8217;Anas si fa da parte. La tangenziale la faranno Provincia e Comuni\"}]},{\"@type\":\"WebSite\",\"@id\":\"https:\/\/staging.varesenews.it\/#website\",\"url\":\"https:\/\/staging.varesenews.it\/\",\"name\":\"VareseNews\",\"description\":\"\",\"potentialAction\":[{\"@type\":\"SearchAction\",\"target\":{\"@type\":\"EntryPoint\",\"urlTemplate\":\"https:\/\/staging.varesenews.it\/?s={search_term_string}\"},\"query-input\":\"required name=search_term_string\"}],\"inLanguage\":\"it-IT\"},{\"@type\":\"Person\",\"@id\":\"https:\/\/staging.varesenews.it\/#\/schema\/person\/fb20c4da0b7b16c291707a20db73e169\",\"name\":\"Redazione VareseNews\",\"image\":{\"@type\":\"ImageObject\",\"inLanguage\":\"it-IT\",\"@id\":\"https:\/\/staging.varesenews.it\/#\/schema\/person\/image\/\",\"url\":\"https:\/\/staging.varesenews.it\/wp-content\/uploads\/2020\/12\/logo_VN_colori_500.png\",\"contentUrl\":\"https:\/\/staging.varesenews.it\/wp-content\/uploads\/2020\/12\/logo_VN_colori_500.png\",\"caption\":\"Redazione VareseNews\"},\"url\":\"https:\/\/staging.varesenews.it\/persona\/redazione1\/\"}]}<\/script>\n<!-- \/ Yoast SEO plugin. -->","yoast_head_json":{"title":"L'Anas si fa da parte. La tangenziale la faranno Provincia e Comuni","description":"L\u2019annuncio questa mattina a Villa Recalcati: gi\u00e0 pronti 30 miliardi","robots":{"index":"noindex","follow":"follow","max-snippet":"max-snippet:-1","max-image-preview":"max-image-preview:large","max-video-preview":"max-video-preview:-1"},"og_locale":"it_IT","og_type":"article","og_title":"L'Anas si fa da parte. La tangenziale la faranno Provincia e Comuni","og_description":"L\u2019annuncio questa mattina a Villa Recalcati: gi\u00e0 pronti 30 miliardi","og_url":"https:\/\/staging.varesenews.it\/2001\/11\/l-anas-si-fa-da-parte-la-tangenziale-la-faranno-provincia-e-comuni\/263000\/","og_site_name":"VareseNews","article_publisher":"https:\/\/www.facebook.com\/varesenews","article_published_time":"2001-11-14T00:00:00+00:00","author":"Redazione VareseNews","twitter_card":"summary_large_image","twitter_creator":"@varesenews","twitter_site":"@varesenews","twitter_misc":{"Scritto da":"Redazione VareseNews","Tempo di lettura stimato":"2 minuti"},"schema":{"@context":"https:\/\/schema.org","@graph":[{"@type":"WebPage","@id":"https:\/\/staging.varesenews.it\/2001\/11\/l-anas-si-fa-da-parte-la-tangenziale-la-faranno-provincia-e-comuni\/263000\/","url":"https:\/\/staging.varesenews.it\/2001\/11\/l-anas-si-fa-da-parte-la-tangenziale-la-faranno-provincia-e-comuni\/263000\/","name":"L'Anas si fa da parte. La tangenziale la faranno Provincia e Comuni","isPartOf":{"@id":"https:\/\/staging.varesenews.it\/#website"},"datePublished":"2001-11-14T00:00:00+00:00","dateModified":"2001-11-14T00:00:00+00:00","author":{"@id":"https:\/\/staging.varesenews.it\/#\/schema\/person\/fb20c4da0b7b16c291707a20db73e169"},"description":"L\u2019annuncio questa mattina a Villa Recalcati: gi\u00e0 pronti 30 miliardi","breadcrumb":{"@id":"https:\/\/staging.varesenews.it\/2001\/11\/l-anas-si-fa-da-parte-la-tangenziale-la-faranno-provincia-e-comuni\/263000\/#breadcrumb"},"inLanguage":"it-IT","potentialAction":[{"@type":"ReadAction","target":["https:\/\/staging.varesenews.it\/2001\/11\/l-anas-si-fa-da-parte-la-tangenziale-la-faranno-provincia-e-comuni\/263000\/"]}]},{"@type":"BreadcrumbList","@id":"https:\/\/staging.varesenews.it\/2001\/11\/l-anas-si-fa-da-parte-la-tangenziale-la-faranno-provincia-e-comuni\/263000\/#breadcrumb","itemListElement":[{"@type":"ListItem","position":1,"name":"Home","item":"https:\/\/www.varesenews.it\/"},{"@type":"ListItem","position":2,"name":"L&#8217;Anas si fa da parte. La tangenziale la faranno Provincia e Comuni"}]},{"@type":"WebSite","@id":"https:\/\/staging.varesenews.it\/#website","url":"https:\/\/staging.varesenews.it\/","name":"VareseNews","description":"","potentialAction":[{"@type":"SearchAction","target":{"@type":"EntryPoint","urlTemplate":"https:\/\/staging.varesenews.it\/?s={search_term_string}"},"query-input":"required name=search_term_string"}],"inLanguage":"it-IT"},{"@type":"Person","@id":"https:\/\/staging.varesenews.it\/#\/schema\/person\/fb20c4da0b7b16c291707a20db73e169","name":"Redazione VareseNews","image":{"@type":"ImageObject","inLanguage":"it-IT","@id":"https:\/\/staging.varesenews.it\/#\/schema\/person\/image\/","url":"https:\/\/staging.varesenews.it\/wp-content\/uploads\/2020\/12\/logo_VN_colori_500.png","contentUrl":"https:\/\/staging.varesenews.it\/wp-content\/uploads\/2020\/12\/logo_VN_colori_500.png","caption":"Redazione VareseNews"},"url":"https:\/\/staging.varesenews.it\/persona\/redazione1\/"}]}},"post_meta":{"id_old":"38450","argomento":"Varese"},"photos":[],"_links":{"self":[{"href":"https:\/\/staging.varesenews.it\/swgapi\/v1\/wp\/v2\/posts\/263000"}],"collection":[{"href":"https:\/\/staging.varesenews.it\/swgapi\/v1\/wp\/v2\/posts"}],"about":[{"href":"https:\/\/staging.varesenews.it\/swgapi\/v1\/wp\/v2\/types\/post"}],"author":[{"embeddable":true,"href":"https:\/\/staging.varesenews.it\/swgapi\/v1\/wp\/v2\/users\/10"}],"replies":[{"embeddable":true,"href":"https:\/\/staging.varesenews.it\/swgapi\/v1\/wp\/v2\/comments?post=263000"}],"version-history":[{"count":0,"href":"https:\/\/staging.varesenews.it\/swgapi\/v1\/wp\/v2\/posts\/263000\/revisions"}],"wp:attachment":[{"href":"https:\/\/staging.varesenews.it\/swgapi\/v1\/wp\/v2\/media?parent=263000"}],"wp:term":[{"taxonomy":"category","embeddable":true,"href":"https:\/\/staging.varesenews.it\/swgapi\/v1\/wp\/v2\/categories?post=263000"},{"taxonomy":"post_tag","embeddable":true,"href":"https:\/\/staging.varesenews.it\/swgapi\/v1\/wp\/v2\/tags?post=263000"}],"curies":[{"name":"wp","href":"https:\/\/api.w.org\/{rel}","templated":true}]}}