{"id":263050,"date":"2001-11-07T00:00:00","date_gmt":"2001-11-07T00:00:00","guid":{"rendered":""},"modified":"2001-11-07T00:00:00","modified_gmt":"2001-11-07T00:00:00","slug":"la-scuola-della-moratti-e-formigoni-non-ci-piace","status":"publish","type":"post","link":"https:\/\/staging.varesenews.it\/2001\/11\/la-scuola-della-moratti-e-formigoni-non-ci-piace\/263050\/","title":{"rendered":"\u00abLa scuola della Moratti e Formigoni non ci piace\u00bb"},"content":{"rendered":"<p align=\"justify\"><font face=\"Arial\">Riportiamo i due comunicati della Sinistra giovanile e dei Giovani comunisti per la manifestazione di venerd\u00ec 9 contro la politica scolastica del Governo<\/font><\/p>\n<p align=\"justify\"><font face=\"Arial\">Venerd\u00ec 9 novembre sar\u00e0 un giorno di mobilitazione nazionale della Sinistra giovanile contro la politica scolastica del centro-destra. La sezione varesina organizza, con il sostegno dei Giovani Comunisti e la Cgil, una manifestazione studentesca per le vie di Varese (partenza ore 9 dal Piazzale FS, arrivo previsto per le ore 10,30 in Piazza del garibaldino) con l\u2019obiettivo di mostrare il grande disappunto degli studenti verso il modello di istruzione pubblica voluto dal ministro Moratti, che ricalca quanto gi\u00e0 conosciuto daglistudenti lomabardi con Formigoni.<\/font><\/p>\n<p align=\"justify\"><font face=\"Arial\">In particolare, si contesta l\u2019irrisoria cifra (14 miliardi!) contenuta nella finanziaria destinata al diritto allo studio dal governo, e l\u2019idea di smantellare la partecipazione studentesca nella vita degli istituti, cio\u00e9 la grande conquista del centrosinistra di questi anni che proprio nelle prossime stagioni avrebbe dovuto avere completa attuazione.<\/font><\/p>\n<p align=\"justify\"><font face=\"Arial\">Inoltre, la Sinistra giovanile intende ribadire il suo secco NO al buono scuola formigoniano che ha indubbiamente privilegiato una minoranza, tendenzialmente gi\u00e0 benestante, della popolazione studentesca (appena il 5%!!!). Confermare il dissenso su questa politica, che nulla ha a che vedere con il diritto allo studio, \u00e9 fondamentale se si considera che la politica scolastica lombarda vuole essere presa a modello dal governo della Casa delle Libert\u00e0. Per questo in occasione della manifestazione sar\u00e0 lanciata una petizione tra gli studenti affinch\u00e9 non vengano ripetuti i pessimi risultati dati dal buono-scuola nei prossimi anni. L\u2019obiettivo \u00e9 quello di raccogliere decine di migliaia di firme tra tutti gli istituti e riportare con forza, entro poche settimane, la discussione all\u2019interno del Consiglio regionale lombardo attraverso i consiglieri del centosinistra.<\/font><\/p>\n<p align=\"justify\"><font face=\"Arial\">Sinistra giovanile<\/font><\/p>\n<p><b><\/p>\n<p>\u00a0<\/p>\n<p><font face=\"Arial\" color=\"#000000\" size=\"4\">Per una buona scuola (dunque senza buoni scuola) in un mondo di pace<\/font><\/p>\n<p><\/b><font face=\"Times New Roman\" color=\"#000000\"><\/font><\/p>\n<p><font face=\"Arial\" color=\"#000000\">Proprio oggi, all\u2019interno di quella che viene definita la fase <i>hard<\/i> della globalizzazione neoliberista, in azione anche attraverso un\u2019ennesima, tragica guerra, la costruzione di un altro mondo, possibile e sempre pi\u00f9 necessario, passa improrogabilmente attraverso la costruzione di una scuola di pace, cio\u00e8 attraverso la difesa del diritto all\u2019istruzione pubblica.<\/font><\/p>\n<p><font face=\"Arial\" color=\"#000000\">La scuola pubblica, gi\u00e0 profondamente indebolita dai provvedimenti del passato governo di centro-&quot;sinistra&quot; (autonomia, parificazione, riforma dei cicli) si trova oggi sotto il fuoco incrociato di diversi fronti.<\/font><\/p>\n<p><font face=\"Times New Roman\" color=\"#000000\"><\/font><\/p>\n<p align=\"justify\"><font face=\"Arial\" color=\"#000000\">La globalizzazione neoliberista imperante nel settore dell\u2019istruzione come in tutti gli altri campi dei diritti fondamentali, tende sempre pi\u00f9 a decostruire il sistema formativo pubblico, sostituendo all&#8217;idea di istruzione come diritto indisponibile e inalienabile, quello di istruzione come merce. Tali intenti trovano la propria esplicitazione nei Gats (Accordi generali su commercio e servizi) nei quali si dichiara la necessit\u00e0 di gettare sul mercato una serie di settori fondamentali dello stato di diritto, scuola e sanit\u00e0 in primis. Nel campo dell\u2019istruzione, in particolare, si intendono sostituire le scuole pubbliche con una serie di aziende private del sapere, regolate dalle sole leggi del profitto e della concorrenza.<\/font><\/p>\n<p align=\"justify\"><font face=\"Arial\" color=\"#000000\">A livello locale, questo progetto si traduce perfettamente nella logica dei &quot;buoni scuola&quot; varati da Formigoni e dalla sua Giunta Regionale, locomotore e laboratorio delle politiche della destra in Italia.<\/font><\/p>\n<p align=\"justify\"><font face=\"Arial\" color=\"#000000\">I &quot;buoni scuola&quot;, oggettivamente destinati a solo vantaggio delle scuole private e di chi le frequenta &#8211; appartenenti soprattutto a famiglie ricche e per nulla bisognose di &quot;aiuti pubblici&quot; -, senza per altro nessun controllo sulla qualit\u00e0 delle scuole private stesse, sono infatti con chiara evidenza lo strumento locale per trasformare un diritto, finora fruibile gratuitamente da tutti all\u2019interno di una struttura pubblica, in una merce acquistabile presso erogatori privati di prodotti culturali &#8211; il cui costo \u00e8 regolato dal mercato &#8211; per annichilire la scuola pubblica e rivitalizzare il sistema formativo privato.<\/font><\/p>\n<p><font face=\"Times New Roman\" color=\"#000000\"><\/font><\/p>\n<p align=\"justify\"><font face=\"Arial\" color=\"#000000\">Lo stato dell\u2019attuale situazione internazionale ci costringe poi ad una riflessione pi\u00f9 generale sul valore stesso dell\u2019istruzione.<\/font><\/p>\n<p align=\"justify\"><font face=\"Arial\" color=\"#000000\">La guerra in Afghanistan che, lungi dal risolvere il grave problema del terrorismo, aggiunge ogni giorno vittime civili a vittime civili, distruzione a distruzione, contribuendo parallelamente alla destabilizzazione di intere aree a rischio integralista e prefigurando cos\u00ec un assurdo e disastroso scontro di civilt\u00e0, deve essere ripudiata in modo categorico dagli studenti, contrapponendo ad essa un mondo e una scuola di pace.<\/font><\/p>\n<p align=\"justify\"><font face=\"Arial\" color=\"#000000\">Fare questo significa non solo opporsi alla &quot;Finanziaria di guerra&quot; che, con la scusa di una falsa sicurezza, taglia per l&#8217;ennesima volta fondi all\u2019istruzione dirottandoli sulla difesa, ma anche e soprattutto difendere il concetto stesso di scuola pubblica come culla della multiculturalit\u00e0, sistema formativo privilegiato per favorire il confronto critico e costruttivo, il rispetto e la valorizzazione delle diversit\u00e0, la comprensione piena dell\u2019altro.<\/font><\/p>\n<p align=\"justify\"><font face=\"Arial\" color=\"#000000\">Questa difesa di una scuola pubblica di pace passa ancora, necessariamente, attraverso il rifiuto netto e categorico della logica privatistica dei buoni scuola, sostenendo invece il diritto allo studio di tutti all\u2019interno di una struttura pubblica adeguatamente valorizzata e finanziata come primo ed indispensabile gradino per la costruzione di una mondo di pace e di rispetto.<\/font><\/p>\n<p><font face=\"Times New Roman\" color=\"#000000\"><\/p>\n<p align=\"justify\">\u00a0<\/p>\n<p><\/font><b><\/p>\n<p align=\"center\"><font face=\"Arial\" color=\"#000000\" size=\"5\">Pertanto:<\/font><\/p>\n<p><\/b><font face=\"Times New Roman\" color=\"#000000\"><\/font><\/p>\n<blockquote>\n<blockquote>\n<p align=\"justify\"><font face=\"Arial\" color=\"#000000\">dichiariamo con forza la nostra pi\u00f9 risoluta opposizione alla logica dei &quot;buoni scuola&quot;, discriminanti ed inaccettabili non solo a livello di attuazione pratica e tecnica, ma anche e soprattutto a livello di principio ispiratore, che trasforma l&#8217;istruzione da diritto indisponibile a merce.<\/font><\/p>\n<\/blockquote>\n<p align=\"justify\"><font face=\"Arial\"><font color=\"#000000\">\u00b7 Pretendiamo il finaziamento del diritto allo studio per tutti, con lo spostamento delle risorse destinate ai &quot;buoni scuola&quot; al capitolo inerente la legge regionale n\u00b0 31 riguardante settori come trasporti, libri di testo, mense ecc.<\/font><\/font><\/p>\n<\/blockquote>\n<p><font face=\"Times New Roman\" color=\"#000000\"><\/font><\/p>\n<blockquote>\n<p align=\"justify\"><font face=\"Arial\"><font color=\"#000000\">\u00b7 Libert\u00e0 significa per noi possibilit\u00e0 per tutti di accedere gratuitamente, senza condizionamenti determinati dalla situazione sociale, economica o culturale, a tutti i livelli dell\u2019istruzione, in una scuola che non cristallizzi le differenze di classe ma che contribuisca ad annullarle. La sola strada per raggiungere ci\u00f2 \u00e8 la gratuit\u00e0 dei libri di testo, dei trasporti pubblici, delle mense scolastiche e di tutto quanto concerne pi\u00f9 in generale il diritto all&#8217;istruzione .<\/font><\/font><\/p>\n<\/blockquote>\n<p><font face=\"Times New Roman\" color=\"#000000\"><\/font><\/p>\n<blockquote>\n<blockquote>\n<p align=\"justify\"><font face=\"Arial\" color=\"#000000\">ribadiamo la nostra convinzione della necessit\u00e0 della difesa e della valorizzazione della scuola pubblica in quanto strumento essenziale alla costruzione di una societ\u00e0 del diritto, multietnica e multiculturale. Ci opponiamo dunque alla &quot;Finanziaria di guerra&quot;, che prosciuga i gi\u00e0 infimi fondi alla scuola con la scusa per dirottarli sulle armi e su presunte &quot;politiche di sicurezza&quot;;<\/font><\/p>\n<\/blockquote>\n<\/blockquote>\n<p><font face=\"Times New Roman\" color=\"#000000\"><\/font><\/p>\n<blockquote>\n<blockquote>\n<p align=\"justify\"><font face=\"Arial\" color=\"#000000\">crediamo in una scuola di pace, del rispetto e del confronto, che aiuti la costruzione di un mondo diverso, possibile, basato in primis sulla pace. Ci opponiamo pertanto alla logica della guerra come mezzo di risoluzione delle controversie internazionali e dunque a quest\u2019ennesima guerra, controproducente e disastrosa, chiedendo la fine immediata dei bombardamenti, in quanto altre sono le vie per fermare il terrorismo;<\/font><\/p>\n<\/blockquote>\n<\/blockquote>\n<p><font face=\"Times New Roman\" color=\"#000000\"><\/font><\/p>\n<p><font face=\"Arial\" color=\"#000000\">ci sentiamo pienamente colpiti dalla globalizzazione neoliberista anche nel nostro essere studenti e ci battiamo all&#8217;interno del cosiddetto &quot;movimento antiglobalizzazione di Genova per un mondo diverso, che passi anche per la tutela del diritto fondamentale ad una formazione pubblica e gratuita, rifiutando ogni logica privatistica del sapere.<\/font><\/p>\n","protected":false},"excerpt":{"rendered":"<p>Venerd\u00ec 9 manifestazione studentesca contro la politica scolastica del Governo<\/p>\n","protected":false},"author":10,"featured_media":0,"comment_status":"open","ping_status":"open","sticky":false,"template":"","format":"standard","meta":{"footnotes":""},"categories":[2],"tags":[],"acf":[],"yoast_head":"<!-- This site is optimized with the Yoast SEO plugin v20.1 - https:\/\/yoast.com\/wordpress\/plugins\/seo\/ -->\n<title>\u00abLa scuola della Moratti e Formigoni non ci piace\u00bb<\/title>\n<meta name=\"description\" content=\"Venerd\u00ec 9 manifestazione studentesca contro la politica scolastica del Governo\" \/>\n<meta name=\"robots\" content=\"noindex, follow, max-snippet:-1, max-image-preview:large, max-video-preview:-1\" \/>\n<meta property=\"og:locale\" content=\"it_IT\" \/>\n<meta property=\"og:type\" content=\"article\" \/>\n<meta property=\"og:title\" content=\"\u00abLa scuola della Moratti e Formigoni non ci piace\u00bb\" \/>\n<meta property=\"og:description\" content=\"Venerd\u00ec 9 manifestazione studentesca contro la politica scolastica del Governo\" \/>\n<meta property=\"og:url\" content=\"https:\/\/staging.varesenews.it\/2001\/11\/la-scuola-della-moratti-e-formigoni-non-ci-piace\/263050\/\" \/>\n<meta property=\"og:site_name\" content=\"VareseNews\" \/>\n<meta property=\"article:publisher\" content=\"https:\/\/www.facebook.com\/varesenews\" \/>\n<meta property=\"article:published_time\" content=\"2001-11-07T00:00:00+00:00\" \/>\n<meta name=\"author\" content=\"Redazione VareseNews\" \/>\n<meta name=\"twitter:card\" content=\"summary_large_image\" \/>\n<meta name=\"twitter:creator\" content=\"@varesenews\" \/>\n<meta name=\"twitter:site\" content=\"@varesenews\" \/>\n<meta name=\"twitter:label1\" content=\"Scritto da\" \/>\n\t<meta name=\"twitter:data1\" content=\"Redazione VareseNews\" \/>\n\t<meta name=\"twitter:label2\" content=\"Tempo di lettura stimato\" \/>\n\t<meta name=\"twitter:data2\" content=\"6 minuti\" \/>\n<script type=\"application\/ld+json\" class=\"yoast-schema-graph\">{\"@context\":\"https:\/\/schema.org\",\"@graph\":[{\"@type\":\"WebPage\",\"@id\":\"https:\/\/staging.varesenews.it\/2001\/11\/la-scuola-della-moratti-e-formigoni-non-ci-piace\/263050\/\",\"url\":\"https:\/\/staging.varesenews.it\/2001\/11\/la-scuola-della-moratti-e-formigoni-non-ci-piace\/263050\/\",\"name\":\"\u00abLa scuola della Moratti e Formigoni non ci piace\u00bb\",\"isPartOf\":{\"@id\":\"https:\/\/staging.varesenews.it\/#website\"},\"datePublished\":\"2001-11-07T00:00:00+00:00\",\"dateModified\":\"2001-11-07T00:00:00+00:00\",\"author\":{\"@id\":\"https:\/\/staging.varesenews.it\/#\/schema\/person\/fb20c4da0b7b16c291707a20db73e169\"},\"description\":\"Venerd\u00ec 9 manifestazione studentesca contro la politica scolastica del Governo\",\"breadcrumb\":{\"@id\":\"https:\/\/staging.varesenews.it\/2001\/11\/la-scuola-della-moratti-e-formigoni-non-ci-piace\/263050\/#breadcrumb\"},\"inLanguage\":\"it-IT\",\"potentialAction\":[{\"@type\":\"ReadAction\",\"target\":[\"https:\/\/staging.varesenews.it\/2001\/11\/la-scuola-della-moratti-e-formigoni-non-ci-piace\/263050\/\"]}]},{\"@type\":\"BreadcrumbList\",\"@id\":\"https:\/\/staging.varesenews.it\/2001\/11\/la-scuola-della-moratti-e-formigoni-non-ci-piace\/263050\/#breadcrumb\",\"itemListElement\":[{\"@type\":\"ListItem\",\"position\":1,\"name\":\"Home\",\"item\":\"https:\/\/www.varesenews.it\/\"},{\"@type\":\"ListItem\",\"position\":2,\"name\":\"\u00abLa scuola della Moratti e Formigoni non ci piace\u00bb\"}]},{\"@type\":\"WebSite\",\"@id\":\"https:\/\/staging.varesenews.it\/#website\",\"url\":\"https:\/\/staging.varesenews.it\/\",\"name\":\"VareseNews\",\"description\":\"\",\"potentialAction\":[{\"@type\":\"SearchAction\",\"target\":{\"@type\":\"EntryPoint\",\"urlTemplate\":\"https:\/\/staging.varesenews.it\/?s={search_term_string}\"},\"query-input\":\"required name=search_term_string\"}],\"inLanguage\":\"it-IT\"},{\"@type\":\"Person\",\"@id\":\"https:\/\/staging.varesenews.it\/#\/schema\/person\/fb20c4da0b7b16c291707a20db73e169\",\"name\":\"Redazione VareseNews\",\"image\":{\"@type\":\"ImageObject\",\"inLanguage\":\"it-IT\",\"@id\":\"https:\/\/staging.varesenews.it\/#\/schema\/person\/image\/\",\"url\":\"https:\/\/staging.varesenews.it\/wp-content\/uploads\/2020\/12\/logo_VN_colori_500.png\",\"contentUrl\":\"https:\/\/staging.varesenews.it\/wp-content\/uploads\/2020\/12\/logo_VN_colori_500.png\",\"caption\":\"Redazione VareseNews\"},\"url\":\"https:\/\/staging.varesenews.it\/persona\/redazione1\/\"}]}<\/script>\n<!-- \/ Yoast SEO plugin. -->","yoast_head_json":{"title":"\u00abLa scuola della Moratti e Formigoni non ci piace\u00bb","description":"Venerd\u00ec 9 manifestazione studentesca contro la politica scolastica del Governo","robots":{"index":"noindex","follow":"follow","max-snippet":"max-snippet:-1","max-image-preview":"max-image-preview:large","max-video-preview":"max-video-preview:-1"},"og_locale":"it_IT","og_type":"article","og_title":"\u00abLa scuola della Moratti e Formigoni non ci piace\u00bb","og_description":"Venerd\u00ec 9 manifestazione studentesca contro la politica scolastica del Governo","og_url":"https:\/\/staging.varesenews.it\/2001\/11\/la-scuola-della-moratti-e-formigoni-non-ci-piace\/263050\/","og_site_name":"VareseNews","article_publisher":"https:\/\/www.facebook.com\/varesenews","article_published_time":"2001-11-07T00:00:00+00:00","author":"Redazione VareseNews","twitter_card":"summary_large_image","twitter_creator":"@varesenews","twitter_site":"@varesenews","twitter_misc":{"Scritto da":"Redazione VareseNews","Tempo di lettura stimato":"6 minuti"},"schema":{"@context":"https:\/\/schema.org","@graph":[{"@type":"WebPage","@id":"https:\/\/staging.varesenews.it\/2001\/11\/la-scuola-della-moratti-e-formigoni-non-ci-piace\/263050\/","url":"https:\/\/staging.varesenews.it\/2001\/11\/la-scuola-della-moratti-e-formigoni-non-ci-piace\/263050\/","name":"\u00abLa scuola della Moratti e Formigoni non ci piace\u00bb","isPartOf":{"@id":"https:\/\/staging.varesenews.it\/#website"},"datePublished":"2001-11-07T00:00:00+00:00","dateModified":"2001-11-07T00:00:00+00:00","author":{"@id":"https:\/\/staging.varesenews.it\/#\/schema\/person\/fb20c4da0b7b16c291707a20db73e169"},"description":"Venerd\u00ec 9 manifestazione studentesca contro la politica scolastica del Governo","breadcrumb":{"@id":"https:\/\/staging.varesenews.it\/2001\/11\/la-scuola-della-moratti-e-formigoni-non-ci-piace\/263050\/#breadcrumb"},"inLanguage":"it-IT","potentialAction":[{"@type":"ReadAction","target":["https:\/\/staging.varesenews.it\/2001\/11\/la-scuola-della-moratti-e-formigoni-non-ci-piace\/263050\/"]}]},{"@type":"BreadcrumbList","@id":"https:\/\/staging.varesenews.it\/2001\/11\/la-scuola-della-moratti-e-formigoni-non-ci-piace\/263050\/#breadcrumb","itemListElement":[{"@type":"ListItem","position":1,"name":"Home","item":"https:\/\/www.varesenews.it\/"},{"@type":"ListItem","position":2,"name":"\u00abLa scuola della Moratti e Formigoni non ci piace\u00bb"}]},{"@type":"WebSite","@id":"https:\/\/staging.varesenews.it\/#website","url":"https:\/\/staging.varesenews.it\/","name":"VareseNews","description":"","potentialAction":[{"@type":"SearchAction","target":{"@type":"EntryPoint","urlTemplate":"https:\/\/staging.varesenews.it\/?s={search_term_string}"},"query-input":"required name=search_term_string"}],"inLanguage":"it-IT"},{"@type":"Person","@id":"https:\/\/staging.varesenews.it\/#\/schema\/person\/fb20c4da0b7b16c291707a20db73e169","name":"Redazione VareseNews","image":{"@type":"ImageObject","inLanguage":"it-IT","@id":"https:\/\/staging.varesenews.it\/#\/schema\/person\/image\/","url":"https:\/\/staging.varesenews.it\/wp-content\/uploads\/2020\/12\/logo_VN_colori_500.png","contentUrl":"https:\/\/staging.varesenews.it\/wp-content\/uploads\/2020\/12\/logo_VN_colori_500.png","caption":"Redazione VareseNews"},"url":"https:\/\/staging.varesenews.it\/persona\/redazione1\/"}]}},"post_meta":{"id_old":"38400","argomento":"Varese"},"photos":[],"_links":{"self":[{"href":"https:\/\/staging.varesenews.it\/swgapi\/v1\/wp\/v2\/posts\/263050"}],"collection":[{"href":"https:\/\/staging.varesenews.it\/swgapi\/v1\/wp\/v2\/posts"}],"about":[{"href":"https:\/\/staging.varesenews.it\/swgapi\/v1\/wp\/v2\/types\/post"}],"author":[{"embeddable":true,"href":"https:\/\/staging.varesenews.it\/swgapi\/v1\/wp\/v2\/users\/10"}],"replies":[{"embeddable":true,"href":"https:\/\/staging.varesenews.it\/swgapi\/v1\/wp\/v2\/comments?post=263050"}],"version-history":[{"count":0,"href":"https:\/\/staging.varesenews.it\/swgapi\/v1\/wp\/v2\/posts\/263050\/revisions"}],"wp:attachment":[{"href":"https:\/\/staging.varesenews.it\/swgapi\/v1\/wp\/v2\/media?parent=263050"}],"wp:term":[{"taxonomy":"category","embeddable":true,"href":"https:\/\/staging.varesenews.it\/swgapi\/v1\/wp\/v2\/categories?post=263050"},{"taxonomy":"post_tag","embeddable":true,"href":"https:\/\/staging.varesenews.it\/swgapi\/v1\/wp\/v2\/tags?post=263050"}],"curies":[{"name":"wp","href":"https:\/\/api.w.org\/{rel}","templated":true}]}}