{"id":263654,"date":"2001-08-01T00:00:00","date_gmt":"2001-08-01T00:00:00","guid":{"rendered":""},"modified":"2001-08-01T00:00:00","modified_gmt":"2001-08-01T00:00:00","slug":"le-vacanze-utili-dei-campi-internazionali","status":"publish","type":"post","link":"https:\/\/staging.varesenews.it\/2001\/08\/le-vacanze-utili-dei-campi-internazionali\/263654\/","title":{"rendered":"Le vacanze utili \r\ndei campi internazionali"},"content":{"rendered":"<table height=\"1\" cellspacing=\"6\" cellpadding=\"0\" width=\"100%\" border=\"0\">\n<tbody>\n<tr>\n<td valign=\"top\" width=\"100%\" colspan=\"2\" height=\"16\">\n<p><font face=\"Arial\">Ci sono i cechi e una slovacca, russi, serbi, francesi, uno scozzese, un coreano, il giapponese che vive in Thailandia e le due ragazze sudamericane che studiano a Milano. Non \u00e8 l&#8217;incipit della classica barzelletta adattata ai tempi, ma \u00e8 il variegato <i>melting pot<\/i> che il campo internazionale della Legambiente ha portato sulle rive del Verbano in questi giorni. Precisamente a Laveno Mombello. Sono in totale sedici i volontari, che arrivano da tutto il mondo per partecipare a questa singolare esperienza che vede i giovani applicarsi nella cura dell&#8217;ambiente. A Laveno sono arrivati tramite il circolo locale e le loro opere hanno rinfrescato Forte Castello, il parco comunale gestito in collaborazione con Legambiente e quello delle Torrazze. Cinque ore di lavoro per cinque giorni alla settimana a ripulire sentieri, costruire scanalature per l&#8217;acqua, posizionare segnaletiche. Orari flessibili, certo, e pause a volte prolungate. Ma sono tutti ventenni, e fra gli obiettivi di quella che \u00e8 la loro vacanza, c&#8217;\u00e8 anche il divertimento.<\/font><\/p>\n<p align=\"left\"><font face=\"Arial\">Scarponcino da trekking, calzoncini corti e magliettina, meglio se della Legambiente, una tenuta simil scout e al caldo del mezzogiorno, l&#8217;entusiasmo del numeroso gruppo non \u00e8 quello tipico dei ventenni. La stanchezza prende il sopravvento. Cazzuole e mazze in mano, si lavora per consolidare le merlature del castello. Siamo agli sgoccioli del campo durato due settimane e dopo le opere che hanno rivitalizzato quest&#8217;area, questa rappresenta un po&#8217; l&#8217;ultima fatica. Chiss\u00e0 quante volte, tra s\u00e9 e s\u00e9 avranno ripetuto la frase &quot;e pensare che per farlo pago pure!&quot;. Trecentomila lire \u00e8 il contributo che i giovani dei campi internazionali versano alle associazioni di provenienza. Pagare per lavorare! Sintomo di un amore estremo per l&#8217;ambiente? A pensarci bene \u00e8 anche una modesta spesa per passare quindici giorni in una localit\u00e0 del Bel Paese, insieme a tanti coetanei e nel frattempo essere utili. &quot;Molti arrivano dai paesi dell&#8217;est &#8211; spiega Luca Petoletti, responsabile del campo &#8211; e con questo contributo riescono comunque a fare una vacanza in Italia, altrimenti impossibile&quot;. Se a questo si aggiunge lo stimolante ambiente internazionale, lo scambio culturale e lo spirito collaborativo che scaturisce dal gruppo, ecco svelato il mistero.<\/font><\/p>\n<p><font face=\"Arial\">Insomma a mettere a nuovo il Parco Castello ci si diverte anche. Terminate le cinque ore di lavoro il resto \u00e8 una vacanza in piena regola. Dormono presso lo Scag, dove fanno vita da campeggio. Sveglia alle sette e trenta, colazione e subito al lavoro, poi gite, lago e serate nei pub della zona, scorazzando a bordo del pulmino hippy. E al ritorno fra i banchi di scuola, il volontariato presso il campo internazionale pu\u00f2 valere come esperienza formativa. Come hanno fatto quest&#8217;anno tre ragazzi di Laveno che mettono da parte questo impegno, come credito formativo per il prossimo anno. A parte tutto l&#8217;utile che si pu\u00f2 ricavare da un&#8217;esperienza come questa, per i ragazzi e per gli enti comunali che collaborano all&#8217;ccoglienza, &quot;il bello rimane lo scambio culturale&quot; conferma Luca Petoletti.<\/font><\/p>\n<p><font face=\"Arial\">Le vacanze utili si diffondono sempre di pi\u00f9. In Provincia, il campo di Laveno \u00e8 alla sua seconda esperienza e si affianca a quella, appena finita di Cuirone di Vergiate. Qui i volontari hanno lavorato nella riserva naturale del monte san Giacomo nel Parco del Ticino. Erano in tredici, anch&#8217;essi provenienti da tutto il mondo e come i loro coetanei del campo lavenese hanno lavorato alla manutenzione della scalinata, al posizionamento di opportune segnalazioni e cartelli indicatori sui sentieri, alla pulizia dell&#8217;area e delle mura del San Giacomo. E come i loro colleghi si sono anche divertiti.<\/font><\/p>\n<\/td>\n<\/tr>\n<tr>\n<td width=\"100%\" colspan=\"2\" height=\"18\">\n<p align=\"right\"><font face=\"Arial\" size=\"2\"><a href=\"mailto:catia@varesenews.it\"><font color=\"#ff0000\"><\/font><\/a><\/font><\/p>\n<\/td>\n<\/tr>\n<tr>\n<td width=\"100%\" colspan=\"2\" height=\"21\">\n<p align=\"right\" \/><\/td>\n<\/tr>\n<\/tbody>\n<\/table>\n","protected":false},"excerpt":{"rendered":"<p>Sono stranieri che arrivano da ogni parte del mondo per prestare volontariato nei campi organizzati, in Italia, da Legambiente. Pagano per farlo. Non sono masochisti: \u00e8 anche una bella opportunit\u00e0 per fare una vacanza in un ambiente giovane e, per gli italiani, mettere da parte anche crediti formativi <\/p>\n","protected":false},"author":10,"featured_media":0,"comment_status":"open","ping_status":"open","sticky":false,"template":"","format":"standard","meta":{"footnotes":""},"categories":[2],"tags":[],"acf":[],"yoast_head":"<!-- This site is optimized with the Yoast SEO plugin v20.1 - https:\/\/yoast.com\/wordpress\/plugins\/seo\/ -->\n<title>Le vacanze utili  dei campi internazionali<\/title>\n<meta name=\"description\" content=\"Sono stranieri che arrivano da ogni parte del mondo per prestare volontariato nei campi organizzati, in Italia, da Legambiente. Pagano per farlo. Non sono masochisti: \u00e8 anche una bella opportunit\u00e0 per fare una vacanza in un ambiente giovane e, per gli italiani, mettere da parte anche crediti formativi\" \/>\n<meta name=\"robots\" content=\"noindex, follow, max-snippet:-1, max-image-preview:large, max-video-preview:-1\" \/>\n<meta property=\"og:locale\" content=\"it_IT\" \/>\n<meta property=\"og:type\" content=\"article\" \/>\n<meta property=\"og:title\" content=\"Le vacanze utili  dei campi internazionali\" \/>\n<meta property=\"og:description\" content=\"Sono stranieri che arrivano da ogni parte del mondo per prestare volontariato nei campi organizzati, in Italia, da Legambiente. Pagano per farlo. Non sono masochisti: \u00e8 anche una bella opportunit\u00e0 per fare una vacanza in un ambiente giovane e, per gli italiani, mettere da parte anche crediti formativi\" \/>\n<meta property=\"og:url\" content=\"https:\/\/staging.varesenews.it\/2001\/08\/le-vacanze-utili-dei-campi-internazionali\/263654\/\" \/>\n<meta property=\"og:site_name\" content=\"VareseNews\" \/>\n<meta property=\"article:publisher\" content=\"https:\/\/www.facebook.com\/varesenews\" \/>\n<meta property=\"article:published_time\" content=\"2001-08-01T00:00:00+00:00\" \/>\n<meta name=\"author\" content=\"Redazione VareseNews\" \/>\n<meta name=\"twitter:card\" content=\"summary_large_image\" \/>\n<meta name=\"twitter:creator\" content=\"@varesenews\" \/>\n<meta name=\"twitter:site\" content=\"@varesenews\" \/>\n<meta name=\"twitter:label1\" content=\"Scritto da\" \/>\n\t<meta name=\"twitter:data1\" content=\"Redazione VareseNews\" \/>\n\t<meta name=\"twitter:label2\" content=\"Tempo di lettura stimato\" \/>\n\t<meta name=\"twitter:data2\" content=\"3 minuti\" \/>\n<script type=\"application\/ld+json\" class=\"yoast-schema-graph\">{\"@context\":\"https:\/\/schema.org\",\"@graph\":[{\"@type\":\"WebPage\",\"@id\":\"https:\/\/staging.varesenews.it\/2001\/08\/le-vacanze-utili-dei-campi-internazionali\/263654\/\",\"url\":\"https:\/\/staging.varesenews.it\/2001\/08\/le-vacanze-utili-dei-campi-internazionali\/263654\/\",\"name\":\"Le vacanze utili dei campi internazionali\",\"isPartOf\":{\"@id\":\"https:\/\/staging.varesenews.it\/#website\"},\"datePublished\":\"2001-08-01T00:00:00+00:00\",\"dateModified\":\"2001-08-01T00:00:00+00:00\",\"author\":{\"@id\":\"https:\/\/staging.varesenews.it\/#\/schema\/person\/fb20c4da0b7b16c291707a20db73e169\"},\"description\":\"Sono stranieri che arrivano da ogni parte del mondo per prestare volontariato nei campi organizzati, in Italia, da Legambiente. Pagano per farlo. Non sono masochisti: \u00e8 anche una bella opportunit\u00e0 per fare una vacanza in un ambiente giovane e, per gli italiani, mettere da parte anche crediti formativi\",\"breadcrumb\":{\"@id\":\"https:\/\/staging.varesenews.it\/2001\/08\/le-vacanze-utili-dei-campi-internazionali\/263654\/#breadcrumb\"},\"inLanguage\":\"it-IT\",\"potentialAction\":[{\"@type\":\"ReadAction\",\"target\":[\"https:\/\/staging.varesenews.it\/2001\/08\/le-vacanze-utili-dei-campi-internazionali\/263654\/\"]}]},{\"@type\":\"BreadcrumbList\",\"@id\":\"https:\/\/staging.varesenews.it\/2001\/08\/le-vacanze-utili-dei-campi-internazionali\/263654\/#breadcrumb\",\"itemListElement\":[{\"@type\":\"ListItem\",\"position\":1,\"name\":\"Home\",\"item\":\"https:\/\/www.varesenews.it\/\"},{\"@type\":\"ListItem\",\"position\":2,\"name\":\"Le vacanze utili dei campi internazionali\"}]},{\"@type\":\"WebSite\",\"@id\":\"https:\/\/staging.varesenews.it\/#website\",\"url\":\"https:\/\/staging.varesenews.it\/\",\"name\":\"VareseNews\",\"description\":\"\",\"potentialAction\":[{\"@type\":\"SearchAction\",\"target\":{\"@type\":\"EntryPoint\",\"urlTemplate\":\"https:\/\/staging.varesenews.it\/?s={search_term_string}\"},\"query-input\":\"required name=search_term_string\"}],\"inLanguage\":\"it-IT\"},{\"@type\":\"Person\",\"@id\":\"https:\/\/staging.varesenews.it\/#\/schema\/person\/fb20c4da0b7b16c291707a20db73e169\",\"name\":\"Redazione VareseNews\",\"image\":{\"@type\":\"ImageObject\",\"inLanguage\":\"it-IT\",\"@id\":\"https:\/\/staging.varesenews.it\/#\/schema\/person\/image\/\",\"url\":\"https:\/\/staging.varesenews.it\/wp-content\/uploads\/2020\/12\/logo_VN_colori_500.png\",\"contentUrl\":\"https:\/\/staging.varesenews.it\/wp-content\/uploads\/2020\/12\/logo_VN_colori_500.png\",\"caption\":\"Redazione VareseNews\"},\"url\":\"https:\/\/staging.varesenews.it\/persona\/redazione1\/\"}]}<\/script>\n<!-- \/ Yoast SEO plugin. -->","yoast_head_json":{"title":"Le vacanze utili  dei campi internazionali","description":"Sono stranieri che arrivano da ogni parte del mondo per prestare volontariato nei campi organizzati, in Italia, da Legambiente. Pagano per farlo. Non sono masochisti: \u00e8 anche una bella opportunit\u00e0 per fare una vacanza in un ambiente giovane e, per gli italiani, mettere da parte anche crediti formativi","robots":{"index":"noindex","follow":"follow","max-snippet":"max-snippet:-1","max-image-preview":"max-image-preview:large","max-video-preview":"max-video-preview:-1"},"og_locale":"it_IT","og_type":"article","og_title":"Le vacanze utili  dei campi internazionali","og_description":"Sono stranieri che arrivano da ogni parte del mondo per prestare volontariato nei campi organizzati, in Italia, da Legambiente. Pagano per farlo. Non sono masochisti: \u00e8 anche una bella opportunit\u00e0 per fare una vacanza in un ambiente giovane e, per gli italiani, mettere da parte anche crediti formativi","og_url":"https:\/\/staging.varesenews.it\/2001\/08\/le-vacanze-utili-dei-campi-internazionali\/263654\/","og_site_name":"VareseNews","article_publisher":"https:\/\/www.facebook.com\/varesenews","article_published_time":"2001-08-01T00:00:00+00:00","author":"Redazione VareseNews","twitter_card":"summary_large_image","twitter_creator":"@varesenews","twitter_site":"@varesenews","twitter_misc":{"Scritto da":"Redazione VareseNews","Tempo di lettura stimato":"3 minuti"},"schema":{"@context":"https:\/\/schema.org","@graph":[{"@type":"WebPage","@id":"https:\/\/staging.varesenews.it\/2001\/08\/le-vacanze-utili-dei-campi-internazionali\/263654\/","url":"https:\/\/staging.varesenews.it\/2001\/08\/le-vacanze-utili-dei-campi-internazionali\/263654\/","name":"Le vacanze utili dei campi internazionali","isPartOf":{"@id":"https:\/\/staging.varesenews.it\/#website"},"datePublished":"2001-08-01T00:00:00+00:00","dateModified":"2001-08-01T00:00:00+00:00","author":{"@id":"https:\/\/staging.varesenews.it\/#\/schema\/person\/fb20c4da0b7b16c291707a20db73e169"},"description":"Sono stranieri che arrivano da ogni parte del mondo per prestare volontariato nei campi organizzati, in Italia, da Legambiente. Pagano per farlo. Non sono masochisti: \u00e8 anche una bella opportunit\u00e0 per fare una vacanza in un ambiente giovane e, per gli italiani, mettere da parte anche crediti formativi","breadcrumb":{"@id":"https:\/\/staging.varesenews.it\/2001\/08\/le-vacanze-utili-dei-campi-internazionali\/263654\/#breadcrumb"},"inLanguage":"it-IT","potentialAction":[{"@type":"ReadAction","target":["https:\/\/staging.varesenews.it\/2001\/08\/le-vacanze-utili-dei-campi-internazionali\/263654\/"]}]},{"@type":"BreadcrumbList","@id":"https:\/\/staging.varesenews.it\/2001\/08\/le-vacanze-utili-dei-campi-internazionali\/263654\/#breadcrumb","itemListElement":[{"@type":"ListItem","position":1,"name":"Home","item":"https:\/\/www.varesenews.it\/"},{"@type":"ListItem","position":2,"name":"Le vacanze utili dei campi internazionali"}]},{"@type":"WebSite","@id":"https:\/\/staging.varesenews.it\/#website","url":"https:\/\/staging.varesenews.it\/","name":"VareseNews","description":"","potentialAction":[{"@type":"SearchAction","target":{"@type":"EntryPoint","urlTemplate":"https:\/\/staging.varesenews.it\/?s={search_term_string}"},"query-input":"required name=search_term_string"}],"inLanguage":"it-IT"},{"@type":"Person","@id":"https:\/\/staging.varesenews.it\/#\/schema\/person\/fb20c4da0b7b16c291707a20db73e169","name":"Redazione VareseNews","image":{"@type":"ImageObject","inLanguage":"it-IT","@id":"https:\/\/staging.varesenews.it\/#\/schema\/person\/image\/","url":"https:\/\/staging.varesenews.it\/wp-content\/uploads\/2020\/12\/logo_VN_colori_500.png","contentUrl":"https:\/\/staging.varesenews.it\/wp-content\/uploads\/2020\/12\/logo_VN_colori_500.png","caption":"Redazione VareseNews"},"url":"https:\/\/staging.varesenews.it\/persona\/redazione1\/"}]}},"post_meta":{"id_old":"37775","argomento":"Laveno Mombello","autore_old":"Catia Spagnolo"},"photos":[],"_links":{"self":[{"href":"https:\/\/staging.varesenews.it\/swgapi\/v1\/wp\/v2\/posts\/263654"}],"collection":[{"href":"https:\/\/staging.varesenews.it\/swgapi\/v1\/wp\/v2\/posts"}],"about":[{"href":"https:\/\/staging.varesenews.it\/swgapi\/v1\/wp\/v2\/types\/post"}],"author":[{"embeddable":true,"href":"https:\/\/staging.varesenews.it\/swgapi\/v1\/wp\/v2\/users\/10"}],"replies":[{"embeddable":true,"href":"https:\/\/staging.varesenews.it\/swgapi\/v1\/wp\/v2\/comments?post=263654"}],"version-history":[{"count":0,"href":"https:\/\/staging.varesenews.it\/swgapi\/v1\/wp\/v2\/posts\/263654\/revisions"}],"wp:attachment":[{"href":"https:\/\/staging.varesenews.it\/swgapi\/v1\/wp\/v2\/media?parent=263654"}],"wp:term":[{"taxonomy":"category","embeddable":true,"href":"https:\/\/staging.varesenews.it\/swgapi\/v1\/wp\/v2\/categories?post=263654"},{"taxonomy":"post_tag","embeddable":true,"href":"https:\/\/staging.varesenews.it\/swgapi\/v1\/wp\/v2\/tags?post=263654"}],"curies":[{"name":"wp","href":"https:\/\/api.w.org\/{rel}","templated":true}]}}