{"id":264626,"date":"2001-04-12T00:00:00","date_gmt":"2001-04-12T00:00:00","guid":{"rendered":""},"modified":"2001-04-12T00:00:00","modified_gmt":"2001-04-12T00:00:00","slug":"festival-del-ticino-quest-anno-anche-produttore","status":"publish","type":"post","link":"https:\/\/staging.varesenews.it\/2001\/04\/festival-del-ticino-quest-anno-anche-produttore\/264626\/","title":{"rendered":"Festival del Ticino: quest\u2019anno anche &#8220;produttore&#8221;"},"content":{"rendered":"<table height=\"1\" cellspacing=\"6\" cellpadding=\"0\" width=\"100%\" border=\"0\">\n<tbody>\n<tr>\n<td valign=\"top\" width=\"100%\" colspan=\"2\" height=\"16\"><font face=\"Arial\">Si aprir\u00e0 il ventidue aprile il Festival del Ticino, la proposta culturale e artistica che per il quinto anno consecutivo porta nei comuni di Vergiate, Somma Lombardo, Sesto Calende, Arsago Seprio e ultimo arrivato il comune di Casorate Sempione, &quot;musica, teatro, sperimentazione e ricerca&quot;, come recita il cartellone. E necessario sottotitolo, senza il quale risulterebbe impossibile comprendere la sfida culturale originata dal comune di Vergiate nel 1997. Il programma della manifestazione, che si svolger\u00e0 sino al 10 giugno, \u00e8 stato presentato questa mattina, presso la sala consiliare dell\u2019ente organizzatore, Vergiate, alla presenza del sindaco Giovanni Taras, degli assessori alla cultura Miranda Baratelli Ostini, Angelo Maraschiello di Somma Lombardo, Daniele Colombo di Sesto Calende, Marco Cattoretti di Casorate Sempione. E ovviamente del direttore artistico Fabio Soragna. <\/p>\n<p>Un programma originale, che annovera nel suo calendario, ventitre spettacoli e undici repliche. Che porta nei comuni del Parco del Ticino artisti di fama internazionale e presenta per la prima volta due spettacoli di cui \u00e8 produttore lo stesso festival. Soddisfatto lo storico direttore artistico della rassegna, che in questa edizione ha prestato molto interesse anche a culture lontane. Spiccano infatti gli appuntamenti con la musica colta dell\u2019India del Nord, il teatro Noh giapponese e il &quot;pow wow&quot; degli indiani d\u2019America, soggetto di uno spettacolo di danza contemporanea. Per arrivare alle musiche della tradizione napoletana o dialettale milanese. Un mix accattivante di culture e di forme artistiche e generi: musica classica e antica, teatro di strada, danza e cabaret.<\/p>\n<p>Contento Soragna, perch\u00e9 il festival \u00e8 cresciuto e continua a crescere, per la presenza di sei volontari che si sono uniti all\u2019organizzazione e per le due produzioni. Quasi una conseguenza naturale, per far si &quot;che non si tratti solo di una vetrina di spettacoli- ha spiegato Soragna &#8211; come centri piccoli riusciamo a promuovere iniziative particolari, meno commerciali, perch\u00e9 se di fatto si guardano le grandi stagioni teatrali sono fatte per la met\u00e0 da nomi di richiamo, che provengono dal piccolo schermo o dal cinema&quot;.<\/p>\n<p>Insomma le limitate risorse economiche portano alla ricerca? Nel caso del Festival del Ticino si \u00e8 trattato sin dall\u2019inizio di una scelta ben precisa, che ha portato a sperimentare e tentare proposte inconsuete. Intellettualistiche o elitarie per qualcuno? Forse difficile, ma che restituiscono dignit\u00e0 e fiducia al pubblico. &quot;Mi sono sentito di rischiare \u2013 ha detto sul Noh giapponese Soragna \u2013 perch\u00e9 si tratter\u00e0 di una versione di quarantacinque minuti, in cui ci saranno parti raccontate, da ascoltare e vedere, che avvicineranno il pubblico a questa proposta, e perch\u00e9 \u00e8 importante offrire un piatto ricco e dall\u2019altra parte avere la possibilit\u00e0 di assaggiare; \u00e8 un passo pi\u00f9 lungo rispetto alle passate edizioni, ma mi sono sentito in linea con ci\u00f2 che voleva essere il Festival sin dall\u2019inizio&quot;.<\/p>\n<p>Le due produzioni. La prima \u00e8 dedicata alle composizioni di tre autori, Roberto Bacchini, Loriano Blasutta e Marco Bertona , eseguite &quot;ex novo&quot; da qualificati interpreti, come la soprano Cristina Rubin. La seconda \u00e9 lo spettacolo teatrale &quot;Il condannato a vita&quot; proposto da Il carro di Tespi di Milano. Una pi\u00e8ce tratta dal &quot;Re muore&quot; di Ionesco, sulla condizione dell\u2019uomo e dell\u2019umanit\u00e0 tutta.<\/p>\n<p>&quot;Un festival che ha fatto conoscere il nostro paese&quot; ha detto il sindaco Taras. &quot;Maturo, ma anche trasversale&quot; ha precisato Miranda Baratelli Ostini, nel presentare un\u2019altra novit\u00e0. L\u2019adesione di Casorate Sempione che ha chiesto autonomamente di entrare a farne parte. Adesione cos\u00ec motivata dal suo assessore alla cultura Marco Cattoretti. &quot;Entrare a far parte di questa esperienza consolidata \u00e8 stata sicuramente una scelta egoistica, ma per un comune che rischiava di chiudersi sempre di pi\u00f9 nel suo guscio e di cadere in una pericolosa grettezza culturale, rappresenta una sfida e una scelta provocatoria per dimostrare che si pu\u00f2 fare anche se non esistono gli spazi delle grandi citt\u00e0&quot;.<\/p>\n<p>Dunque spazio per la sperimentazione, per la musica, il teatro e danza, e per tutti gli appuntamenti collaterali: gli aperitivi musicali, le passeggiate e le visite guidate, le mostre e le conferenze che offriranno momenti di comprensione e approfondimento. Quest\u2019anno ci sar\u00e0 inoltre una segreteria itinerante, il cui compito sar\u00e0 quello di fornire informazioni anche sulle strutture ricettive della zona. E a dimostrare l\u2019interdisciplinariet\u00e0 del festival \u00e8 uno dei primi appuntamenti, il 25 aprile quando sar\u00e0 inaugurata la Riserva naturale del Monte San Giacomo, la cui riqualificazione e sistemazione \u00e8 stata effettuata dal Parco del Ticino.<\/p>\n<p><\/font><\/p>\n<p><font face=\"Arial\" size=\"3\">Il Programma dell\u2019intera manifestazione, patrocinata dal Parco del Ticino e dalla Provincia, si trova anche nell\u2019apposito <a href=\"http:\/\/www.varesenews.it\/festivaldelticino\">sito<\/a> realizzato da Varesenews<\/font> <\/p>\n<\/td>\n<\/tr>\n<tr>\n<td width=\"100%\" colspan=\"2\" height=\"18\"><\/td>\n<\/tr>\n<tr>\n<td width=\"100%\" colspan=\"2\" height=\"21\">\n<p align=\"right\"><a href=\"mailto:catia@varesenews.it\"><font face=\"Arial\" color=\"#ff0000\" size=\"2\"><\/font><\/a><\/p>\n<\/td>\n<\/tr>\n<\/tbody>\n<\/table>\n","protected":false},"excerpt":{"rendered":"<p>Al via la quinta edizione del Festival del Ticino. Fra le novit\u00e0 quelle artistiche che vedono il festival produttore di due spettacoli e l\u2019adesione del comune di Casorate Sempione<\/p>\n","protected":false},"author":10,"featured_media":0,"comment_status":"open","ping_status":"open","sticky":false,"template":"","format":"standard","meta":{"footnotes":""},"categories":[2],"tags":[],"acf":[],"yoast_head":"<!-- This site is optimized with the Yoast SEO plugin v20.1 - https:\/\/yoast.com\/wordpress\/plugins\/seo\/ -->\n<title>Festival del Ticino: quest\u2019anno anche &quot;produttore&quot;<\/title>\n<meta name=\"description\" content=\"Al via la quinta edizione del Festival del Ticino. Fra le novit\u00e0 quelle artistiche che vedono il festival produttore di due spettacoli e l\u2019adesione del comune di Casorate Sempione\" \/>\n<meta name=\"robots\" content=\"noindex, follow, max-snippet:-1, max-image-preview:large, max-video-preview:-1\" \/>\n<meta property=\"og:locale\" content=\"it_IT\" \/>\n<meta property=\"og:type\" content=\"article\" \/>\n<meta property=\"og:title\" content=\"Festival del Ticino: quest\u2019anno anche &quot;produttore&quot;\" \/>\n<meta property=\"og:description\" content=\"Al via la quinta edizione del Festival del Ticino. Fra le novit\u00e0 quelle artistiche che vedono il festival produttore di due spettacoli e l\u2019adesione del comune di Casorate Sempione\" \/>\n<meta property=\"og:url\" content=\"https:\/\/staging.varesenews.it\/2001\/04\/festival-del-ticino-quest-anno-anche-produttore\/264626\/\" \/>\n<meta property=\"og:site_name\" content=\"VareseNews\" \/>\n<meta property=\"article:publisher\" content=\"https:\/\/www.facebook.com\/varesenews\" \/>\n<meta property=\"article:published_time\" content=\"2001-04-12T00:00:00+00:00\" \/>\n<meta name=\"author\" content=\"Redazione VareseNews\" \/>\n<meta name=\"twitter:card\" content=\"summary_large_image\" \/>\n<meta name=\"twitter:creator\" content=\"@varesenews\" \/>\n<meta name=\"twitter:site\" content=\"@varesenews\" \/>\n<meta name=\"twitter:label1\" content=\"Scritto da\" \/>\n\t<meta name=\"twitter:data1\" content=\"Redazione VareseNews\" \/>\n\t<meta name=\"twitter:label2\" content=\"Tempo di lettura stimato\" \/>\n\t<meta name=\"twitter:data2\" content=\"4 minuti\" \/>\n<script type=\"application\/ld+json\" class=\"yoast-schema-graph\">{\"@context\":\"https:\/\/schema.org\",\"@graph\":[{\"@type\":\"WebPage\",\"@id\":\"https:\/\/staging.varesenews.it\/2001\/04\/festival-del-ticino-quest-anno-anche-produttore\/264626\/\",\"url\":\"https:\/\/staging.varesenews.it\/2001\/04\/festival-del-ticino-quest-anno-anche-produttore\/264626\/\",\"name\":\"Festival del Ticino: quest\u2019anno anche \\\"produttore\\\"\",\"isPartOf\":{\"@id\":\"https:\/\/staging.varesenews.it\/#website\"},\"datePublished\":\"2001-04-12T00:00:00+00:00\",\"dateModified\":\"2001-04-12T00:00:00+00:00\",\"author\":{\"@id\":\"https:\/\/staging.varesenews.it\/#\/schema\/person\/fb20c4da0b7b16c291707a20db73e169\"},\"description\":\"Al via la quinta edizione del Festival del Ticino. Fra le novit\u00e0 quelle artistiche che vedono il festival produttore di due spettacoli e l\u2019adesione del comune di Casorate Sempione\",\"breadcrumb\":{\"@id\":\"https:\/\/staging.varesenews.it\/2001\/04\/festival-del-ticino-quest-anno-anche-produttore\/264626\/#breadcrumb\"},\"inLanguage\":\"it-IT\",\"potentialAction\":[{\"@type\":\"ReadAction\",\"target\":[\"https:\/\/staging.varesenews.it\/2001\/04\/festival-del-ticino-quest-anno-anche-produttore\/264626\/\"]}]},{\"@type\":\"BreadcrumbList\",\"@id\":\"https:\/\/staging.varesenews.it\/2001\/04\/festival-del-ticino-quest-anno-anche-produttore\/264626\/#breadcrumb\",\"itemListElement\":[{\"@type\":\"ListItem\",\"position\":1,\"name\":\"Home\",\"item\":\"https:\/\/www.varesenews.it\/\"},{\"@type\":\"ListItem\",\"position\":2,\"name\":\"Festival del Ticino: quest\u2019anno anche &#8220;produttore&#8221;\"}]},{\"@type\":\"WebSite\",\"@id\":\"https:\/\/staging.varesenews.it\/#website\",\"url\":\"https:\/\/staging.varesenews.it\/\",\"name\":\"VareseNews\",\"description\":\"\",\"potentialAction\":[{\"@type\":\"SearchAction\",\"target\":{\"@type\":\"EntryPoint\",\"urlTemplate\":\"https:\/\/staging.varesenews.it\/?s={search_term_string}\"},\"query-input\":\"required name=search_term_string\"}],\"inLanguage\":\"it-IT\"},{\"@type\":\"Person\",\"@id\":\"https:\/\/staging.varesenews.it\/#\/schema\/person\/fb20c4da0b7b16c291707a20db73e169\",\"name\":\"Redazione VareseNews\",\"image\":{\"@type\":\"ImageObject\",\"inLanguage\":\"it-IT\",\"@id\":\"https:\/\/staging.varesenews.it\/#\/schema\/person\/image\/\",\"url\":\"https:\/\/staging.varesenews.it\/wp-content\/uploads\/2020\/12\/logo_VN_colori_500.png\",\"contentUrl\":\"https:\/\/staging.varesenews.it\/wp-content\/uploads\/2020\/12\/logo_VN_colori_500.png\",\"caption\":\"Redazione VareseNews\"},\"url\":\"https:\/\/staging.varesenews.it\/persona\/redazione1\/\"}]}<\/script>\n<!-- \/ Yoast SEO plugin. -->","yoast_head_json":{"title":"Festival del Ticino: quest\u2019anno anche \"produttore\"","description":"Al via la quinta edizione del Festival del Ticino. Fra le novit\u00e0 quelle artistiche che vedono il festival produttore di due spettacoli e l\u2019adesione del comune di Casorate Sempione","robots":{"index":"noindex","follow":"follow","max-snippet":"max-snippet:-1","max-image-preview":"max-image-preview:large","max-video-preview":"max-video-preview:-1"},"og_locale":"it_IT","og_type":"article","og_title":"Festival del Ticino: quest\u2019anno anche \"produttore\"","og_description":"Al via la quinta edizione del Festival del Ticino. Fra le novit\u00e0 quelle artistiche che vedono il festival produttore di due spettacoli e l\u2019adesione del comune di Casorate Sempione","og_url":"https:\/\/staging.varesenews.it\/2001\/04\/festival-del-ticino-quest-anno-anche-produttore\/264626\/","og_site_name":"VareseNews","article_publisher":"https:\/\/www.facebook.com\/varesenews","article_published_time":"2001-04-12T00:00:00+00:00","author":"Redazione VareseNews","twitter_card":"summary_large_image","twitter_creator":"@varesenews","twitter_site":"@varesenews","twitter_misc":{"Scritto da":"Redazione VareseNews","Tempo di lettura stimato":"4 minuti"},"schema":{"@context":"https:\/\/schema.org","@graph":[{"@type":"WebPage","@id":"https:\/\/staging.varesenews.it\/2001\/04\/festival-del-ticino-quest-anno-anche-produttore\/264626\/","url":"https:\/\/staging.varesenews.it\/2001\/04\/festival-del-ticino-quest-anno-anche-produttore\/264626\/","name":"Festival del Ticino: quest\u2019anno anche \"produttore\"","isPartOf":{"@id":"https:\/\/staging.varesenews.it\/#website"},"datePublished":"2001-04-12T00:00:00+00:00","dateModified":"2001-04-12T00:00:00+00:00","author":{"@id":"https:\/\/staging.varesenews.it\/#\/schema\/person\/fb20c4da0b7b16c291707a20db73e169"},"description":"Al via la quinta edizione del Festival del Ticino. Fra le novit\u00e0 quelle artistiche che vedono il festival produttore di due spettacoli e l\u2019adesione del comune di Casorate Sempione","breadcrumb":{"@id":"https:\/\/staging.varesenews.it\/2001\/04\/festival-del-ticino-quest-anno-anche-produttore\/264626\/#breadcrumb"},"inLanguage":"it-IT","potentialAction":[{"@type":"ReadAction","target":["https:\/\/staging.varesenews.it\/2001\/04\/festival-del-ticino-quest-anno-anche-produttore\/264626\/"]}]},{"@type":"BreadcrumbList","@id":"https:\/\/staging.varesenews.it\/2001\/04\/festival-del-ticino-quest-anno-anche-produttore\/264626\/#breadcrumb","itemListElement":[{"@type":"ListItem","position":1,"name":"Home","item":"https:\/\/www.varesenews.it\/"},{"@type":"ListItem","position":2,"name":"Festival del Ticino: quest\u2019anno anche &#8220;produttore&#8221;"}]},{"@type":"WebSite","@id":"https:\/\/staging.varesenews.it\/#website","url":"https:\/\/staging.varesenews.it\/","name":"VareseNews","description":"","potentialAction":[{"@type":"SearchAction","target":{"@type":"EntryPoint","urlTemplate":"https:\/\/staging.varesenews.it\/?s={search_term_string}"},"query-input":"required name=search_term_string"}],"inLanguage":"it-IT"},{"@type":"Person","@id":"https:\/\/staging.varesenews.it\/#\/schema\/person\/fb20c4da0b7b16c291707a20db73e169","name":"Redazione VareseNews","image":{"@type":"ImageObject","inLanguage":"it-IT","@id":"https:\/\/staging.varesenews.it\/#\/schema\/person\/image\/","url":"https:\/\/staging.varesenews.it\/wp-content\/uploads\/2020\/12\/logo_VN_colori_500.png","contentUrl":"https:\/\/staging.varesenews.it\/wp-content\/uploads\/2020\/12\/logo_VN_colori_500.png","caption":"Redazione VareseNews"},"url":"https:\/\/staging.varesenews.it\/persona\/redazione1\/"}]}},"post_meta":{"id_old":"36743","argomento":"Vergiate","autore_old":"Catia Spagnolo"},"photos":[],"_links":{"self":[{"href":"https:\/\/staging.varesenews.it\/swgapi\/v1\/wp\/v2\/posts\/264626"}],"collection":[{"href":"https:\/\/staging.varesenews.it\/swgapi\/v1\/wp\/v2\/posts"}],"about":[{"href":"https:\/\/staging.varesenews.it\/swgapi\/v1\/wp\/v2\/types\/post"}],"author":[{"embeddable":true,"href":"https:\/\/staging.varesenews.it\/swgapi\/v1\/wp\/v2\/users\/10"}],"replies":[{"embeddable":true,"href":"https:\/\/staging.varesenews.it\/swgapi\/v1\/wp\/v2\/comments?post=264626"}],"version-history":[{"count":0,"href":"https:\/\/staging.varesenews.it\/swgapi\/v1\/wp\/v2\/posts\/264626\/revisions"}],"wp:attachment":[{"href":"https:\/\/staging.varesenews.it\/swgapi\/v1\/wp\/v2\/media?parent=264626"}],"wp:term":[{"taxonomy":"category","embeddable":true,"href":"https:\/\/staging.varesenews.it\/swgapi\/v1\/wp\/v2\/categories?post=264626"},{"taxonomy":"post_tag","embeddable":true,"href":"https:\/\/staging.varesenews.it\/swgapi\/v1\/wp\/v2\/tags?post=264626"}],"curies":[{"name":"wp","href":"https:\/\/api.w.org\/{rel}","templated":true}]}}