{"id":264627,"date":"2001-04-12T00:00:00","date_gmt":"2001-04-12T00:00:00","guid":{"rendered":""},"modified":"2001-04-12T00:00:00","modified_gmt":"2001-04-12T00:00:00","slug":"pasquetta-in-festa-a-villa-cicogna","status":"publish","type":"post","link":"https:\/\/staging.varesenews.it\/2001\/04\/pasquetta-in-festa-a-villa-cicogna\/264627\/","title":{"rendered":"Pasquetta in festa a Villa Cicogna"},"content":{"rendered":"<p><font face=\"Arial\">Per un giorno intero, dalle 9 alle 17, la Villa Cicogna di Bisuschio, ospita grandi e piccini per partecipare alla ormai tradizionale Caccia al Tesoro naturalistica. Scopo dell&#8217;iniziativa, che quest&#8217;anno \u00e8 giunta alla quarta edizione, far divertire e soprattutto imparare a vivere insieme il contatto con la natura, oltre a divulgare la conoscenza del grande patrimonio botanico e artistico di Villa Cicogna. Sar\u00e0 il grande parco botanico della villa il protagonista della caccia al tesoro, dove verr\u00e0 anche offerta una merenda con golosit\u00e0 biologiche. A ciascun bambino sar\u00e0 consegnata una mappa con il tesoro da seguire. Lungo il tragitto ci saranno prove da superare per passare al livello successivo. I bambini saranno seguiti da personale esperto e al termine di ciascuna prova dovranno interrare in un vaso una pianticella di alloro, come dei veri e propri &quot;giardinieri in erba&quot;.<\/font> <\/p>\n<p align=\"justify\"><font face=\"Arial\" size=\"3\">L&#8217;iniziativa \u00e8 patrocinata dall&#8217;assessorato alle Politiche Sociali della Provincia di Varese. L&#8217;assessore Hans Peter Orlini sottolinea l&#8217;importanza educativa della manifestazione: &quot;La Caccia al tesoro diventa un modo originale e divertente per educare le nuove generazioni al rispetto dei giardini privati o pubblici. Rappresenta inoltre un momento ludico per stare all&#8217;aria aperta una giornata intera insieme ai genitori sotto la guida di personale esperto&quot;.<\/font> <\/p>\n<p align=\"justify\"><font face=\"Arial\" size=\"3\">Il tesoro \u00e8 dunque costituito dal giardino, realizzato nella seconda met\u00e0 del Cinquecento con parterre formali all&#8217;italiana, giochi d&#8217;acqua, aiuole fiorite e un vasto parco che sovrasta la Villa.<\/font> <\/p>\n","protected":false},"excerpt":{"rendered":"<p>Nel grande parco botanico della dimora storica bambini e adulti sono invitati alla tradizionale Caccia al Tesoro &#8220;Grandi Giardini Italiani&#8221;<\/p>\n","protected":false},"author":10,"featured_media":0,"comment_status":"open","ping_status":"open","sticky":false,"template":"","format":"standard","meta":{"footnotes":""},"categories":[2],"tags":[],"acf":[],"yoast_head":"<!-- This site is optimized with the Yoast SEO plugin v20.1 - https:\/\/yoast.com\/wordpress\/plugins\/seo\/ -->\n<title>Pasquetta in festa a Villa Cicogna<\/title>\n<meta name=\"description\" content=\"Nel grande parco botanico della dimora storica bambini e adulti sono invitati alla tradizionale Caccia al Tesoro &quot;Grandi Giardini Italiani&quot;\" \/>\n<meta name=\"robots\" content=\"noindex, follow, max-snippet:-1, max-image-preview:large, max-video-preview:-1\" \/>\n<meta property=\"og:locale\" content=\"it_IT\" \/>\n<meta property=\"og:type\" content=\"article\" \/>\n<meta property=\"og:title\" content=\"Pasquetta in festa a Villa Cicogna\" \/>\n<meta property=\"og:description\" content=\"Nel grande parco botanico della dimora storica bambini e adulti sono invitati alla tradizionale Caccia al Tesoro &quot;Grandi Giardini Italiani&quot;\" \/>\n<meta property=\"og:url\" content=\"https:\/\/staging.varesenews.it\/2001\/04\/pasquetta-in-festa-a-villa-cicogna\/264627\/\" \/>\n<meta property=\"og:site_name\" content=\"VareseNews\" \/>\n<meta property=\"article:publisher\" content=\"https:\/\/www.facebook.com\/varesenews\" \/>\n<meta property=\"article:published_time\" content=\"2001-04-12T00:00:00+00:00\" \/>\n<meta name=\"author\" content=\"Redazione VareseNews\" \/>\n<meta name=\"twitter:card\" content=\"summary_large_image\" \/>\n<meta name=\"twitter:creator\" content=\"@varesenews\" \/>\n<meta name=\"twitter:site\" content=\"@varesenews\" \/>\n<meta name=\"twitter:label1\" content=\"Scritto da\" \/>\n\t<meta name=\"twitter:data1\" content=\"Redazione VareseNews\" \/>\n\t<meta name=\"twitter:label2\" content=\"Tempo di lettura stimato\" \/>\n\t<meta name=\"twitter:data2\" content=\"1 minuto\" \/>\n<script type=\"application\/ld+json\" class=\"yoast-schema-graph\">{\"@context\":\"https:\/\/schema.org\",\"@graph\":[{\"@type\":\"WebPage\",\"@id\":\"https:\/\/staging.varesenews.it\/2001\/04\/pasquetta-in-festa-a-villa-cicogna\/264627\/\",\"url\":\"https:\/\/staging.varesenews.it\/2001\/04\/pasquetta-in-festa-a-villa-cicogna\/264627\/\",\"name\":\"Pasquetta in festa a Villa Cicogna\",\"isPartOf\":{\"@id\":\"https:\/\/staging.varesenews.it\/#website\"},\"datePublished\":\"2001-04-12T00:00:00+00:00\",\"dateModified\":\"2001-04-12T00:00:00+00:00\",\"author\":{\"@id\":\"https:\/\/staging.varesenews.it\/#\/schema\/person\/fb20c4da0b7b16c291707a20db73e169\"},\"description\":\"Nel grande parco botanico della dimora storica bambini e adulti sono invitati alla tradizionale Caccia al Tesoro \\\"Grandi Giardini Italiani\\\"\",\"breadcrumb\":{\"@id\":\"https:\/\/staging.varesenews.it\/2001\/04\/pasquetta-in-festa-a-villa-cicogna\/264627\/#breadcrumb\"},\"inLanguage\":\"it-IT\",\"potentialAction\":[{\"@type\":\"ReadAction\",\"target\":[\"https:\/\/staging.varesenews.it\/2001\/04\/pasquetta-in-festa-a-villa-cicogna\/264627\/\"]}]},{\"@type\":\"BreadcrumbList\",\"@id\":\"https:\/\/staging.varesenews.it\/2001\/04\/pasquetta-in-festa-a-villa-cicogna\/264627\/#breadcrumb\",\"itemListElement\":[{\"@type\":\"ListItem\",\"position\":1,\"name\":\"Home\",\"item\":\"https:\/\/www.varesenews.it\/\"},{\"@type\":\"ListItem\",\"position\":2,\"name\":\"Pasquetta in festa a Villa Cicogna\"}]},{\"@type\":\"WebSite\",\"@id\":\"https:\/\/staging.varesenews.it\/#website\",\"url\":\"https:\/\/staging.varesenews.it\/\",\"name\":\"VareseNews\",\"description\":\"\",\"potentialAction\":[{\"@type\":\"SearchAction\",\"target\":{\"@type\":\"EntryPoint\",\"urlTemplate\":\"https:\/\/staging.varesenews.it\/?s={search_term_string}\"},\"query-input\":\"required name=search_term_string\"}],\"inLanguage\":\"it-IT\"},{\"@type\":\"Person\",\"@id\":\"https:\/\/staging.varesenews.it\/#\/schema\/person\/fb20c4da0b7b16c291707a20db73e169\",\"name\":\"Redazione VareseNews\",\"image\":{\"@type\":\"ImageObject\",\"inLanguage\":\"it-IT\",\"@id\":\"https:\/\/staging.varesenews.it\/#\/schema\/person\/image\/\",\"url\":\"https:\/\/staging.varesenews.it\/wp-content\/uploads\/2020\/12\/logo_VN_colori_500.png\",\"contentUrl\":\"https:\/\/staging.varesenews.it\/wp-content\/uploads\/2020\/12\/logo_VN_colori_500.png\",\"caption\":\"Redazione VareseNews\"},\"url\":\"https:\/\/staging.varesenews.it\/persona\/redazione1\/\"}]}<\/script>\n<!-- \/ Yoast SEO plugin. -->","yoast_head_json":{"title":"Pasquetta in festa a Villa Cicogna","description":"Nel grande parco botanico della dimora storica bambini e adulti sono invitati alla tradizionale Caccia al Tesoro \"Grandi Giardini Italiani\"","robots":{"index":"noindex","follow":"follow","max-snippet":"max-snippet:-1","max-image-preview":"max-image-preview:large","max-video-preview":"max-video-preview:-1"},"og_locale":"it_IT","og_type":"article","og_title":"Pasquetta in festa a Villa Cicogna","og_description":"Nel grande parco botanico della dimora storica bambini e adulti sono invitati alla tradizionale Caccia al Tesoro \"Grandi Giardini Italiani\"","og_url":"https:\/\/staging.varesenews.it\/2001\/04\/pasquetta-in-festa-a-villa-cicogna\/264627\/","og_site_name":"VareseNews","article_publisher":"https:\/\/www.facebook.com\/varesenews","article_published_time":"2001-04-12T00:00:00+00:00","author":"Redazione VareseNews","twitter_card":"summary_large_image","twitter_creator":"@varesenews","twitter_site":"@varesenews","twitter_misc":{"Scritto da":"Redazione VareseNews","Tempo di lettura stimato":"1 minuto"},"schema":{"@context":"https:\/\/schema.org","@graph":[{"@type":"WebPage","@id":"https:\/\/staging.varesenews.it\/2001\/04\/pasquetta-in-festa-a-villa-cicogna\/264627\/","url":"https:\/\/staging.varesenews.it\/2001\/04\/pasquetta-in-festa-a-villa-cicogna\/264627\/","name":"Pasquetta in festa a Villa Cicogna","isPartOf":{"@id":"https:\/\/staging.varesenews.it\/#website"},"datePublished":"2001-04-12T00:00:00+00:00","dateModified":"2001-04-12T00:00:00+00:00","author":{"@id":"https:\/\/staging.varesenews.it\/#\/schema\/person\/fb20c4da0b7b16c291707a20db73e169"},"description":"Nel grande parco botanico della dimora storica bambini e adulti sono invitati alla tradizionale Caccia al Tesoro \"Grandi Giardini Italiani\"","breadcrumb":{"@id":"https:\/\/staging.varesenews.it\/2001\/04\/pasquetta-in-festa-a-villa-cicogna\/264627\/#breadcrumb"},"inLanguage":"it-IT","potentialAction":[{"@type":"ReadAction","target":["https:\/\/staging.varesenews.it\/2001\/04\/pasquetta-in-festa-a-villa-cicogna\/264627\/"]}]},{"@type":"BreadcrumbList","@id":"https:\/\/staging.varesenews.it\/2001\/04\/pasquetta-in-festa-a-villa-cicogna\/264627\/#breadcrumb","itemListElement":[{"@type":"ListItem","position":1,"name":"Home","item":"https:\/\/www.varesenews.it\/"},{"@type":"ListItem","position":2,"name":"Pasquetta in festa a Villa Cicogna"}]},{"@type":"WebSite","@id":"https:\/\/staging.varesenews.it\/#website","url":"https:\/\/staging.varesenews.it\/","name":"VareseNews","description":"","potentialAction":[{"@type":"SearchAction","target":{"@type":"EntryPoint","urlTemplate":"https:\/\/staging.varesenews.it\/?s={search_term_string}"},"query-input":"required name=search_term_string"}],"inLanguage":"it-IT"},{"@type":"Person","@id":"https:\/\/staging.varesenews.it\/#\/schema\/person\/fb20c4da0b7b16c291707a20db73e169","name":"Redazione VareseNews","image":{"@type":"ImageObject","inLanguage":"it-IT","@id":"https:\/\/staging.varesenews.it\/#\/schema\/person\/image\/","url":"https:\/\/staging.varesenews.it\/wp-content\/uploads\/2020\/12\/logo_VN_colori_500.png","contentUrl":"https:\/\/staging.varesenews.it\/wp-content\/uploads\/2020\/12\/logo_VN_colori_500.png","caption":"Redazione VareseNews"},"url":"https:\/\/staging.varesenews.it\/persona\/redazione1\/"}]}},"post_meta":{"id_old":"36742","argomento":"Varese"},"photos":[],"_links":{"self":[{"href":"https:\/\/staging.varesenews.it\/swgapi\/v1\/wp\/v2\/posts\/264627"}],"collection":[{"href":"https:\/\/staging.varesenews.it\/swgapi\/v1\/wp\/v2\/posts"}],"about":[{"href":"https:\/\/staging.varesenews.it\/swgapi\/v1\/wp\/v2\/types\/post"}],"author":[{"embeddable":true,"href":"https:\/\/staging.varesenews.it\/swgapi\/v1\/wp\/v2\/users\/10"}],"replies":[{"embeddable":true,"href":"https:\/\/staging.varesenews.it\/swgapi\/v1\/wp\/v2\/comments?post=264627"}],"version-history":[{"count":0,"href":"https:\/\/staging.varesenews.it\/swgapi\/v1\/wp\/v2\/posts\/264627\/revisions"}],"wp:attachment":[{"href":"https:\/\/staging.varesenews.it\/swgapi\/v1\/wp\/v2\/media?parent=264627"}],"wp:term":[{"taxonomy":"category","embeddable":true,"href":"https:\/\/staging.varesenews.it\/swgapi\/v1\/wp\/v2\/categories?post=264627"},{"taxonomy":"post_tag","embeddable":true,"href":"https:\/\/staging.varesenews.it\/swgapi\/v1\/wp\/v2\/tags?post=264627"}],"curies":[{"name":"wp","href":"https:\/\/api.w.org\/{rel}","templated":true}]}}