{"id":264992,"date":"2005-12-29T00:00:00","date_gmt":"2005-12-29T00:00:00","guid":{"rendered":""},"modified":"2005-12-29T00:00:00","modified_gmt":"2005-12-29T00:00:00","slug":"grandi-mostre-fuori-porta","status":"publish","type":"post","link":"https:\/\/staging.varesenews.it\/2005\/12\/grandi-mostre-fuori-porta\/264992\/","title":{"rendered":"Grandi mostre fuori porta"},"content":{"rendered":"<p class=\"MsoNormal\" style=\"MARGIN: 0cm 0cm 0pt\"><span style=\"FONT-SIZE: 10pt; FONT-FAMILY: Arial; mso-bidi-font-size: 12.0pt\">Tempo di vacanze e festeggiamenti, giorni per un po\u2019 di tempo libero, magari da trascorrere visitando una bella mostra. Il panorama espositivo varesino non propone in realt\u00e0 grandi eventi e per chi vuole riempirsi l\u2019anima con grandi opere deve avere la pazienza di raggiungere altre citt\u00e0. Solo 40 km in direzione Milano e il grande evento \u00e8 a portata di mano. Dal pi\u00f9 classico Caravaggio al graffitaro Keith Haring una visita ne vale la pena. Sotto la firma di Vittorio Sgarbi si snoda la mostra a Palazzo Reale \u201c<b>Caravaggio e l\u2019Europa. Il movimento caravaggesco internazionale. Da Caravaggio a Mattia Preti<\/b>\u201d in corso fino a l 6 febbraio 2006. <\/p>\n<p \/><\/span><\/p>\n<p class=\"MsoBodyText\" style=\"MARGIN: 0cm 0cm 0pt\"><font size=\"2\"><font face=\"Arial\">Otto tele di Michelangelo Merisi introducono al fenomeno artistico che prendendo avvio in Italia proprio con Caravaggio pu\u00f2 essere considerato il primo a carattere europeo e protagonista della fine del Cinquecento. Incredibili tele dei pi\u00f9 significativi seguaci del Caravaggio indagano e illustrano questo ricchissimo movimento artistico carico di ripercussioni, mettendo a confronto molti dipinti, tra loro coevi, che riflettono le varie tendenze, e costituisce, dunque, un\u2019occasione unica per la piena comprensione di questo particolare momento creativo. Complemento a questo articolato percorso narrativo \u00e8 la mostra Il genio degli anonimi.<span style=\"mso-spacerun: yes\">\u00a0 <\/span>Maestri caravaggeschi a Roma e a Napoli, curata da Gianni Papi, un\u2019assoluta novit\u00e0 critica dedicata a quelle personalit\u00e0 dimenticate, artisti ancora anonimi, ma di uno spessore artistico tutt\u2019altro che marginale.<\/p>\n<p \/><\/font><\/font><\/p>\n<p class=\"MsoNormal\" style=\"MARGIN: 0cm 0cm 0pt\"><span style=\"FONT-SIZE: 10pt; FONT-FAMILY: Arial; mso-bidi-font-size: 12.0pt\">Pochi passi e il salto generazionale \u00e8 enorme: alla Triennale un grandioso omaggio a <b>Keith Haring<\/b> con una delle pi\u00f9 grandi esposizioni retrospettive al mondo, sinora dedicate al grande artista americano. La mostra comprende circa cento dipinti, quaranta disegni, numerose sculture e opere su carta di grande formato. Una vasta documentazione fotografica, circa seicento immagini, documenta inoltre il contesto attorno a cui \u00e8 nata e si \u00e8 sviluppata la sua arte. Colorato, ironico, aggressivo in questa mostra emerge tutta l\u2019anima metropolitana di Haring che ha dato vita a un vero e proprio fenomeno sociale e mass-mediologico oramai legittimato in una collocazione \u2018alta\u2019 nella storia dell&#8217;arte contemporanea. <\/p>\n<p \/><\/span><\/p>\n<p class=\"MsoNormal\" style=\"MARGIN: 0cm 0cm 0pt\"><span style=\"FONT-SIZE: 10pt; FONT-FAMILY: Arial; mso-bidi-font-size: 12.0pt\">Meno classicamente \u201cartistica\u201d la mostra che la Fondazione Mazotta dedica alle due ruote. <b>\u201cLa motocicletta italiana. Un secolo su due ruote tra arte, storia e sport<\/b>\u201d \u00e8 aperta al pubblico fino al 12 marzo. La rassegna ospita circa 20 opere d&#8217;arte, 50 manifesti d&#8217;epoca, 35 motociclette, 120 fotografie e documenti originali ed abbigliamenti storici che ricordano il mito della motocicletta.<\/p>\n<p \/><\/span><\/p>\n<p class=\"MsoNormal\" style=\"MARGIN: 0cm 0cm 0pt\"><span style=\"FONT-SIZE: 10pt; FONT-FAMILY: Arial; mso-bidi-font-size: 12.0pt\">In uno spazio bellissimo con un ambizioso progetto ha aperto a Milano la Fondazione Pomodoro che non poteva che rendere omaggio alla scultura con la mostra <b>\u201cLa scultura italiana del XX secolo<\/p>\n<p \/><\/b><\/span><\/p>\n<p class=\"MsoNormal\" style=\"MARGIN: 0cm 0cm 0pt\"><b><span style=\"FONT-SIZE: 10pt; FONT-FAMILY: Arial; mso-bidi-font-size: 12.0pt\">\u201c.<\/span><\/b><span style=\"FONT-SIZE: 10pt; FONT-FAMILY: Arial; mso-bidi-font-size: 12.0pt\"> La rassegna presenta 109 artisti, da Medardo Rosso ad oggi, con circa centocinquanta opere, molte delle quali eseguite appositamente per questa occasione. Da grandi nomi della scultura italiana, come Umberto Boccioni, Giacomo Balla, Arturo Martini e<span style=\"mso-spacerun: yes\">\u00a0 <\/span>Marino Marini, ad artisti del secondo dopoguerra sino agli anni Ottanta e Novanta. Il percorso espositivo si conclude con una<span style=\"mso-spacerun: yes\">\u00a0 <\/span>sezione dedicata a un gruppo di scultori giovani e anche giovanissimi che hanno sviluppato il linguaggio della scultura adeguando forme e contenuti alle condizioni della postmodernit\u00e0 e della globalizzazione.<\/p>\n<p \/><\/span><\/p>\n<p class=\"MsoNormal\" style=\"MARGIN: 0cm 0cm 0pt\"><span style=\"FONT-SIZE: 10pt; FONT-FAMILY: Arial; mso-bidi-font-size: 12.0pt\">\u00a0<\/p>\n<p \/><\/span><\/p>\n<p class=\"MsoNormal\" style=\"MARGIN: 0cm 0cm 0pt\"><span style=\"FONT-SIZE: 10pt; FONT-FAMILY: Arial; mso-bidi-font-size: 12.0pt\">TUTTE LE INFORMAZIONI<\/p>\n<p \/><\/span><\/p>\n<p class=\"MsoNormal\" style=\"MARGIN: 0cm 0cm 0pt\"><span style=\"FONT-SIZE: 10pt; FONT-FAMILY: Arial; mso-bidi-font-size: 12.0pt\">\u00a0<\/p>\n<p \/><\/span><\/p>\n<p class=\"MsoBodyText2\" style=\"MARGIN: 0cm 0cm 0pt\"><strong><font face=\"Arial\" size=\"2\">CARAVAGGIO E L\u2019EUROPA. IL MOVIMENTO CARAVAGGESCO INTERNAZIONALE. DA CARAVAGGIO A MATTIA PRETI<\/font><\/strong><\/p>\n<p class=\"MsoNormal\" style=\"MARGIN: 0cm 0cm 0pt\"><span style=\"FONT-SIZE: 10pt; FONT-FAMILY: Arial; mso-bidi-font-size: 12.0pt\">Dal 15\/10\/2005 al 6\/02\/2006<\/p>\n<p \/><\/span><\/p>\n<p class=\"MsoNormal\" style=\"MARGIN: 0cm 0cm 0pt\"><span style=\"FONT-SIZE: 10pt; FONT-FAMILY: Arial; mso-bidi-font-size: 12.0pt\">Palazzo Reale, Piazza Duomo 12, Milano \u2013<\/p>\n<p \/><\/span><\/p>\n<p class=\"MsoNormal\" style=\"MARGIN: 0cm 0cm 0pt\"><span style=\"FONT-SIZE: 10pt; FONT-FAMILY: Arial; mso-bidi-font-size: 12.0pt\">Informazioni: 02.54919<\/p>\n<p \/><\/span><\/p>\n<p class=\"MsoNormal\" style=\"MARGIN: 0cm 0cm 0pt\"><span style=\"FONT-SIZE: 10pt; FONT-FAMILY: Arial; mso-bidi-font-size: 12.0pt\">Ingresso: Caravaggio e l\u2019Europa intero euro 9; ridotto euro 7,5; ridotto scuole 4,5; Maestri Caravaggeschi intero euro 5,00; ridotto euro 3,5; ridotto scuole euro 4,5; Visita abbinata alle due mostre intero euro 12,00; ridotto euro 10,00; ridotto scuole euro 4,5; Orari: luned\u00ec 9.30\/14.30; da marted\u00ec a domenica 9.30\/19.30; gioved\u00ec e sabato 9.30\/22.30; la biglietteria chiude un\u2019ora prima<\/p>\n<p \/><\/span><\/p>\n<p class=\"MsoNormal\" style=\"MARGIN: 0cm 0cm 0pt\"><span style=\"FONT-SIZE: 10pt; FONT-FAMILY: Arial; mso-bidi-font-size: 12.0pt\">Catalogo: edizioni SKIRA; Catalogo ufficiale della mostra euro 75; Atlante delle opere euro 19,90; Catalogo Maestri Caravaggeschi euro 28,00<\/p>\n<p \/><\/span><\/p>\n<p class=\"MsoNormal\" style=\"MARGIN: 0cm 0cm 0pt\"><span style=\"FONT-SIZE: 10pt; FONT-FAMILY: Arial; mso-bidi-font-size: 12.0pt\">http:\/\/www.caravaggioeleuropa.com\/<\/p>\n<p \/><\/span><\/p>\n<p class=\"MsoNormal\" style=\"MARGIN: 0cm 0cm 0pt\"><span style=\"FONT-SIZE: 10pt; FONT-FAMILY: Arial; mso-bidi-font-size: 12.0pt\">\u00a0<\/p>\n<p \/><\/span><\/p>\n<p class=\"MsoNormal\" style=\"MARGIN: 0cm 0cm 0pt\"><span style=\"FONT-SIZE: 10pt; FONT-FAMILY: Arial; mso-bidi-font-size: 12.0pt\">\u00a0<\/p>\n<p \/><\/span><\/p>\n<h1 style=\"MARGIN: 0cm 0cm 0pt\"><span lang=\"EN-GB\"><font face=\"Arial\" size=\"2\">THE KEITH HARING SHOW<\/font><\/span><\/h1>\n<p class=\"MsoNormal\" style=\"MARGIN: 0cm 0cm 0pt\"><span style=\"FONT-SIZE: 10pt; FONT-FAMILY: Arial; mso-bidi-font-size: 12.0pt\">A cura di Julia Gruen e Gianni Mercurio<\/p>\n<p \/><\/span><\/p>\n<p class=\"MsoNormal\" style=\"MARGIN: 0cm 0cm 0pt\"><span style=\"FONT-SIZE: 10pt; FONT-FAMILY: Arial; mso-bidi-font-size: 12.0pt\">Triennale &#8211; Palazzo dell&#8217;Arte, Viale Emilio Alemagna 6 \u2013 20121 Milano<\/p>\n<p \/><\/span><\/p>\n<p class=\"MsoNormal\" style=\"MARGIN: 0cm 0cm 0pt\"><span style=\"FONT-SIZE: 10pt; FONT-FAMILY: Arial; mso-bidi-font-size: 12.0pt\">Orario: 10.30\u201320.30, chiuso il luned\u00ec<\/p>\n<p \/><\/span><\/p>\n<p class=\"MsoNormal\" style=\"MARGIN: 0cm 0cm 0pt\"><span style=\"FONT-SIZE: 10pt; FONT-FAMILY: Arial; mso-bidi-font-size: 12.0pt\">Ingresso: \u20ac 8.00 \/ 5.50 \/ 4.00<\/p>\n<p \/><\/span><\/p>\n<p class=\"MsoBodyText\" style=\"MARGIN: 0cm 0cm 0pt\"><font size=\"2\"><font face=\"Arial\">Info: tel. +39 02724341; fax +39 0289010693; info@triennale.it; www.triennale.it<span style=\"mso-spacerun: yes\">\u00a0 <\/span>&#8211; Catalogo ufficiale della mostra edito da Skira, a cura di Gianni Mercurio e Demetrio Paparoni<\/p>\n<p \/><\/font><\/font><\/p>\n<p class=\"MsoNormal\" style=\"MARGIN: 0cm 0cm 0pt\"><span style=\"FONT-SIZE: 10pt; FONT-FAMILY: Arial; mso-bidi-font-size: 12.0pt\">\u00a0<\/p>\n<p \/><\/span><\/p>\n<p class=\"MsoNormal\" style=\"MARGIN: 0cm 0cm 0pt\"><b><span style=\"FONT-SIZE: 10pt; FONT-FAMILY: Arial; mso-bidi-font-size: 12.0pt\">LA MOTOCICLETTA ITALIANA. Un secolo su due ruote tra arte, storia e sport<\/p>\n<p \/><\/span><\/b><\/p>\n<p class=\"MsoNormal\" style=\"MARGIN: 0cm 0cm 0pt\"><span style=\"FONT-SIZE: 10pt; FONT-FAMILY: Arial; mso-bidi-font-size: 12.0pt\">In collaborazione con la rivista Motociclismo<\/p>\n<p \/><\/span><\/p>\n<p class=\"MsoNormal\" style=\"MARGIN: 0cm 0cm 0pt\"><span style=\"FONT-SIZE: 10pt; FONT-FAMILY: Arial; mso-bidi-font-size: 12.0pt\">27 ottobre 2005 &#8211; 12 marzo 2006<\/p>\n<p \/><\/span><\/p>\n<p class=\"MsoNormal\" style=\"MARGIN: 0cm 0cm 0pt\"><span style=\"FONT-SIZE: 10pt; FONT-FAMILY: Arial; mso-bidi-font-size: 12.0pt\">Milano, Fondazione Antonio Mazzotta <\/p>\n<p \/><\/span><\/p>\n<p class=\"MsoNormal\" style=\"MARGIN: 0cm 0cm 0pt\"><span style=\"FONT-SIZE: 10pt; FONT-FAMILY: Arial; mso-bidi-font-size: 12.0pt\">Foro Buonaparte 50 <\/p>\n<p \/><\/span><\/p>\n<p class=\"MsoNormal\" style=\"MARGIN: 0cm 0cm 0pt\"><span style=\"FONT-SIZE: 10pt; FONT-FAMILY: Arial; mso-bidi-font-size: 12.0pt\">Orario: 10-19.30; marted\u00ec e gioved\u00ec 10-22.30<\/p>\n<p \/><\/span><\/p>\n<p class=\"MsoNormal\" style=\"MARGIN: 0cm 0cm 0pt\"><span style=\"FONT-SIZE: 10pt; FONT-FAMILY: Arial; mso-bidi-font-size: 12.0pt\">Chiusa: tutti i luned\u00ec, domenica 25 e <\/p>\n<p \/><\/span><\/p>\n<p class=\"MsoNormal\" style=\"MARGIN: 0cm 0cm 0pt\"><span style=\"FONT-SIZE: 10pt; FONT-FAMILY: Arial; mso-bidi-font-size: 12.0pt\">luned\u00ec 26 dicembre 2005<\/p>\n<p \/><\/span><\/p>\n<p class=\"MsoNormal\" style=\"MARGIN: 0cm 0cm 0pt\"><span style=\"FONT-SIZE: 10pt; FONT-FAMILY: Arial; mso-bidi-font-size: 12.0pt\">Aperta con orario normale: luned\u00ec 31 ottobre (10-19.30), marted\u00ec 1\u00b0 novembre (10-22.30); mercoled\u00ec 7 dicembre (10-19.30); gioved\u00ec 8 dicembre (10-22.30); venerd\u00ec 6 gennaio 2006 (ore 10-19.30). <\/p>\n<p \/><\/span><\/p>\n<p class=\"MsoNormal\" style=\"MARGIN: 0cm 0cm 0pt\"><span style=\"FONT-SIZE: 10pt; FONT-FAMILY: Arial; mso-bidi-font-size: 12.0pt\">Aperta con orario ridotto: sabato 24 dicembre (10-17); sabato 31 dicembre (10-17); domenica 1\u00b0 gennaio 2006 (11-19.30)<\/p>\n<p \/><\/span><\/p>\n<p class=\"MsoNormal\" style=\"MARGIN: 0cm 0cm 0pt\"><span style=\"FONT-SIZE: 10pt; FONT-FAMILY: Arial; mso-bidi-font-size: 12.0pt\">Biglietto d&#8217;ingresso: intero \u20ac 8,00; ridotti \u20ac. 5,50\/4,50<\/p>\n<p \/><\/span><\/p>\n<p class=\"MsoNormal\" style=\"MARGIN: 0cm 0cm 0pt\"><span style=\"FONT-SIZE: 10pt; FONT-FAMILY: Arial; mso-bidi-font-size: 12.0pt\">Informazioni: tel. 02.878197, fax 02.8693046, informazioni@mazzotta.it<\/p>\n<p \/><\/span><\/p>\n<p class=\"MsoNormal\" style=\"MARGIN: 0cm 0cm 0pt\"><span style=\"FONT-SIZE: 10pt; FONT-FAMILY: Arial; mso-bidi-font-size: 12.0pt\">Sezione didattica: tel. 02-86912297; didattica@mazzotta.it; www.mazzotta.artv.it (prenotazioni gruppi\/scuole, dal luned\u00ec al venerd\u00ec dalle 10 alle 15)<\/p>\n<p \/><\/span><\/p>\n<p class=\"MsoNormal\" style=\"MARGIN: 0cm 0cm 0pt\"><span style=\"FONT-SIZE: 10pt; FONT-FAMILY: Arial; mso-bidi-font-size: 12.0pt\">\u00a0<\/p>\n<p \/><\/span><\/p>\n<h1 style=\"MARGIN: 0cm 0cm 0pt\"><span style=\"mso-ansi-language: IT\"><font size=\"2\"><font face=\"Arial\">LA SCULTURA ITALIANA DEL XX SECOLO<\/p>\n<p \/><\/font><\/font><\/span><\/h1>\n<p class=\"MsoNormal\" style=\"MARGIN: 0cm 0cm 0pt\"><span style=\"FONT-SIZE: 10pt; FONT-FAMILY: Arial; mso-bidi-font-size: 12.0pt\">24 settembre 2005 \u2013 22 gennaio 2006<\/p>\n<p \/><\/span><\/p>\n<p class=\"MsoNormal\" style=\"MARGIN: 0cm 0cm 0pt\"><span style=\"FONT-SIZE: 10pt; FONT-FAMILY: Arial; mso-bidi-font-size: 12.0pt\">Fondazione Arnaldo Pomodoro, Via Andrea Solari 35 Milano<\/p>\n<p \/><\/span><\/p>\n<p class=\"MsoNormal\" style=\"MARGIN: 0cm 0cm 0pt\"><span style=\"FONT-SIZE: 10pt; FONT-FAMILY: Arial; mso-bidi-font-size: 12.0pt\">MM linea 2, fermata S. Agostino. <\/p>\n<p \/><\/span><\/p>\n<p class=\"MsoNormal\" style=\"MARGIN: 0cm 0cm 0pt\"><span style=\"FONT-SIZE: 10pt; FONT-FAMILY: Arial; mso-bidi-font-size: 12.0pt\">Orari: Da mercoled\u00ec a domenica 11.00-18.00; gioved\u00ec 11.00-22.00 &#8211; Ingresso: 5 euro intero; 3 euro ridotto<\/p>\n<p \/><\/span><\/p>\n<p class=\"MsoNormal\" style=\"MARGIN: 0cm 0cm 0pt\"><span style=\"FONT-SIZE: 10pt; FONT-FAMILY: Arial; mso-bidi-font-size: 12.0pt\">La seconda domenica del mese ingresso libero per tutto il pubblico. Per informazioni: tel. 02.89075394\/95<\/p>\n<p \/><\/span><\/p>\n<p class=\"MsoNormal\" style=\"MARGIN: 0cm 0cm 0pt\"><span style=\"FONT-SIZE: 10pt; FONT-FAMILY: Arial; mso-bidi-font-size: 12.0pt\">info@fondazionearnaldopomodoro.it<\/p>\n<p \/><\/span><\/p>\n<p><span style=\"FONT-SIZE: 10pt; FONT-FAMILY: Arial; mso-bidi-font-size: 12.0pt; mso-fareast-font-family: \"Times New Roman\"; mso-ansi-language: IT; mso-fareast-language: IT; mso-bidi-language: AR-SA\">www.fondazionearnaldopomodoro.it<\/span><\/p>\n","protected":false},"excerpt":{"rendered":"<p>Da classico Caravaggio al graffitaro Keith Haring. Dalla scultura del XX secolo all&#8217;arte della motocicletta. Il grande evento e vicino di casa<\/p>\n","protected":false},"author":10,"featured_media":0,"comment_status":"open","ping_status":"open","sticky":false,"template":"","format":"standard","meta":{"footnotes":""},"categories":[18],"tags":[],"acf":[],"yoast_head":"<!-- This site is optimized with the Yoast SEO plugin v20.1 - https:\/\/yoast.com\/wordpress\/plugins\/seo\/ -->\n<title>Grandi mostre fuori porta<\/title>\n<meta name=\"description\" content=\"Da classico Caravaggio al graffitaro Keith Haring. Dalla scultura del XX secolo all&#039;arte della motocicletta. Il grande evento e vicino di casa\" \/>\n<meta name=\"robots\" content=\"noindex, follow, max-snippet:-1, max-image-preview:large, max-video-preview:-1\" \/>\n<meta property=\"og:locale\" content=\"it_IT\" \/>\n<meta property=\"og:type\" content=\"article\" \/>\n<meta property=\"og:title\" content=\"Grandi mostre fuori porta\" \/>\n<meta property=\"og:description\" content=\"Da classico Caravaggio al graffitaro Keith Haring. Dalla scultura del XX secolo all&#039;arte della motocicletta. Il grande evento e vicino di casa\" \/>\n<meta property=\"og:url\" content=\"https:\/\/staging.varesenews.it\/2005\/12\/grandi-mostre-fuori-porta\/264992\/\" \/>\n<meta property=\"og:site_name\" content=\"VareseNews\" \/>\n<meta property=\"article:publisher\" content=\"https:\/\/www.facebook.com\/varesenews\" \/>\n<meta property=\"article:published_time\" content=\"2005-12-29T00:00:00+00:00\" \/>\n<meta name=\"author\" content=\"Redazione VareseNews\" \/>\n<meta name=\"twitter:card\" content=\"summary_large_image\" \/>\n<meta name=\"twitter:creator\" content=\"@varesenews\" \/>\n<meta name=\"twitter:site\" content=\"@varesenews\" \/>\n<meta name=\"twitter:label1\" content=\"Scritto da\" \/>\n\t<meta name=\"twitter:data1\" content=\"Redazione VareseNews\" \/>\n\t<meta name=\"twitter:label2\" content=\"Tempo di lettura stimato\" \/>\n\t<meta name=\"twitter:data2\" content=\"4 minuti\" \/>\n<script type=\"application\/ld+json\" class=\"yoast-schema-graph\">{\"@context\":\"https:\/\/schema.org\",\"@graph\":[{\"@type\":\"WebPage\",\"@id\":\"https:\/\/staging.varesenews.it\/2005\/12\/grandi-mostre-fuori-porta\/264992\/\",\"url\":\"https:\/\/staging.varesenews.it\/2005\/12\/grandi-mostre-fuori-porta\/264992\/\",\"name\":\"Grandi mostre fuori porta\",\"isPartOf\":{\"@id\":\"https:\/\/staging.varesenews.it\/#website\"},\"datePublished\":\"2005-12-29T00:00:00+00:00\",\"dateModified\":\"2005-12-29T00:00:00+00:00\",\"author\":{\"@id\":\"https:\/\/staging.varesenews.it\/#\/schema\/person\/fb20c4da0b7b16c291707a20db73e169\"},\"description\":\"Da classico Caravaggio al graffitaro Keith Haring. Dalla scultura del XX secolo all'arte della motocicletta. Il grande evento e vicino di casa\",\"breadcrumb\":{\"@id\":\"https:\/\/staging.varesenews.it\/2005\/12\/grandi-mostre-fuori-porta\/264992\/#breadcrumb\"},\"inLanguage\":\"it-IT\",\"potentialAction\":[{\"@type\":\"ReadAction\",\"target\":[\"https:\/\/staging.varesenews.it\/2005\/12\/grandi-mostre-fuori-porta\/264992\/\"]}]},{\"@type\":\"BreadcrumbList\",\"@id\":\"https:\/\/staging.varesenews.it\/2005\/12\/grandi-mostre-fuori-porta\/264992\/#breadcrumb\",\"itemListElement\":[{\"@type\":\"ListItem\",\"position\":1,\"name\":\"Home\",\"item\":\"https:\/\/www.varesenews.it\/\"},{\"@type\":\"ListItem\",\"position\":2,\"name\":\"Grandi mostre fuori porta\"}]},{\"@type\":\"WebSite\",\"@id\":\"https:\/\/staging.varesenews.it\/#website\",\"url\":\"https:\/\/staging.varesenews.it\/\",\"name\":\"VareseNews\",\"description\":\"\",\"potentialAction\":[{\"@type\":\"SearchAction\",\"target\":{\"@type\":\"EntryPoint\",\"urlTemplate\":\"https:\/\/staging.varesenews.it\/?s={search_term_string}\"},\"query-input\":\"required name=search_term_string\"}],\"inLanguage\":\"it-IT\"},{\"@type\":\"Person\",\"@id\":\"https:\/\/staging.varesenews.it\/#\/schema\/person\/fb20c4da0b7b16c291707a20db73e169\",\"name\":\"Redazione VareseNews\",\"image\":{\"@type\":\"ImageObject\",\"inLanguage\":\"it-IT\",\"@id\":\"https:\/\/staging.varesenews.it\/#\/schema\/person\/image\/\",\"url\":\"https:\/\/staging.varesenews.it\/wp-content\/uploads\/2020\/12\/logo_VN_colori_500.png\",\"contentUrl\":\"https:\/\/staging.varesenews.it\/wp-content\/uploads\/2020\/12\/logo_VN_colori_500.png\",\"caption\":\"Redazione VareseNews\"},\"url\":\"https:\/\/staging.varesenews.it\/persona\/redazione1\/\"}]}<\/script>\n<!-- \/ Yoast SEO plugin. -->","yoast_head_json":{"title":"Grandi mostre fuori porta","description":"Da classico Caravaggio al graffitaro Keith Haring. Dalla scultura del XX secolo all'arte della motocicletta. Il grande evento e vicino di casa","robots":{"index":"noindex","follow":"follow","max-snippet":"max-snippet:-1","max-image-preview":"max-image-preview:large","max-video-preview":"max-video-preview:-1"},"og_locale":"it_IT","og_type":"article","og_title":"Grandi mostre fuori porta","og_description":"Da classico Caravaggio al graffitaro Keith Haring. Dalla scultura del XX secolo all'arte della motocicletta. Il grande evento e vicino di casa","og_url":"https:\/\/staging.varesenews.it\/2005\/12\/grandi-mostre-fuori-porta\/264992\/","og_site_name":"VareseNews","article_publisher":"https:\/\/www.facebook.com\/varesenews","article_published_time":"2005-12-29T00:00:00+00:00","author":"Redazione VareseNews","twitter_card":"summary_large_image","twitter_creator":"@varesenews","twitter_site":"@varesenews","twitter_misc":{"Scritto da":"Redazione VareseNews","Tempo di lettura stimato":"4 minuti"},"schema":{"@context":"https:\/\/schema.org","@graph":[{"@type":"WebPage","@id":"https:\/\/staging.varesenews.it\/2005\/12\/grandi-mostre-fuori-porta\/264992\/","url":"https:\/\/staging.varesenews.it\/2005\/12\/grandi-mostre-fuori-porta\/264992\/","name":"Grandi mostre fuori porta","isPartOf":{"@id":"https:\/\/staging.varesenews.it\/#website"},"datePublished":"2005-12-29T00:00:00+00:00","dateModified":"2005-12-29T00:00:00+00:00","author":{"@id":"https:\/\/staging.varesenews.it\/#\/schema\/person\/fb20c4da0b7b16c291707a20db73e169"},"description":"Da classico Caravaggio al graffitaro Keith Haring. Dalla scultura del XX secolo all'arte della motocicletta. Il grande evento e vicino di casa","breadcrumb":{"@id":"https:\/\/staging.varesenews.it\/2005\/12\/grandi-mostre-fuori-porta\/264992\/#breadcrumb"},"inLanguage":"it-IT","potentialAction":[{"@type":"ReadAction","target":["https:\/\/staging.varesenews.it\/2005\/12\/grandi-mostre-fuori-porta\/264992\/"]}]},{"@type":"BreadcrumbList","@id":"https:\/\/staging.varesenews.it\/2005\/12\/grandi-mostre-fuori-porta\/264992\/#breadcrumb","itemListElement":[{"@type":"ListItem","position":1,"name":"Home","item":"https:\/\/www.varesenews.it\/"},{"@type":"ListItem","position":2,"name":"Grandi mostre fuori porta"}]},{"@type":"WebSite","@id":"https:\/\/staging.varesenews.it\/#website","url":"https:\/\/staging.varesenews.it\/","name":"VareseNews","description":"","potentialAction":[{"@type":"SearchAction","target":{"@type":"EntryPoint","urlTemplate":"https:\/\/staging.varesenews.it\/?s={search_term_string}"},"query-input":"required name=search_term_string"}],"inLanguage":"it-IT"},{"@type":"Person","@id":"https:\/\/staging.varesenews.it\/#\/schema\/person\/fb20c4da0b7b16c291707a20db73e169","name":"Redazione VareseNews","image":{"@type":"ImageObject","inLanguage":"it-IT","@id":"https:\/\/staging.varesenews.it\/#\/schema\/person\/image\/","url":"https:\/\/staging.varesenews.it\/wp-content\/uploads\/2020\/12\/logo_VN_colori_500.png","contentUrl":"https:\/\/staging.varesenews.it\/wp-content\/uploads\/2020\/12\/logo_VN_colori_500.png","caption":"Redazione VareseNews"},"url":"https:\/\/staging.varesenews.it\/persona\/redazione1\/"}]}},"post_meta":{"id_old":"36347","argomento":"Milano","autore_old":"Erika La Rosa"},"photos":[],"_links":{"self":[{"href":"https:\/\/staging.varesenews.it\/swgapi\/v1\/wp\/v2\/posts\/264992"}],"collection":[{"href":"https:\/\/staging.varesenews.it\/swgapi\/v1\/wp\/v2\/posts"}],"about":[{"href":"https:\/\/staging.varesenews.it\/swgapi\/v1\/wp\/v2\/types\/post"}],"author":[{"embeddable":true,"href":"https:\/\/staging.varesenews.it\/swgapi\/v1\/wp\/v2\/users\/10"}],"replies":[{"embeddable":true,"href":"https:\/\/staging.varesenews.it\/swgapi\/v1\/wp\/v2\/comments?post=264992"}],"version-history":[{"count":0,"href":"https:\/\/staging.varesenews.it\/swgapi\/v1\/wp\/v2\/posts\/264992\/revisions"}],"wp:attachment":[{"href":"https:\/\/staging.varesenews.it\/swgapi\/v1\/wp\/v2\/media?parent=264992"}],"wp:term":[{"taxonomy":"category","embeddable":true,"href":"https:\/\/staging.varesenews.it\/swgapi\/v1\/wp\/v2\/categories?post=264992"},{"taxonomy":"post_tag","embeddable":true,"href":"https:\/\/staging.varesenews.it\/swgapi\/v1\/wp\/v2\/tags?post=264992"}],"curies":[{"name":"wp","href":"https:\/\/api.w.org\/{rel}","templated":true}]}}