{"id":265339,"date":"2001-02-08T00:00:00","date_gmt":"2001-02-08T00:00:00","guid":{"rendered":""},"modified":"2001-02-08T00:00:00","modified_gmt":"2001-02-08T00:00:00","slug":"educare-bimbi-sordi-grande-richiesta-per-il-corso-per-operatori","status":"publish","type":"post","link":"https:\/\/staging.varesenews.it\/2001\/02\/educare-bimbi-sordi-grande-richiesta-per-il-corso-per-operatori\/265339\/","title":{"rendered":"Educare bimbi sordi: grande richiesta per il corso per operatori"},"content":{"rendered":"<table height=\"1\" cellspacing=\"6\" cellpadding=\"0\" width=\"100%\" border=\"0\">\n<tbody>\n<tr>\n<td valign=\"top\" width=\"100%\" colspan=\"2\" height=\"16\"><font face=\"Arial\"><\/p>\n<p align=\"justify\">Sono arrivate pi\u00f9 di cento domande di iscrizione al primo corso di formazione integrata per operatori sociali che lavorano con i minori affetti da sordit\u00e0 che avr\u00e0 inizio domani, venerd\u00ec 9 febbraio, presso la sede di via Dunant dell&#8217;universit\u00e0 dell&#8217;Insubria.<\/p>\n<p align=\"justify\">Le domande, pervenute all&#8217;ufficio famiglia, infanzia, adolescenza e disabilit\u00e0 sensoriale del settore politiche sociali della provincia di Varese, provenivano da operatori sociali dei comuni, ma anche da insegnanti e da famiglie di audiolesi. Un alto numero, che &quot;Non fa che confermare l&#8217;esigenza di informazione e, soprattutto, di formazione sulla disabilit\u00e0 sensoriale uditiva &#8211; spiega Hans Peter Orlini, assessore alle politiche sociali della provincia di Varese &#8211;\u00a0 pertanto abbiamo stabilito di procedere subito con un primo corso privilegiando le domande pervenute dai comuni e dagli operatori che attualmente si occupano di tali disabili, e di programmare un secondo corso per altri quaranta operatori, nel prossimo autunno, con inizio gi\u00e0 fissato per il 28 settembre&quot;<\/p>\n<p align=\"justify\"><font face=\"Arial\">I sessanta operatori circa che affronteranno il corso, promosso dal settore politiche sociali della Provincia,\u00a0 in questo primo turno hanno di fronte a s\u00e8 12 incontri che si terranno tutti di venerd\u00ec pomeriggio, fino al mese di Giugno, dalle 16 alle 19, per un totale di 40 ore di studio. A coordinare tali incontri ci saranno professionisti che operano sul territorio provinciale nelle diverse istituzioni coinvolte: sanitarie, scolastiche, sociali.<\/font><\/p>\n<p align=\"justify\"><font face=\"Arial\">Con il corso dovrebbero essere fornite\u00a0 le conoscenze teorico pratiche di base per affrontare efficacemente\u00a0 la progettazione e l&#8217;attuazione di interventi educativi: la Provincia ne sta finanziando attualmente pi\u00f9 di quaranta.<\/font><\/p>\n<p><font face=\"Arial\"><\/font><\/font><\/td>\n<\/tr>\n<tr>\n<td width=\"100%\" colspan=\"2\" height=\"18\"><\/td>\n<\/tr>\n<\/tbody>\n<\/table>\n","protected":false},"excerpt":{"rendered":"<p>Parte domani il richiestissimo corso, di cui \u00e8 gi\u00e0 prevista una seconda edizione, organizzato dal settore politiche sociali della Provincia<\/p>\n","protected":false},"author":10,"featured_media":0,"comment_status":"open","ping_status":"open","sticky":false,"template":"","format":"standard","meta":{"footnotes":""},"categories":[2],"tags":[],"acf":[],"yoast_head":"<!-- This site is optimized with the Yoast SEO plugin v20.1 - https:\/\/yoast.com\/wordpress\/plugins\/seo\/ -->\n<title>Educare bimbi sordi: grande richiesta per il corso per operatori<\/title>\n<meta name=\"description\" content=\"Parte domani il richiestissimo corso, di cui \u00e8 gi\u00e0 prevista una seconda edizione, organizzato dal settore politiche sociali della Provincia\" \/>\n<meta name=\"robots\" content=\"noindex, follow, max-snippet:-1, max-image-preview:large, max-video-preview:-1\" \/>\n<meta property=\"og:locale\" content=\"it_IT\" \/>\n<meta property=\"og:type\" content=\"article\" \/>\n<meta property=\"og:title\" content=\"Educare bimbi sordi: grande richiesta per il corso per operatori\" \/>\n<meta property=\"og:description\" content=\"Parte domani il richiestissimo corso, di cui \u00e8 gi\u00e0 prevista una seconda edizione, organizzato dal settore politiche sociali della Provincia\" \/>\n<meta property=\"og:url\" content=\"https:\/\/staging.varesenews.it\/2001\/02\/educare-bimbi-sordi-grande-richiesta-per-il-corso-per-operatori\/265339\/\" \/>\n<meta property=\"og:site_name\" content=\"VareseNews\" \/>\n<meta property=\"article:publisher\" content=\"https:\/\/www.facebook.com\/varesenews\" \/>\n<meta property=\"article:published_time\" content=\"2001-02-08T00:00:00+00:00\" \/>\n<meta name=\"author\" content=\"Redazione VareseNews\" \/>\n<meta name=\"twitter:card\" content=\"summary_large_image\" \/>\n<meta name=\"twitter:creator\" content=\"@varesenews\" \/>\n<meta name=\"twitter:site\" content=\"@varesenews\" \/>\n<meta name=\"twitter:label1\" content=\"Scritto da\" \/>\n\t<meta name=\"twitter:data1\" content=\"Redazione VareseNews\" \/>\n\t<meta name=\"twitter:label2\" content=\"Tempo di lettura stimato\" \/>\n\t<meta name=\"twitter:data2\" content=\"1 minuto\" \/>\n<script type=\"application\/ld+json\" class=\"yoast-schema-graph\">{\"@context\":\"https:\/\/schema.org\",\"@graph\":[{\"@type\":\"WebPage\",\"@id\":\"https:\/\/staging.varesenews.it\/2001\/02\/educare-bimbi-sordi-grande-richiesta-per-il-corso-per-operatori\/265339\/\",\"url\":\"https:\/\/staging.varesenews.it\/2001\/02\/educare-bimbi-sordi-grande-richiesta-per-il-corso-per-operatori\/265339\/\",\"name\":\"Educare bimbi sordi: grande richiesta per il corso per operatori\",\"isPartOf\":{\"@id\":\"https:\/\/staging.varesenews.it\/#website\"},\"datePublished\":\"2001-02-08T00:00:00+00:00\",\"dateModified\":\"2001-02-08T00:00:00+00:00\",\"author\":{\"@id\":\"https:\/\/staging.varesenews.it\/#\/schema\/person\/fb20c4da0b7b16c291707a20db73e169\"},\"description\":\"Parte domani il richiestissimo corso, di cui \u00e8 gi\u00e0 prevista una seconda edizione, organizzato dal settore politiche sociali della Provincia\",\"breadcrumb\":{\"@id\":\"https:\/\/staging.varesenews.it\/2001\/02\/educare-bimbi-sordi-grande-richiesta-per-il-corso-per-operatori\/265339\/#breadcrumb\"},\"inLanguage\":\"it-IT\",\"potentialAction\":[{\"@type\":\"ReadAction\",\"target\":[\"https:\/\/staging.varesenews.it\/2001\/02\/educare-bimbi-sordi-grande-richiesta-per-il-corso-per-operatori\/265339\/\"]}]},{\"@type\":\"BreadcrumbList\",\"@id\":\"https:\/\/staging.varesenews.it\/2001\/02\/educare-bimbi-sordi-grande-richiesta-per-il-corso-per-operatori\/265339\/#breadcrumb\",\"itemListElement\":[{\"@type\":\"ListItem\",\"position\":1,\"name\":\"Home\",\"item\":\"https:\/\/www.varesenews.it\/\"},{\"@type\":\"ListItem\",\"position\":2,\"name\":\"Educare bimbi sordi: grande richiesta per il corso per operatori\"}]},{\"@type\":\"WebSite\",\"@id\":\"https:\/\/staging.varesenews.it\/#website\",\"url\":\"https:\/\/staging.varesenews.it\/\",\"name\":\"VareseNews\",\"description\":\"\",\"potentialAction\":[{\"@type\":\"SearchAction\",\"target\":{\"@type\":\"EntryPoint\",\"urlTemplate\":\"https:\/\/staging.varesenews.it\/?s={search_term_string}\"},\"query-input\":\"required name=search_term_string\"}],\"inLanguage\":\"it-IT\"},{\"@type\":\"Person\",\"@id\":\"https:\/\/staging.varesenews.it\/#\/schema\/person\/fb20c4da0b7b16c291707a20db73e169\",\"name\":\"Redazione VareseNews\",\"image\":{\"@type\":\"ImageObject\",\"inLanguage\":\"it-IT\",\"@id\":\"https:\/\/staging.varesenews.it\/#\/schema\/person\/image\/\",\"url\":\"https:\/\/staging.varesenews.it\/wp-content\/uploads\/2020\/12\/logo_VN_colori_500.png\",\"contentUrl\":\"https:\/\/staging.varesenews.it\/wp-content\/uploads\/2020\/12\/logo_VN_colori_500.png\",\"caption\":\"Redazione VareseNews\"},\"url\":\"https:\/\/staging.varesenews.it\/persona\/redazione1\/\"}]}<\/script>\n<!-- \/ Yoast SEO plugin. -->","yoast_head_json":{"title":"Educare bimbi sordi: grande richiesta per il corso per operatori","description":"Parte domani il richiestissimo corso, di cui \u00e8 gi\u00e0 prevista una seconda edizione, organizzato dal settore politiche sociali della Provincia","robots":{"index":"noindex","follow":"follow","max-snippet":"max-snippet:-1","max-image-preview":"max-image-preview:large","max-video-preview":"max-video-preview:-1"},"og_locale":"it_IT","og_type":"article","og_title":"Educare bimbi sordi: grande richiesta per il corso per operatori","og_description":"Parte domani il richiestissimo corso, di cui \u00e8 gi\u00e0 prevista una seconda edizione, organizzato dal settore politiche sociali della Provincia","og_url":"https:\/\/staging.varesenews.it\/2001\/02\/educare-bimbi-sordi-grande-richiesta-per-il-corso-per-operatori\/265339\/","og_site_name":"VareseNews","article_publisher":"https:\/\/www.facebook.com\/varesenews","article_published_time":"2001-02-08T00:00:00+00:00","author":"Redazione VareseNews","twitter_card":"summary_large_image","twitter_creator":"@varesenews","twitter_site":"@varesenews","twitter_misc":{"Scritto da":"Redazione VareseNews","Tempo di lettura stimato":"1 minuto"},"schema":{"@context":"https:\/\/schema.org","@graph":[{"@type":"WebPage","@id":"https:\/\/staging.varesenews.it\/2001\/02\/educare-bimbi-sordi-grande-richiesta-per-il-corso-per-operatori\/265339\/","url":"https:\/\/staging.varesenews.it\/2001\/02\/educare-bimbi-sordi-grande-richiesta-per-il-corso-per-operatori\/265339\/","name":"Educare bimbi sordi: grande richiesta per il corso per operatori","isPartOf":{"@id":"https:\/\/staging.varesenews.it\/#website"},"datePublished":"2001-02-08T00:00:00+00:00","dateModified":"2001-02-08T00:00:00+00:00","author":{"@id":"https:\/\/staging.varesenews.it\/#\/schema\/person\/fb20c4da0b7b16c291707a20db73e169"},"description":"Parte domani il richiestissimo corso, di cui \u00e8 gi\u00e0 prevista una seconda edizione, organizzato dal settore politiche sociali della Provincia","breadcrumb":{"@id":"https:\/\/staging.varesenews.it\/2001\/02\/educare-bimbi-sordi-grande-richiesta-per-il-corso-per-operatori\/265339\/#breadcrumb"},"inLanguage":"it-IT","potentialAction":[{"@type":"ReadAction","target":["https:\/\/staging.varesenews.it\/2001\/02\/educare-bimbi-sordi-grande-richiesta-per-il-corso-per-operatori\/265339\/"]}]},{"@type":"BreadcrumbList","@id":"https:\/\/staging.varesenews.it\/2001\/02\/educare-bimbi-sordi-grande-richiesta-per-il-corso-per-operatori\/265339\/#breadcrumb","itemListElement":[{"@type":"ListItem","position":1,"name":"Home","item":"https:\/\/www.varesenews.it\/"},{"@type":"ListItem","position":2,"name":"Educare bimbi sordi: grande richiesta per il corso per operatori"}]},{"@type":"WebSite","@id":"https:\/\/staging.varesenews.it\/#website","url":"https:\/\/staging.varesenews.it\/","name":"VareseNews","description":"","potentialAction":[{"@type":"SearchAction","target":{"@type":"EntryPoint","urlTemplate":"https:\/\/staging.varesenews.it\/?s={search_term_string}"},"query-input":"required name=search_term_string"}],"inLanguage":"it-IT"},{"@type":"Person","@id":"https:\/\/staging.varesenews.it\/#\/schema\/person\/fb20c4da0b7b16c291707a20db73e169","name":"Redazione VareseNews","image":{"@type":"ImageObject","inLanguage":"it-IT","@id":"https:\/\/staging.varesenews.it\/#\/schema\/person\/image\/","url":"https:\/\/staging.varesenews.it\/wp-content\/uploads\/2020\/12\/logo_VN_colori_500.png","contentUrl":"https:\/\/staging.varesenews.it\/wp-content\/uploads\/2020\/12\/logo_VN_colori_500.png","caption":"Redazione VareseNews"},"url":"https:\/\/staging.varesenews.it\/persona\/redazione1\/"}]}},"post_meta":{"id_old":"35982","argomento":"Varese"},"photos":[],"_links":{"self":[{"href":"https:\/\/staging.varesenews.it\/swgapi\/v1\/wp\/v2\/posts\/265339"}],"collection":[{"href":"https:\/\/staging.varesenews.it\/swgapi\/v1\/wp\/v2\/posts"}],"about":[{"href":"https:\/\/staging.varesenews.it\/swgapi\/v1\/wp\/v2\/types\/post"}],"author":[{"embeddable":true,"href":"https:\/\/staging.varesenews.it\/swgapi\/v1\/wp\/v2\/users\/10"}],"replies":[{"embeddable":true,"href":"https:\/\/staging.varesenews.it\/swgapi\/v1\/wp\/v2\/comments?post=265339"}],"version-history":[{"count":0,"href":"https:\/\/staging.varesenews.it\/swgapi\/v1\/wp\/v2\/posts\/265339\/revisions"}],"wp:attachment":[{"href":"https:\/\/staging.varesenews.it\/swgapi\/v1\/wp\/v2\/media?parent=265339"}],"wp:term":[{"taxonomy":"category","embeddable":true,"href":"https:\/\/staging.varesenews.it\/swgapi\/v1\/wp\/v2\/categories?post=265339"},{"taxonomy":"post_tag","embeddable":true,"href":"https:\/\/staging.varesenews.it\/swgapi\/v1\/wp\/v2\/tags?post=265339"}],"curies":[{"name":"wp","href":"https:\/\/api.w.org\/{rel}","templated":true}]}}