{"id":265372,"date":"2001-02-06T00:00:00","date_gmt":"2001-02-06T00:00:00","guid":{"rendered":""},"modified":"2001-02-06T00:00:00","modified_gmt":"2001-02-06T00:00:00","slug":"plutonio-al-ccr-sorvegliato-speciale","status":"publish","type":"post","link":"https:\/\/staging.varesenews.it\/2001\/02\/plutonio-al-ccr-sorvegliato-speciale\/265372\/","title":{"rendered":"Plutonio al Ccr: sorvegliato speciale"},"content":{"rendered":"<table height=\"1\" cellspacing=\"6\" cellpadding=\"0\" width=\"100%\" border=\"0\">\n<tbody>\n<tr>\n<td valign=\"top\" width=\"100%\" colspan=\"2\" height=\"16\"><font face=\"Arial\"><font size=\"3\"><i>&quot;Benvenuti a Saluggia, Italia. Qui in pochi ettari, c\u2019\u00e8 la pi\u00f9 alta concentrazione di radiazioni del Paese: 5.800.000 miliardi di Becquerel, l\u2019unit\u00e0 di misura della radioattivit\u00e0 &quot;<\/i>. Un attacco sensazionalistico certamente e per Celso Osimani, responsabile della Sicurezza e protezione fisica e radiologica al Ccr, anche decisamente allarmante. &quot;Perch\u00e9 infatti utilizzare l\u2019unit\u00e0 di misura pi\u00f9 piccola, invece dei chilo, dei mega o dei giga Becquerel, se non per stupire?&quot;. L\u2019articolo in questione, che ha richiesto ieri sera la convocazione di un consiglio comunale a Ispra, con la partecipazione di Osimani \u00e8 quello apparso nel penultimo numero del settimanale <i>Panorama<\/i> dal titolo &quot;Con il plutonio sotto casa&quot;. Ma non \u00e8 certo il plutonio vercellese a destare le preoccupazioni degli ispresi. Bens\u00ec quello che si usa al di l\u00e0 della recinzione verde del Ccr. Sempre nello stesso articolo si legge <i>&quot;Panorama ha scoperto che nel centro comunitario di ricerca di Ispra, in provincia di Varese, sulla riva lombarda del Lago Maggiore, si trovano circa trenta chili di plutonio&quot;.<\/i><\/font> <\/p>\n<p><font size=\"3\">Il plutonio c\u2019\u00e8 e non \u00e8 una scoperta. Trenta chili? Il responsabile della sicurezza non ha confermato e non ha smentito. Di certo &quot;quello che c\u2019\u00e8, \u00e8 contabilizzato con perizia e non si pu\u00f2 parlare di una quantit\u00e0 fissa&quot; ha detto. L\u2019incontro di ieri sera \u00e8 servito per spiegare il grado di sicurezza e di attenzione e l\u2019utilizzo specifico di questo elemento artificiale<font color=\"#ff0000\" size=\"4\">&nbsp;<\/font>che non esiste in natura, ma \u00e8 il prodotto di fissioni nucleari, utilizzato per costruire ordigni atomici<\/font><font size=\"4\">.<\/font><font size=\"3\"><font color=\"#ff0000\" size=\"4\">&nbsp;<\/font>E ultimamente<font color=\"#ff0000\" size=\"4\">&nbsp;<\/font>\u00e8 balzato agli onori della cronaca perch\u00e9 sue tracce sono state trovate nelle munizioni all\u2019uranio impoverito.<\/font><\/p>\n<p><font size=\"3\">&quot;Le ricerche a carattere nucleare \u2013 ha spiegato Osimani \u2013 sono state lentamente abbandonate, oggi persistono attivit\u00e0 limitate, che utilizzano il plutonio esclusivamente per salvaguardare l\u2019impiego pacifico del nucleare&quot;. E\u2019 attivo infatti al Ccr un laboratorio, Perla, dove si approntano sofisticate misurazioni del plutonio. E per svolgere queste attivit\u00e0 sono necessarie sorgenti standard verosimili. &quot;Il trattato Euratom \u2013 ha continuato il dirigente del Centro<font color=\"#ff0000\" size=\"4\">&nbsp;<\/font>\u2013 ha stabilito la non proliferazione delle armi nucleari, il nostro compito \u00e8 di offrire un supporto a questa politica, affinch\u00e9 un organismo come il nostro, al di sopra delle parti assicuri che il materiale in questione sia utilizzato per scopi pacifici e non per le armi nucleari&quot;. E se in Europa c\u2019\u00e8 il trattato Euratom, a livello internazionale esistono altri organismi come l\u2019Iaea, Agenzia internazionale dell\u2019energia atomica.<\/font><\/p>\n<p><font size=\"3\">Quali i controlli su questi materiali? Ne esistono a diversi livelli: oltre ai trattati, c\u2019\u00e8 l\u2019autorit\u00e0 nazionale, tramite l\u2019Anpa , Agenzia nazionale per la protezione dell\u2019ambiente, a cui vanno comunicate le quantit\u00e0 di materie fissili in uso. A questo si unisce il grado di attenzione dei dipendenti. Ma non basta. &quot;Per detenere e impiegare queste materie fissili \u2013 ha aggiunto Osimani \u2013 \u00e8 necessaria una specifica autorizzazione, che arriva dai Ministeri<font color=\"#ff0000\" size=\"4\">&nbsp;<\/font>, cui sono allegati tutti gli obblighi e le misure tecniche per garantirne un utilizzo sicuro&quot;.<\/font><\/p>\n<p><font size=\"3\">Ma la prudenza non \u00e8 mai troppa. E nei casi di emergenza? &quot;Esiste un piano di protezione civile per la popolazione e quale ne \u00e8 il grado di conoscenza del Sindaco?&quot; questa \u00e8 stata la domanda rivolta da Giuseppe Volta, capogruppo della minoranza &quot;Libert\u00e0 di crescere&quot;. Il piano di emergenza per il Ccr esiste e prevede che organismi collaterali esterni, come Vigili del fuoco, Prefettura o Asl ne siano allertati. Di questo piano il Centro ha anche l\u2019obbligo di informare la popolazione locale attraverso l\u2019autorit\u00e0 preposta alla divulgazione. Nel caso di Ispra \u00e8 il sindaco Bruno Balzarini in quanto responsabile della Protezione civile. E se al Ccr si svolgono ogni anno, a novembre delle simulazioni di incidenti, il grado di conoscenza fra la popolazione da un anno a questa parte, quando si era svolto un simile incontro sulla questione emergenze, non sembra avere fatto passi da gigante. A questo proposito si \u00e8 espresso il vicesindaco Emanuele Boscolo &quot;Si apre un percorso che vede l\u2019Amministrazione comunale coinvolta nell\u2019acquisizione di queste informazioni con lo scopo poi di farle circolare senza inutili allarmismi e per questo il soggetto gestore dovr\u00e0 fare da interprete di dati scientifici che non hanno per tutti una chiara lettura, certo il fermento di questi articoli ci mette di fronte alle nostre responsabilit\u00e0&quot;.<\/font> <\/p>\n<p><\/font><\/td>\n<\/tr>\n<tr>\n<td width=\"100%\" colspan=\"2\" height=\"18\"><\/td>\n<\/tr>\n<tr>\n<td width=\"100%\" colspan=\"2\" height=\"21\">\n<p align=\"right\"><a href=\"mailto:catia@varesenews.it\"><font face=\"Arial\" color=\"#ff0000\" size=\"2\"><\/font><\/a><\/p>\n<\/td>\n<\/tr>\n<\/tbody>\n<\/table>\n","protected":false},"excerpt":{"rendered":"<p>No agli allarmismi e ai sensazionalismi: con questo scopo si \u00e8 svolto il consiglio comunale aperto al pubblico sull\u2019utilizzo di materie fissili presso il centro isprese, a cui ha partecipato Celso Osimani, responsabile della sicurezza<\/p>\n","protected":false},"author":10,"featured_media":0,"comment_status":"open","ping_status":"open","sticky":false,"template":"","format":"standard","meta":{"footnotes":""},"categories":[2],"tags":[],"acf":[],"yoast_head":"<!-- This site is optimized with the Yoast SEO plugin v20.1 - https:\/\/yoast.com\/wordpress\/plugins\/seo\/ -->\n<title>Plutonio al Ccr: sorvegliato speciale<\/title>\n<meta name=\"description\" content=\"No agli allarmismi e ai sensazionalismi: con questo scopo si \u00e8 svolto il consiglio comunale aperto al pubblico sull\u2019utilizzo di materie fissili presso il centro isprese, a cui ha partecipato Celso Osimani, responsabile della sicurezza\" \/>\n<meta name=\"robots\" content=\"noindex, follow, max-snippet:-1, max-image-preview:large, max-video-preview:-1\" \/>\n<meta property=\"og:locale\" content=\"it_IT\" \/>\n<meta property=\"og:type\" content=\"article\" \/>\n<meta property=\"og:title\" content=\"Plutonio al Ccr: sorvegliato speciale\" \/>\n<meta property=\"og:description\" content=\"No agli allarmismi e ai sensazionalismi: con questo scopo si \u00e8 svolto il consiglio comunale aperto al pubblico sull\u2019utilizzo di materie fissili presso il centro isprese, a cui ha partecipato Celso Osimani, responsabile della sicurezza\" \/>\n<meta property=\"og:url\" content=\"https:\/\/staging.varesenews.it\/2001\/02\/plutonio-al-ccr-sorvegliato-speciale\/265372\/\" \/>\n<meta property=\"og:site_name\" content=\"VareseNews\" \/>\n<meta property=\"article:publisher\" content=\"https:\/\/www.facebook.com\/varesenews\" \/>\n<meta property=\"article:published_time\" content=\"2001-02-06T00:00:00+00:00\" \/>\n<meta name=\"author\" content=\"Redazione VareseNews\" \/>\n<meta name=\"twitter:card\" content=\"summary_large_image\" \/>\n<meta name=\"twitter:creator\" content=\"@varesenews\" \/>\n<meta name=\"twitter:site\" content=\"@varesenews\" \/>\n<meta name=\"twitter:label1\" content=\"Scritto da\" \/>\n\t<meta name=\"twitter:data1\" content=\"Redazione VareseNews\" \/>\n\t<meta name=\"twitter:label2\" content=\"Tempo di lettura stimato\" \/>\n\t<meta name=\"twitter:data2\" content=\"4 minuti\" \/>\n<script type=\"application\/ld+json\" class=\"yoast-schema-graph\">{\"@context\":\"https:\/\/schema.org\",\"@graph\":[{\"@type\":\"WebPage\",\"@id\":\"https:\/\/staging.varesenews.it\/2001\/02\/plutonio-al-ccr-sorvegliato-speciale\/265372\/\",\"url\":\"https:\/\/staging.varesenews.it\/2001\/02\/plutonio-al-ccr-sorvegliato-speciale\/265372\/\",\"name\":\"Plutonio al Ccr: sorvegliato speciale\",\"isPartOf\":{\"@id\":\"https:\/\/staging.varesenews.it\/#website\"},\"datePublished\":\"2001-02-06T00:00:00+00:00\",\"dateModified\":\"2001-02-06T00:00:00+00:00\",\"author\":{\"@id\":\"https:\/\/staging.varesenews.it\/#\/schema\/person\/fb20c4da0b7b16c291707a20db73e169\"},\"description\":\"No agli allarmismi e ai sensazionalismi: con questo scopo si \u00e8 svolto il consiglio comunale aperto al pubblico sull\u2019utilizzo di materie fissili presso il centro isprese, a cui ha partecipato Celso Osimani, responsabile della sicurezza\",\"breadcrumb\":{\"@id\":\"https:\/\/staging.varesenews.it\/2001\/02\/plutonio-al-ccr-sorvegliato-speciale\/265372\/#breadcrumb\"},\"inLanguage\":\"it-IT\",\"potentialAction\":[{\"@type\":\"ReadAction\",\"target\":[\"https:\/\/staging.varesenews.it\/2001\/02\/plutonio-al-ccr-sorvegliato-speciale\/265372\/\"]}]},{\"@type\":\"BreadcrumbList\",\"@id\":\"https:\/\/staging.varesenews.it\/2001\/02\/plutonio-al-ccr-sorvegliato-speciale\/265372\/#breadcrumb\",\"itemListElement\":[{\"@type\":\"ListItem\",\"position\":1,\"name\":\"Home\",\"item\":\"https:\/\/www.varesenews.it\/\"},{\"@type\":\"ListItem\",\"position\":2,\"name\":\"Plutonio al Ccr: sorvegliato speciale\"}]},{\"@type\":\"WebSite\",\"@id\":\"https:\/\/staging.varesenews.it\/#website\",\"url\":\"https:\/\/staging.varesenews.it\/\",\"name\":\"VareseNews\",\"description\":\"\",\"potentialAction\":[{\"@type\":\"SearchAction\",\"target\":{\"@type\":\"EntryPoint\",\"urlTemplate\":\"https:\/\/staging.varesenews.it\/?s={search_term_string}\"},\"query-input\":\"required name=search_term_string\"}],\"inLanguage\":\"it-IT\"},{\"@type\":\"Person\",\"@id\":\"https:\/\/staging.varesenews.it\/#\/schema\/person\/fb20c4da0b7b16c291707a20db73e169\",\"name\":\"Redazione VareseNews\",\"image\":{\"@type\":\"ImageObject\",\"inLanguage\":\"it-IT\",\"@id\":\"https:\/\/staging.varesenews.it\/#\/schema\/person\/image\/\",\"url\":\"https:\/\/staging.varesenews.it\/wp-content\/uploads\/2020\/12\/logo_VN_colori_500.png\",\"contentUrl\":\"https:\/\/staging.varesenews.it\/wp-content\/uploads\/2020\/12\/logo_VN_colori_500.png\",\"caption\":\"Redazione VareseNews\"},\"url\":\"https:\/\/staging.varesenews.it\/persona\/redazione1\/\"}]}<\/script>\n<!-- \/ Yoast SEO plugin. -->","yoast_head_json":{"title":"Plutonio al Ccr: sorvegliato speciale","description":"No agli allarmismi e ai sensazionalismi: con questo scopo si \u00e8 svolto il consiglio comunale aperto al pubblico sull\u2019utilizzo di materie fissili presso il centro isprese, a cui ha partecipato Celso Osimani, responsabile della sicurezza","robots":{"index":"noindex","follow":"follow","max-snippet":"max-snippet:-1","max-image-preview":"max-image-preview:large","max-video-preview":"max-video-preview:-1"},"og_locale":"it_IT","og_type":"article","og_title":"Plutonio al Ccr: sorvegliato speciale","og_description":"No agli allarmismi e ai sensazionalismi: con questo scopo si \u00e8 svolto il consiglio comunale aperto al pubblico sull\u2019utilizzo di materie fissili presso il centro isprese, a cui ha partecipato Celso Osimani, responsabile della sicurezza","og_url":"https:\/\/staging.varesenews.it\/2001\/02\/plutonio-al-ccr-sorvegliato-speciale\/265372\/","og_site_name":"VareseNews","article_publisher":"https:\/\/www.facebook.com\/varesenews","article_published_time":"2001-02-06T00:00:00+00:00","author":"Redazione VareseNews","twitter_card":"summary_large_image","twitter_creator":"@varesenews","twitter_site":"@varesenews","twitter_misc":{"Scritto da":"Redazione VareseNews","Tempo di lettura stimato":"4 minuti"},"schema":{"@context":"https:\/\/schema.org","@graph":[{"@type":"WebPage","@id":"https:\/\/staging.varesenews.it\/2001\/02\/plutonio-al-ccr-sorvegliato-speciale\/265372\/","url":"https:\/\/staging.varesenews.it\/2001\/02\/plutonio-al-ccr-sorvegliato-speciale\/265372\/","name":"Plutonio al Ccr: sorvegliato speciale","isPartOf":{"@id":"https:\/\/staging.varesenews.it\/#website"},"datePublished":"2001-02-06T00:00:00+00:00","dateModified":"2001-02-06T00:00:00+00:00","author":{"@id":"https:\/\/staging.varesenews.it\/#\/schema\/person\/fb20c4da0b7b16c291707a20db73e169"},"description":"No agli allarmismi e ai sensazionalismi: con questo scopo si \u00e8 svolto il consiglio comunale aperto al pubblico sull\u2019utilizzo di materie fissili presso il centro isprese, a cui ha partecipato Celso Osimani, responsabile della sicurezza","breadcrumb":{"@id":"https:\/\/staging.varesenews.it\/2001\/02\/plutonio-al-ccr-sorvegliato-speciale\/265372\/#breadcrumb"},"inLanguage":"it-IT","potentialAction":[{"@type":"ReadAction","target":["https:\/\/staging.varesenews.it\/2001\/02\/plutonio-al-ccr-sorvegliato-speciale\/265372\/"]}]},{"@type":"BreadcrumbList","@id":"https:\/\/staging.varesenews.it\/2001\/02\/plutonio-al-ccr-sorvegliato-speciale\/265372\/#breadcrumb","itemListElement":[{"@type":"ListItem","position":1,"name":"Home","item":"https:\/\/www.varesenews.it\/"},{"@type":"ListItem","position":2,"name":"Plutonio al Ccr: sorvegliato speciale"}]},{"@type":"WebSite","@id":"https:\/\/staging.varesenews.it\/#website","url":"https:\/\/staging.varesenews.it\/","name":"VareseNews","description":"","potentialAction":[{"@type":"SearchAction","target":{"@type":"EntryPoint","urlTemplate":"https:\/\/staging.varesenews.it\/?s={search_term_string}"},"query-input":"required name=search_term_string"}],"inLanguage":"it-IT"},{"@type":"Person","@id":"https:\/\/staging.varesenews.it\/#\/schema\/person\/fb20c4da0b7b16c291707a20db73e169","name":"Redazione VareseNews","image":{"@type":"ImageObject","inLanguage":"it-IT","@id":"https:\/\/staging.varesenews.it\/#\/schema\/person\/image\/","url":"https:\/\/staging.varesenews.it\/wp-content\/uploads\/2020\/12\/logo_VN_colori_500.png","contentUrl":"https:\/\/staging.varesenews.it\/wp-content\/uploads\/2020\/12\/logo_VN_colori_500.png","caption":"Redazione VareseNews"},"url":"https:\/\/staging.varesenews.it\/persona\/redazione1\/"}]}},"post_meta":{"id_old":"35949","argomento":"C.c.r. Ispra","autore_old":"Catia Spagnolo"},"photos":[],"_links":{"self":[{"href":"https:\/\/staging.varesenews.it\/swgapi\/v1\/wp\/v2\/posts\/265372"}],"collection":[{"href":"https:\/\/staging.varesenews.it\/swgapi\/v1\/wp\/v2\/posts"}],"about":[{"href":"https:\/\/staging.varesenews.it\/swgapi\/v1\/wp\/v2\/types\/post"}],"author":[{"embeddable":true,"href":"https:\/\/staging.varesenews.it\/swgapi\/v1\/wp\/v2\/users\/10"}],"replies":[{"embeddable":true,"href":"https:\/\/staging.varesenews.it\/swgapi\/v1\/wp\/v2\/comments?post=265372"}],"version-history":[{"count":0,"href":"https:\/\/staging.varesenews.it\/swgapi\/v1\/wp\/v2\/posts\/265372\/revisions"}],"wp:attachment":[{"href":"https:\/\/staging.varesenews.it\/swgapi\/v1\/wp\/v2\/media?parent=265372"}],"wp:term":[{"taxonomy":"category","embeddable":true,"href":"https:\/\/staging.varesenews.it\/swgapi\/v1\/wp\/v2\/categories?post=265372"},{"taxonomy":"post_tag","embeddable":true,"href":"https:\/\/staging.varesenews.it\/swgapi\/v1\/wp\/v2\/tags?post=265372"}],"curies":[{"name":"wp","href":"https:\/\/api.w.org\/{rel}","templated":true}]}}