{"id":266527,"date":"2003-11-22T00:00:00","date_gmt":"2003-11-22T00:00:00","guid":{"rendered":""},"modified":"2003-11-22T00:00:00","modified_gmt":"2003-11-22T00:00:00","slug":"dalla-somalia-a-busto-per-capire-come-mai-mohammed-non-cammini","status":"publish","type":"post","link":"https:\/\/staging.varesenews.it\/2003\/11\/dalla-somalia-a-busto-per-capire-come-mai-mohammed-non-cammini\/266527\/","title":{"rendered":"Dalla Somalia a Busto per capire come mai Mohammed non cammini"},"content":{"rendered":"<p><font face=\"arial,helvetica,sans-serif\">Un bimbo di cinque anni che non cammina. Si muoveva senza problemi fino a due anni fa. Poi \u00e8 successo qualcosa e oggi non si regge pi\u00f9 sulle gambe. Cosa \u00e8 successo? Nessuno sa dirlo. Ci prover\u00e0 l&#8217;equipe pediatrica del dottor Giorgetti, che dirige il reparto all&#8217;ospedale di Busto Arsizio. Qui, il 27 novembre arriver\u00e0 il piccolo Mohammed, proveniente dalla Somalia, per iniziativa dell&#8217;A.C.I.S.S., Associazione per la Cooperazione Internazionale Socio- Sanitaria. Artefice del viaggio della speranza \u00e8 un medico di base di Gallarate, Luigi Parassoni<font size=\"3\">, che nel 2001, dopo una visita del ministro della sanit\u00e0 somalo, spos\u00f2 la causa di questo popolo ormai stremato dalle guerre intestine: \u00ab\u00c8 una realt\u00e0 drammatica &#8211; spiega Parassoni &#8211; il paese \u00e8 retto da un governo di transizione. A Mogadiscio bisogna stare molto attenti: nella capitale somala io mi muovo con la scorta e conosco esattamente dove posso andare. La nostra associazione ha ottenuto la protezione del governo e questo ci rende sicuri. Ho deciso di dedicare le mie forze ed energie alla gente di Mogadiscio perch\u00e8 ritengo abbiano un futuro. Non devono essere abbandonati\u00bb.<\/font><\/font><\/p>\n<p class=\"MsoBodyText\"><font face=\"arial,helvetica,sans-serif\"><font size=\"3\">Parassoni a Mogadiscio si appoggia all&#8217;associazione &quot;Un Birdie per la vita&quot; sorta per volont\u00e0 dell&#8217;ex campione di golf Costantino Rocca<\/font><font size=\"2\"><b>\u00a0<\/b><\/font><\/font><font face=\"arial,helvetica,sans-serif\" size=\"3\">che in Somalia ha avviato la &quot;cittadella della vita&quot; con un ambulatorio, che visita giornalmente 40 persone, a cui presto si aggiungeranno un orfanotrofio, per dare un tetto ad almeno 30 bambini, un centro culturale e un polo produttivo.<br \/>\u00abMohammed \u00e8 per noi la prima di una lunga serie di operazioni benefiche &#8211; si augura il medico gallaratese &#8211; abbiamo dovuto superare moltissime difficolt\u00e0 burocratiche dovute proprio alla particolare situazione somala\u00bb.<br \/>Il piccolo Mohammed, infatti, per arrivare sino a Busto ha dovuto far fronte a non poche difficolt\u00e0: prima fra tutte arrivare clandestinamente a Nairobi, dove ha sede l&#8217;ambasciata italiana e farsi vedere da un medico per l&#8217;autorizzazione al viaggio. Ora dovr\u00e0 ripercorrere lo stesso tragitto per poter arrivare nella capitale keniana ed imbarcarsi su un volo dell&#8217;East African Safari Air che gli ha regalato il viaggio. Accanto a lui sar\u00e0 il padre che, nei giorni di degenza, rimarr\u00e0 vicino al suo piccolo grazie all&#8217;ospitalit\u00e0 della casa gestita dalla parrocchia di San Giuseppe destinata proprio ad accogliere i parenti dei ricoverati.<\/font><\/p>\n<p class=\"MsoBodyText\"><font face=\"arial,helvetica,sans-serif\" size=\"3\">I medici visiteranno Mohammed fino al prossimo 7 dicembre, la situazione \u00e8, infatti, totalmente ingarbugliata : secondo il padre il piccolo \u00e8 rimasto paralizzato dopo una caduta dalle braccia della madre, secondo il medico che lo ha in cura, invece, la paralisi \u00e8 una conseguenza dell&#8217;epilessia manifestatasi dopo una febbre altissima. I farmaci somministrati fino ad oggi, per\u00f2, non sono serviti a nulla e la mancanza assoluta di apparecchiature diagnostiche hanno impedito ogni intervento su questo piccino.<br \/>L&#8217;incontro con il dottor Parassoni potrebbe cambiargli la vita, come il suo arrivo potrebbe essere il primo di una lunga serie di viaggi della speranza a firma A.C.I.S.S.<\/font><\/p>\n<p class=\"MsoBodyText\"><font size=\"3\"><font face=\"arial,helvetica,sans-serif\">Chi volesse contribuire alla causa di A.C.I.S.S. pu\u00f2 sottoscrivere una delle &quot;azioni della speranza&quot; del valore di 20 euro mensili. Attraverso il sito sar\u00e0 possibile seguire direttamente ogni attivit\u00e0 dell&#8217;associazione e l&#8217;utilizzo delle somme raccolte. Per saperne di pi\u00f9 si pu\u00f2 visitare il sito <\/font><a href=\"http:\/\/www.aciss-onlus.it\/\"><font face=\"arial,helvetica,sans-serif\" color=\"#000000\">www.aciss-onlus.it<\/font><\/a><font face=\"arial,helvetica,sans-serif\">.\u00a0<br \/>Per conoscere le molteplici attivit\u00e0 di &quot;Un birdie per la vita&quot; \u00e8 possibile accedere al sito www.birdieperlavita.com<\/font><\/font><\/p>\n<table cellspacing=\"0\" cellpadding=\"0\" width=\"100%\" border=\"0\">\n<tbody>\n<tr>\n<td width=\"50%\"><font face=\"arial,helvetica,sans-serif\"><\/font><\/td>\n<td width=\"50%\">\n<p align=\"right\"><font size=\"2\"><i><a href=\"mailto:sanita@varesenews.it\"><font face=\"arial,helvetica,sans-serif\" color=\"#ff8204\"><\/font><\/a><\/i><\/font><\/p>\n<\/td>\n<\/tr>\n<\/tbody>\n<\/table>\n","protected":false},"excerpt":{"rendered":"<p>Un viaggio della speranza per un bambino di cinque anni, &#8220;adottato&#8221; dall&#8217;associazione A.C.I.S.S., attiva a Mogadiscio <\/p>\n","protected":false},"author":10,"featured_media":0,"comment_status":"open","ping_status":"open","sticky":false,"template":"","format":"standard","meta":{"footnotes":""},"categories":[4],"tags":[],"acf":[],"yoast_head":"<!-- This site is optimized with the Yoast SEO plugin v20.1 - https:\/\/yoast.com\/wordpress\/plugins\/seo\/ -->\n<title>Dalla Somalia a Busto per capire come mai Mohammed non cammini<\/title>\n<meta name=\"description\" content=\"Un viaggio della speranza per un bambino di cinque anni, &quot;adottato&quot; dall&#039;associazione A.C.I.S.S., attiva a Mogadiscio\" \/>\n<meta name=\"robots\" content=\"noindex, follow, max-snippet:-1, max-image-preview:large, max-video-preview:-1\" \/>\n<meta property=\"og:locale\" content=\"it_IT\" \/>\n<meta property=\"og:type\" content=\"article\" \/>\n<meta property=\"og:title\" content=\"Dalla Somalia a Busto per capire come mai Mohammed non cammini\" \/>\n<meta property=\"og:description\" content=\"Un viaggio della speranza per un bambino di cinque anni, &quot;adottato&quot; dall&#039;associazione A.C.I.S.S., attiva a Mogadiscio\" \/>\n<meta property=\"og:url\" content=\"https:\/\/staging.varesenews.it\/2003\/11\/dalla-somalia-a-busto-per-capire-come-mai-mohammed-non-cammini\/266527\/\" \/>\n<meta property=\"og:site_name\" content=\"VareseNews\" \/>\n<meta property=\"article:publisher\" content=\"https:\/\/www.facebook.com\/varesenews\" \/>\n<meta property=\"article:published_time\" content=\"2003-11-22T00:00:00+00:00\" \/>\n<meta name=\"author\" content=\"Redazione VareseNews\" \/>\n<meta name=\"twitter:card\" content=\"summary_large_image\" \/>\n<meta name=\"twitter:creator\" content=\"@varesenews\" \/>\n<meta name=\"twitter:site\" content=\"@varesenews\" \/>\n<meta name=\"twitter:label1\" content=\"Scritto da\" \/>\n\t<meta name=\"twitter:data1\" content=\"Redazione VareseNews\" \/>\n\t<meta name=\"twitter:label2\" content=\"Tempo di lettura stimato\" \/>\n\t<meta name=\"twitter:data2\" content=\"3 minuti\" \/>\n<script type=\"application\/ld+json\" class=\"yoast-schema-graph\">{\"@context\":\"https:\/\/schema.org\",\"@graph\":[{\"@type\":\"WebPage\",\"@id\":\"https:\/\/staging.varesenews.it\/2003\/11\/dalla-somalia-a-busto-per-capire-come-mai-mohammed-non-cammini\/266527\/\",\"url\":\"https:\/\/staging.varesenews.it\/2003\/11\/dalla-somalia-a-busto-per-capire-come-mai-mohammed-non-cammini\/266527\/\",\"name\":\"Dalla Somalia a Busto per capire come mai Mohammed non cammini\",\"isPartOf\":{\"@id\":\"https:\/\/staging.varesenews.it\/#website\"},\"datePublished\":\"2003-11-22T00:00:00+00:00\",\"dateModified\":\"2003-11-22T00:00:00+00:00\",\"author\":{\"@id\":\"https:\/\/staging.varesenews.it\/#\/schema\/person\/fb20c4da0b7b16c291707a20db73e169\"},\"description\":\"Un viaggio della speranza per un bambino di cinque anni, \\\"adottato\\\" dall'associazione A.C.I.S.S., attiva a Mogadiscio\",\"breadcrumb\":{\"@id\":\"https:\/\/staging.varesenews.it\/2003\/11\/dalla-somalia-a-busto-per-capire-come-mai-mohammed-non-cammini\/266527\/#breadcrumb\"},\"inLanguage\":\"it-IT\",\"potentialAction\":[{\"@type\":\"ReadAction\",\"target\":[\"https:\/\/staging.varesenews.it\/2003\/11\/dalla-somalia-a-busto-per-capire-come-mai-mohammed-non-cammini\/266527\/\"]}]},{\"@type\":\"BreadcrumbList\",\"@id\":\"https:\/\/staging.varesenews.it\/2003\/11\/dalla-somalia-a-busto-per-capire-come-mai-mohammed-non-cammini\/266527\/#breadcrumb\",\"itemListElement\":[{\"@type\":\"ListItem\",\"position\":1,\"name\":\"Home\",\"item\":\"https:\/\/www.varesenews.it\/\"},{\"@type\":\"ListItem\",\"position\":2,\"name\":\"Dalla Somalia a Busto per capire come mai Mohammed non cammini\"}]},{\"@type\":\"WebSite\",\"@id\":\"https:\/\/staging.varesenews.it\/#website\",\"url\":\"https:\/\/staging.varesenews.it\/\",\"name\":\"VareseNews\",\"description\":\"\",\"potentialAction\":[{\"@type\":\"SearchAction\",\"target\":{\"@type\":\"EntryPoint\",\"urlTemplate\":\"https:\/\/staging.varesenews.it\/?s={search_term_string}\"},\"query-input\":\"required name=search_term_string\"}],\"inLanguage\":\"it-IT\"},{\"@type\":\"Person\",\"@id\":\"https:\/\/staging.varesenews.it\/#\/schema\/person\/fb20c4da0b7b16c291707a20db73e169\",\"name\":\"Redazione VareseNews\",\"image\":{\"@type\":\"ImageObject\",\"inLanguage\":\"it-IT\",\"@id\":\"https:\/\/staging.varesenews.it\/#\/schema\/person\/image\/\",\"url\":\"https:\/\/staging.varesenews.it\/wp-content\/uploads\/2020\/12\/logo_VN_colori_500.png\",\"contentUrl\":\"https:\/\/staging.varesenews.it\/wp-content\/uploads\/2020\/12\/logo_VN_colori_500.png\",\"caption\":\"Redazione VareseNews\"},\"url\":\"https:\/\/staging.varesenews.it\/persona\/redazione1\/\"}]}<\/script>\n<!-- \/ Yoast SEO plugin. -->","yoast_head_json":{"title":"Dalla Somalia a Busto per capire come mai Mohammed non cammini","description":"Un viaggio della speranza per un bambino di cinque anni, \"adottato\" dall'associazione A.C.I.S.S., attiva a Mogadiscio","robots":{"index":"noindex","follow":"follow","max-snippet":"max-snippet:-1","max-image-preview":"max-image-preview:large","max-video-preview":"max-video-preview:-1"},"og_locale":"it_IT","og_type":"article","og_title":"Dalla Somalia a Busto per capire come mai Mohammed non cammini","og_description":"Un viaggio della speranza per un bambino di cinque anni, \"adottato\" dall'associazione A.C.I.S.S., attiva a Mogadiscio","og_url":"https:\/\/staging.varesenews.it\/2003\/11\/dalla-somalia-a-busto-per-capire-come-mai-mohammed-non-cammini\/266527\/","og_site_name":"VareseNews","article_publisher":"https:\/\/www.facebook.com\/varesenews","article_published_time":"2003-11-22T00:00:00+00:00","author":"Redazione VareseNews","twitter_card":"summary_large_image","twitter_creator":"@varesenews","twitter_site":"@varesenews","twitter_misc":{"Scritto da":"Redazione VareseNews","Tempo di lettura stimato":"3 minuti"},"schema":{"@context":"https:\/\/schema.org","@graph":[{"@type":"WebPage","@id":"https:\/\/staging.varesenews.it\/2003\/11\/dalla-somalia-a-busto-per-capire-come-mai-mohammed-non-cammini\/266527\/","url":"https:\/\/staging.varesenews.it\/2003\/11\/dalla-somalia-a-busto-per-capire-come-mai-mohammed-non-cammini\/266527\/","name":"Dalla Somalia a Busto per capire come mai Mohammed non cammini","isPartOf":{"@id":"https:\/\/staging.varesenews.it\/#website"},"datePublished":"2003-11-22T00:00:00+00:00","dateModified":"2003-11-22T00:00:00+00:00","author":{"@id":"https:\/\/staging.varesenews.it\/#\/schema\/person\/fb20c4da0b7b16c291707a20db73e169"},"description":"Un viaggio della speranza per un bambino di cinque anni, \"adottato\" dall'associazione A.C.I.S.S., attiva a Mogadiscio","breadcrumb":{"@id":"https:\/\/staging.varesenews.it\/2003\/11\/dalla-somalia-a-busto-per-capire-come-mai-mohammed-non-cammini\/266527\/#breadcrumb"},"inLanguage":"it-IT","potentialAction":[{"@type":"ReadAction","target":["https:\/\/staging.varesenews.it\/2003\/11\/dalla-somalia-a-busto-per-capire-come-mai-mohammed-non-cammini\/266527\/"]}]},{"@type":"BreadcrumbList","@id":"https:\/\/staging.varesenews.it\/2003\/11\/dalla-somalia-a-busto-per-capire-come-mai-mohammed-non-cammini\/266527\/#breadcrumb","itemListElement":[{"@type":"ListItem","position":1,"name":"Home","item":"https:\/\/www.varesenews.it\/"},{"@type":"ListItem","position":2,"name":"Dalla Somalia a Busto per capire come mai Mohammed non cammini"}]},{"@type":"WebSite","@id":"https:\/\/staging.varesenews.it\/#website","url":"https:\/\/staging.varesenews.it\/","name":"VareseNews","description":"","potentialAction":[{"@type":"SearchAction","target":{"@type":"EntryPoint","urlTemplate":"https:\/\/staging.varesenews.it\/?s={search_term_string}"},"query-input":"required name=search_term_string"}],"inLanguage":"it-IT"},{"@type":"Person","@id":"https:\/\/staging.varesenews.it\/#\/schema\/person\/fb20c4da0b7b16c291707a20db73e169","name":"Redazione VareseNews","image":{"@type":"ImageObject","inLanguage":"it-IT","@id":"https:\/\/staging.varesenews.it\/#\/schema\/person\/image\/","url":"https:\/\/staging.varesenews.it\/wp-content\/uploads\/2020\/12\/logo_VN_colori_500.png","contentUrl":"https:\/\/staging.varesenews.it\/wp-content\/uploads\/2020\/12\/logo_VN_colori_500.png","caption":"Redazione VareseNews"},"url":"https:\/\/staging.varesenews.it\/persona\/redazione1\/"}]}},"post_meta":{"id_old":"34639","argomento":"Busto Arsizio","autore_old":"Alessandra Toni"},"photos":[],"_links":{"self":[{"href":"https:\/\/staging.varesenews.it\/swgapi\/v1\/wp\/v2\/posts\/266527"}],"collection":[{"href":"https:\/\/staging.varesenews.it\/swgapi\/v1\/wp\/v2\/posts"}],"about":[{"href":"https:\/\/staging.varesenews.it\/swgapi\/v1\/wp\/v2\/types\/post"}],"author":[{"embeddable":true,"href":"https:\/\/staging.varesenews.it\/swgapi\/v1\/wp\/v2\/users\/10"}],"replies":[{"embeddable":true,"href":"https:\/\/staging.varesenews.it\/swgapi\/v1\/wp\/v2\/comments?post=266527"}],"version-history":[{"count":0,"href":"https:\/\/staging.varesenews.it\/swgapi\/v1\/wp\/v2\/posts\/266527\/revisions"}],"wp:attachment":[{"href":"https:\/\/staging.varesenews.it\/swgapi\/v1\/wp\/v2\/media?parent=266527"}],"wp:term":[{"taxonomy":"category","embeddable":true,"href":"https:\/\/staging.varesenews.it\/swgapi\/v1\/wp\/v2\/categories?post=266527"},{"taxonomy":"post_tag","embeddable":true,"href":"https:\/\/staging.varesenews.it\/swgapi\/v1\/wp\/v2\/tags?post=266527"}],"curies":[{"name":"wp","href":"https:\/\/api.w.org\/{rel}","templated":true}]}}