{"id":266571,"date":"2003-11-18T00:00:00","date_gmt":"2003-11-18T00:00:00","guid":{"rendered":""},"modified":"2003-11-18T00:00:00","modified_gmt":"2003-11-18T00:00:00","slug":"i-musulmani-cercano-uno-spazio-per-il-ramadan","status":"publish","type":"post","link":"https:\/\/staging.varesenews.it\/2003\/11\/i-musulmani-cercano-uno-spazio-per-il-ramadan\/266571\/","title":{"rendered":"I musulmani cercano uno spazio per il ramadan"},"content":{"rendered":"<table height=\"120\" cellspacing=\"6\" cellpadding=\"0\" width=\"99%\" border=\"0\">\n<tbody>\n<tr>\n<td width=\"100%\" height=\"21\">\n<p class=\"MsoNormal\" align=\"left\"><font face=\"Arial\">\u00abCi manca una struttura dove celebrare il ramadan e che riesca a contenere un migliaio di persone. Ormai i tempi stringono e manca solo una settimana\u00bb. \u00c8 la richiesta dei musulmani del saronnese che hanno intenzione di recarsi in comune per cercare di trovare una soluzione al problema. \u00abCi rendiamo conto che non \u00e8 facile trovare una struttura tanto grande &#8211; spiega Sadok Ammami, tra i responsabili del centro islamico saronnese -. Negli spazi che abbiamo oggi a disposizione in via Maestri del lavoro, purtroppo non possiamo accogliere tutte le persone che vogliono commemorare la fine del ramadan\u00bb. Sadok sottolinea anche che \u00abanche un semplice capannone vuoto andrebbe benissimo, non abbiamo grosse pretese e ci impegniamo alle successive opere di pulizia\u00bb.<\/font><\/p>\n<p class=\"MsoNormal\" align=\"left\"><font face=\"Arial\">La fine del ramadan \u00e8 prevista tra il 23 e il 25 novembre. Il centro islamico saronnese, oggi \u00e8 molto attivo, tanto che ogni sera \u00e8 frequentato per le preghiere da circa 100-150 persone. In mancanza di una vera moschea gran parte dei mussulmani della zona fanno capo alla sede saronnese. Negli anni passati la comunit\u00e0 musulmana aveva utilizzato strutture gi\u00e0 presenti nella zona, ma il centro \u00e8 molto cresciuto e oggi vorrebbero usare qualcosa proprio a Saronno. Secondo il responsabile \u00abquesti incontri sono un&#8217;occasione per vedersi, incontrarsi, fare magari delle nuove amicizie. Ma l&#8217;aspetto religioso \u00e8 ovviamente quello principale. Il problema che ci preoccupa \u00e8 proprio quello di fine ramadan\u00bb.\u00a0<\/font><\/p>\n<\/td>\n<\/tr>\n<tr>\n<td width=\"100%\" height=\"21\">\n<p align=\"right\"><a href=\"mailto:manuel.sgarella@varesenews.it\"><font face=\"Arial\" size=\"2\"><font color=\"#ff0000\"><br \/><\/font><\/font><\/a><\/p>\n<\/td>\n<\/tr>\n<\/tbody>\n<\/table>\n","protected":false},"excerpt":{"rendered":"<p>Si prevedono mille persone per la celebrazione di fine digiuno<\/p>\n","protected":false},"author":10,"featured_media":0,"comment_status":"open","ping_status":"open","sticky":false,"template":"","format":"standard","meta":{"footnotes":""},"categories":[5],"tags":[],"acf":[],"yoast_head":"<!-- This site is optimized with the Yoast SEO plugin v20.1 - https:\/\/yoast.com\/wordpress\/plugins\/seo\/ -->\n<title>I musulmani cercano uno spazio per il ramadan<\/title>\n<meta name=\"description\" content=\"Si prevedono mille persone per la celebrazione di fine digiuno\" \/>\n<meta name=\"robots\" content=\"noindex, follow, max-snippet:-1, max-image-preview:large, max-video-preview:-1\" \/>\n<meta property=\"og:locale\" content=\"it_IT\" \/>\n<meta property=\"og:type\" content=\"article\" \/>\n<meta property=\"og:title\" content=\"I musulmani cercano uno spazio per il ramadan\" \/>\n<meta property=\"og:description\" content=\"Si prevedono mille persone per la celebrazione di fine digiuno\" \/>\n<meta property=\"og:url\" content=\"https:\/\/staging.varesenews.it\/2003\/11\/i-musulmani-cercano-uno-spazio-per-il-ramadan\/266571\/\" \/>\n<meta property=\"og:site_name\" content=\"VareseNews\" \/>\n<meta property=\"article:publisher\" content=\"https:\/\/www.facebook.com\/varesenews\" \/>\n<meta property=\"article:published_time\" content=\"2003-11-18T00:00:00+00:00\" \/>\n<meta name=\"author\" content=\"Redazione VareseNews\" \/>\n<meta name=\"twitter:card\" content=\"summary_large_image\" \/>\n<meta name=\"twitter:creator\" content=\"@varesenews\" \/>\n<meta name=\"twitter:site\" content=\"@varesenews\" \/>\n<meta name=\"twitter:label1\" content=\"Scritto da\" \/>\n\t<meta name=\"twitter:data1\" content=\"Redazione VareseNews\" \/>\n\t<meta name=\"twitter:label2\" content=\"Tempo di lettura stimato\" \/>\n\t<meta name=\"twitter:data2\" content=\"1 minuto\" \/>\n<script type=\"application\/ld+json\" class=\"yoast-schema-graph\">{\"@context\":\"https:\/\/schema.org\",\"@graph\":[{\"@type\":\"WebPage\",\"@id\":\"https:\/\/staging.varesenews.it\/2003\/11\/i-musulmani-cercano-uno-spazio-per-il-ramadan\/266571\/\",\"url\":\"https:\/\/staging.varesenews.it\/2003\/11\/i-musulmani-cercano-uno-spazio-per-il-ramadan\/266571\/\",\"name\":\"I musulmani cercano uno spazio per il ramadan\",\"isPartOf\":{\"@id\":\"https:\/\/staging.varesenews.it\/#website\"},\"datePublished\":\"2003-11-18T00:00:00+00:00\",\"dateModified\":\"2003-11-18T00:00:00+00:00\",\"author\":{\"@id\":\"https:\/\/staging.varesenews.it\/#\/schema\/person\/fb20c4da0b7b16c291707a20db73e169\"},\"description\":\"Si prevedono mille persone per la celebrazione di fine digiuno\",\"breadcrumb\":{\"@id\":\"https:\/\/staging.varesenews.it\/2003\/11\/i-musulmani-cercano-uno-spazio-per-il-ramadan\/266571\/#breadcrumb\"},\"inLanguage\":\"it-IT\",\"potentialAction\":[{\"@type\":\"ReadAction\",\"target\":[\"https:\/\/staging.varesenews.it\/2003\/11\/i-musulmani-cercano-uno-spazio-per-il-ramadan\/266571\/\"]}]},{\"@type\":\"BreadcrumbList\",\"@id\":\"https:\/\/staging.varesenews.it\/2003\/11\/i-musulmani-cercano-uno-spazio-per-il-ramadan\/266571\/#breadcrumb\",\"itemListElement\":[{\"@type\":\"ListItem\",\"position\":1,\"name\":\"Home\",\"item\":\"https:\/\/www.varesenews.it\/\"},{\"@type\":\"ListItem\",\"position\":2,\"name\":\"I musulmani cercano uno spazio per il ramadan\"}]},{\"@type\":\"WebSite\",\"@id\":\"https:\/\/staging.varesenews.it\/#website\",\"url\":\"https:\/\/staging.varesenews.it\/\",\"name\":\"VareseNews\",\"description\":\"\",\"potentialAction\":[{\"@type\":\"SearchAction\",\"target\":{\"@type\":\"EntryPoint\",\"urlTemplate\":\"https:\/\/staging.varesenews.it\/?s={search_term_string}\"},\"query-input\":\"required name=search_term_string\"}],\"inLanguage\":\"it-IT\"},{\"@type\":\"Person\",\"@id\":\"https:\/\/staging.varesenews.it\/#\/schema\/person\/fb20c4da0b7b16c291707a20db73e169\",\"name\":\"Redazione VareseNews\",\"image\":{\"@type\":\"ImageObject\",\"inLanguage\":\"it-IT\",\"@id\":\"https:\/\/staging.varesenews.it\/#\/schema\/person\/image\/\",\"url\":\"https:\/\/staging.varesenews.it\/wp-content\/uploads\/2020\/12\/logo_VN_colori_500.png\",\"contentUrl\":\"https:\/\/staging.varesenews.it\/wp-content\/uploads\/2020\/12\/logo_VN_colori_500.png\",\"caption\":\"Redazione VareseNews\"},\"url\":\"https:\/\/staging.varesenews.it\/persona\/redazione1\/\"}]}<\/script>\n<!-- \/ Yoast SEO plugin. -->","yoast_head_json":{"title":"I musulmani cercano uno spazio per il ramadan","description":"Si prevedono mille persone per la celebrazione di fine digiuno","robots":{"index":"noindex","follow":"follow","max-snippet":"max-snippet:-1","max-image-preview":"max-image-preview:large","max-video-preview":"max-video-preview:-1"},"og_locale":"it_IT","og_type":"article","og_title":"I musulmani cercano uno spazio per il ramadan","og_description":"Si prevedono mille persone per la celebrazione di fine digiuno","og_url":"https:\/\/staging.varesenews.it\/2003\/11\/i-musulmani-cercano-uno-spazio-per-il-ramadan\/266571\/","og_site_name":"VareseNews","article_publisher":"https:\/\/www.facebook.com\/varesenews","article_published_time":"2003-11-18T00:00:00+00:00","author":"Redazione VareseNews","twitter_card":"summary_large_image","twitter_creator":"@varesenews","twitter_site":"@varesenews","twitter_misc":{"Scritto da":"Redazione VareseNews","Tempo di lettura stimato":"1 minuto"},"schema":{"@context":"https:\/\/schema.org","@graph":[{"@type":"WebPage","@id":"https:\/\/staging.varesenews.it\/2003\/11\/i-musulmani-cercano-uno-spazio-per-il-ramadan\/266571\/","url":"https:\/\/staging.varesenews.it\/2003\/11\/i-musulmani-cercano-uno-spazio-per-il-ramadan\/266571\/","name":"I musulmani cercano uno spazio per il ramadan","isPartOf":{"@id":"https:\/\/staging.varesenews.it\/#website"},"datePublished":"2003-11-18T00:00:00+00:00","dateModified":"2003-11-18T00:00:00+00:00","author":{"@id":"https:\/\/staging.varesenews.it\/#\/schema\/person\/fb20c4da0b7b16c291707a20db73e169"},"description":"Si prevedono mille persone per la celebrazione di fine digiuno","breadcrumb":{"@id":"https:\/\/staging.varesenews.it\/2003\/11\/i-musulmani-cercano-uno-spazio-per-il-ramadan\/266571\/#breadcrumb"},"inLanguage":"it-IT","potentialAction":[{"@type":"ReadAction","target":["https:\/\/staging.varesenews.it\/2003\/11\/i-musulmani-cercano-uno-spazio-per-il-ramadan\/266571\/"]}]},{"@type":"BreadcrumbList","@id":"https:\/\/staging.varesenews.it\/2003\/11\/i-musulmani-cercano-uno-spazio-per-il-ramadan\/266571\/#breadcrumb","itemListElement":[{"@type":"ListItem","position":1,"name":"Home","item":"https:\/\/www.varesenews.it\/"},{"@type":"ListItem","position":2,"name":"I musulmani cercano uno spazio per il ramadan"}]},{"@type":"WebSite","@id":"https:\/\/staging.varesenews.it\/#website","url":"https:\/\/staging.varesenews.it\/","name":"VareseNews","description":"","potentialAction":[{"@type":"SearchAction","target":{"@type":"EntryPoint","urlTemplate":"https:\/\/staging.varesenews.it\/?s={search_term_string}"},"query-input":"required name=search_term_string"}],"inLanguage":"it-IT"},{"@type":"Person","@id":"https:\/\/staging.varesenews.it\/#\/schema\/person\/fb20c4da0b7b16c291707a20db73e169","name":"Redazione VareseNews","image":{"@type":"ImageObject","inLanguage":"it-IT","@id":"https:\/\/staging.varesenews.it\/#\/schema\/person\/image\/","url":"https:\/\/staging.varesenews.it\/wp-content\/uploads\/2020\/12\/logo_VN_colori_500.png","contentUrl":"https:\/\/staging.varesenews.it\/wp-content\/uploads\/2020\/12\/logo_VN_colori_500.png","caption":"Redazione VareseNews"},"url":"https:\/\/staging.varesenews.it\/persona\/redazione1\/"}]}},"post_meta":{"id_old":"34592","argomento":"Saronno","autore_old":"M.S."},"photos":[],"_links":{"self":[{"href":"https:\/\/staging.varesenews.it\/swgapi\/v1\/wp\/v2\/posts\/266571"}],"collection":[{"href":"https:\/\/staging.varesenews.it\/swgapi\/v1\/wp\/v2\/posts"}],"about":[{"href":"https:\/\/staging.varesenews.it\/swgapi\/v1\/wp\/v2\/types\/post"}],"author":[{"embeddable":true,"href":"https:\/\/staging.varesenews.it\/swgapi\/v1\/wp\/v2\/users\/10"}],"replies":[{"embeddable":true,"href":"https:\/\/staging.varesenews.it\/swgapi\/v1\/wp\/v2\/comments?post=266571"}],"version-history":[{"count":0,"href":"https:\/\/staging.varesenews.it\/swgapi\/v1\/wp\/v2\/posts\/266571\/revisions"}],"wp:attachment":[{"href":"https:\/\/staging.varesenews.it\/swgapi\/v1\/wp\/v2\/media?parent=266571"}],"wp:term":[{"taxonomy":"category","embeddable":true,"href":"https:\/\/staging.varesenews.it\/swgapi\/v1\/wp\/v2\/categories?post=266571"},{"taxonomy":"post_tag","embeddable":true,"href":"https:\/\/staging.varesenews.it\/swgapi\/v1\/wp\/v2\/tags?post=266571"}],"curies":[{"name":"wp","href":"https:\/\/api.w.org\/{rel}","templated":true}]}}