{"id":266690,"date":"2003-11-06T00:00:00","date_gmt":"2003-11-06T00:00:00","guid":{"rendered":""},"modified":"2003-11-06T00:00:00","modified_gmt":"2003-11-06T00:00:00","slug":"incidente-nella-notte-sulla-a-8-due-feriti","status":"publish","type":"post","link":"https:\/\/staging.varesenews.it\/2003\/11\/incidente-nella-notte-sulla-a-8-due-feriti\/266690\/","title":{"rendered":"Incidente nella notte sulla A-8, due feriti"},"content":{"rendered":"<table height=\"120\" cellspacing=\"6\" cellpadding=\"0\" width=\"99%\" border=\"0\">\n<tbody>\n<tr>\n<td width=\"100%\" height=\"21\">\n<p class=\"MsoNormal\" align=\"left\"><font face=\"Arial\">Due feriti e un&#8217;auto completamente distrutta sono il bilancio di un incidente stradale avvenuto lungo l&#8217;autostrada A-8, all&#8217;altezza del bivio con la A26 attorno alle 3 di questa notte.<br \/>A farne le spese due dei giovani presenti nell&#8217;auto, un ragazzo di 26 anni e uno di 28, trasportati in ambulanza al pronto soccorso dell&#8217;ospedale di Gallarate. Fortunatamente nessun altro veicolo \u00e8 rimasto coinvolto nello scontro.<\/font><\/p>\n<p class=\"MsoNormal\" align=\"left\"><font face=\"Arial\">Altri incidenti stradali sono da segnalare nel corso della giornata di ieri, mercoled\u00ec 5 novembre. A Varese\u00a0 un giovane di 16 anni \u00e8 rimasto coinvolto in un incidente stradale in via Manin; il ragazzo era a bordo del suo motorino, un&#8217;auto \u00e8 coinvolta nell&#8217;incidente. Il fatto \u00e8 avvenuto attorno alle 19.45.<br \/>Altri due feriti sulle strade sono da segnalare a distanza di qualche decina di minuti l&#8217;uno dall&#8217;altro.\u00a0<br \/>Attorno alle 20.35 un uomo \u00e8 rimasto ferito in modo grave a causa dello scoppio di un pneumatico dell&#8217;auto che stava guidando. Il fatto \u00e8 avvenuto in via Pegoraro attorno alle 20.30 a Gallarate; l&#8217;uomo \u00e8 stato trasportato all&#8217;ospedale cittadino.<br \/>L&#8217;ultimo sinistro della catena di incidenti si verificato a Busto Arsizio in via Boccaccio. Un motociclista di 24 anni \u00e8 stato vittima di un incidente con un&#8217;auto attorno alle 19.10 subendo ferite lievi che hanno per\u00f2 reso necessario il trasporto al pronto soccorso di Busto Arsizio.<\/font><\/p>\n<\/td>\n<\/tr>\n<tr>\n<td width=\"100%\" height=\"21\">\n<p align=\"right\"><\/p>\n<\/td>\n<\/tr>\n<\/tbody>\n<\/table>\n","protected":false},"excerpt":{"rendered":"<p>Un&#8217;auto perde il controllo e finisce contro il guard rail. Altri incidenti nella giornata di ieri<\/p>\n","protected":false},"author":10,"featured_media":0,"comment_status":"open","ping_status":"open","sticky":false,"template":"","format":"standard","meta":{"footnotes":""},"categories":[3],"tags":[],"acf":[],"yoast_head":"<!-- This site is optimized with the Yoast SEO plugin v20.1 - https:\/\/yoast.com\/wordpress\/plugins\/seo\/ -->\n<title>Incidente nella notte sulla A-8, due feriti<\/title>\n<meta name=\"description\" content=\"Un&#039;auto perde il controllo e finisce contro il guard rail. Altri incidenti nella giornata di ieri\" \/>\n<meta name=\"robots\" content=\"noindex, follow, max-snippet:-1, max-image-preview:large, max-video-preview:-1\" \/>\n<meta property=\"og:locale\" content=\"it_IT\" \/>\n<meta property=\"og:type\" content=\"article\" \/>\n<meta property=\"og:title\" content=\"Incidente nella notte sulla A-8, due feriti\" \/>\n<meta property=\"og:description\" content=\"Un&#039;auto perde il controllo e finisce contro il guard rail. Altri incidenti nella giornata di ieri\" \/>\n<meta property=\"og:url\" content=\"https:\/\/staging.varesenews.it\/2003\/11\/incidente-nella-notte-sulla-a-8-due-feriti\/266690\/\" \/>\n<meta property=\"og:site_name\" content=\"VareseNews\" \/>\n<meta property=\"article:publisher\" content=\"https:\/\/www.facebook.com\/varesenews\" \/>\n<meta property=\"article:published_time\" content=\"2003-11-06T00:00:00+00:00\" \/>\n<meta name=\"author\" content=\"Redazione VareseNews\" \/>\n<meta name=\"twitter:card\" content=\"summary_large_image\" \/>\n<meta name=\"twitter:creator\" content=\"@varesenews\" \/>\n<meta name=\"twitter:site\" content=\"@varesenews\" \/>\n<meta name=\"twitter:label1\" content=\"Scritto da\" \/>\n\t<meta name=\"twitter:data1\" content=\"Redazione VareseNews\" \/>\n\t<meta name=\"twitter:label2\" content=\"Tempo di lettura stimato\" \/>\n\t<meta name=\"twitter:data2\" content=\"1 minuto\" \/>\n<script type=\"application\/ld+json\" class=\"yoast-schema-graph\">{\"@context\":\"https:\/\/schema.org\",\"@graph\":[{\"@type\":\"WebPage\",\"@id\":\"https:\/\/staging.varesenews.it\/2003\/11\/incidente-nella-notte-sulla-a-8-due-feriti\/266690\/\",\"url\":\"https:\/\/staging.varesenews.it\/2003\/11\/incidente-nella-notte-sulla-a-8-due-feriti\/266690\/\",\"name\":\"Incidente nella notte sulla A-8, due feriti\",\"isPartOf\":{\"@id\":\"https:\/\/staging.varesenews.it\/#website\"},\"datePublished\":\"2003-11-06T00:00:00+00:00\",\"dateModified\":\"2003-11-06T00:00:00+00:00\",\"author\":{\"@id\":\"https:\/\/staging.varesenews.it\/#\/schema\/person\/fb20c4da0b7b16c291707a20db73e169\"},\"description\":\"Un'auto perde il controllo e finisce contro il guard rail. Altri incidenti nella giornata di ieri\",\"breadcrumb\":{\"@id\":\"https:\/\/staging.varesenews.it\/2003\/11\/incidente-nella-notte-sulla-a-8-due-feriti\/266690\/#breadcrumb\"},\"inLanguage\":\"it-IT\",\"potentialAction\":[{\"@type\":\"ReadAction\",\"target\":[\"https:\/\/staging.varesenews.it\/2003\/11\/incidente-nella-notte-sulla-a-8-due-feriti\/266690\/\"]}]},{\"@type\":\"BreadcrumbList\",\"@id\":\"https:\/\/staging.varesenews.it\/2003\/11\/incidente-nella-notte-sulla-a-8-due-feriti\/266690\/#breadcrumb\",\"itemListElement\":[{\"@type\":\"ListItem\",\"position\":1,\"name\":\"Home\",\"item\":\"https:\/\/www.varesenews.it\/\"},{\"@type\":\"ListItem\",\"position\":2,\"name\":\"Incidente nella notte sulla A-8, due feriti\"}]},{\"@type\":\"WebSite\",\"@id\":\"https:\/\/staging.varesenews.it\/#website\",\"url\":\"https:\/\/staging.varesenews.it\/\",\"name\":\"VareseNews\",\"description\":\"\",\"potentialAction\":[{\"@type\":\"SearchAction\",\"target\":{\"@type\":\"EntryPoint\",\"urlTemplate\":\"https:\/\/staging.varesenews.it\/?s={search_term_string}\"},\"query-input\":\"required name=search_term_string\"}],\"inLanguage\":\"it-IT\"},{\"@type\":\"Person\",\"@id\":\"https:\/\/staging.varesenews.it\/#\/schema\/person\/fb20c4da0b7b16c291707a20db73e169\",\"name\":\"Redazione VareseNews\",\"image\":{\"@type\":\"ImageObject\",\"inLanguage\":\"it-IT\",\"@id\":\"https:\/\/staging.varesenews.it\/#\/schema\/person\/image\/\",\"url\":\"https:\/\/staging.varesenews.it\/wp-content\/uploads\/2020\/12\/logo_VN_colori_500.png\",\"contentUrl\":\"https:\/\/staging.varesenews.it\/wp-content\/uploads\/2020\/12\/logo_VN_colori_500.png\",\"caption\":\"Redazione VareseNews\"},\"url\":\"https:\/\/staging.varesenews.it\/persona\/redazione1\/\"}]}<\/script>\n<!-- \/ Yoast SEO plugin. -->","yoast_head_json":{"title":"Incidente nella notte sulla A-8, due feriti","description":"Un'auto perde il controllo e finisce contro il guard rail. Altri incidenti nella giornata di ieri","robots":{"index":"noindex","follow":"follow","max-snippet":"max-snippet:-1","max-image-preview":"max-image-preview:large","max-video-preview":"max-video-preview:-1"},"og_locale":"it_IT","og_type":"article","og_title":"Incidente nella notte sulla A-8, due feriti","og_description":"Un'auto perde il controllo e finisce contro il guard rail. Altri incidenti nella giornata di ieri","og_url":"https:\/\/staging.varesenews.it\/2003\/11\/incidente-nella-notte-sulla-a-8-due-feriti\/266690\/","og_site_name":"VareseNews","article_publisher":"https:\/\/www.facebook.com\/varesenews","article_published_time":"2003-11-06T00:00:00+00:00","author":"Redazione VareseNews","twitter_card":"summary_large_image","twitter_creator":"@varesenews","twitter_site":"@varesenews","twitter_misc":{"Scritto da":"Redazione VareseNews","Tempo di lettura stimato":"1 minuto"},"schema":{"@context":"https:\/\/schema.org","@graph":[{"@type":"WebPage","@id":"https:\/\/staging.varesenews.it\/2003\/11\/incidente-nella-notte-sulla-a-8-due-feriti\/266690\/","url":"https:\/\/staging.varesenews.it\/2003\/11\/incidente-nella-notte-sulla-a-8-due-feriti\/266690\/","name":"Incidente nella notte sulla A-8, due feriti","isPartOf":{"@id":"https:\/\/staging.varesenews.it\/#website"},"datePublished":"2003-11-06T00:00:00+00:00","dateModified":"2003-11-06T00:00:00+00:00","author":{"@id":"https:\/\/staging.varesenews.it\/#\/schema\/person\/fb20c4da0b7b16c291707a20db73e169"},"description":"Un'auto perde il controllo e finisce contro il guard rail. Altri incidenti nella giornata di ieri","breadcrumb":{"@id":"https:\/\/staging.varesenews.it\/2003\/11\/incidente-nella-notte-sulla-a-8-due-feriti\/266690\/#breadcrumb"},"inLanguage":"it-IT","potentialAction":[{"@type":"ReadAction","target":["https:\/\/staging.varesenews.it\/2003\/11\/incidente-nella-notte-sulla-a-8-due-feriti\/266690\/"]}]},{"@type":"BreadcrumbList","@id":"https:\/\/staging.varesenews.it\/2003\/11\/incidente-nella-notte-sulla-a-8-due-feriti\/266690\/#breadcrumb","itemListElement":[{"@type":"ListItem","position":1,"name":"Home","item":"https:\/\/www.varesenews.it\/"},{"@type":"ListItem","position":2,"name":"Incidente nella notte sulla A-8, due feriti"}]},{"@type":"WebSite","@id":"https:\/\/staging.varesenews.it\/#website","url":"https:\/\/staging.varesenews.it\/","name":"VareseNews","description":"","potentialAction":[{"@type":"SearchAction","target":{"@type":"EntryPoint","urlTemplate":"https:\/\/staging.varesenews.it\/?s={search_term_string}"},"query-input":"required name=search_term_string"}],"inLanguage":"it-IT"},{"@type":"Person","@id":"https:\/\/staging.varesenews.it\/#\/schema\/person\/fb20c4da0b7b16c291707a20db73e169","name":"Redazione VareseNews","image":{"@type":"ImageObject","inLanguage":"it-IT","@id":"https:\/\/staging.varesenews.it\/#\/schema\/person\/image\/","url":"https:\/\/staging.varesenews.it\/wp-content\/uploads\/2020\/12\/logo_VN_colori_500.png","contentUrl":"https:\/\/staging.varesenews.it\/wp-content\/uploads\/2020\/12\/logo_VN_colori_500.png","caption":"Redazione VareseNews"},"url":"https:\/\/staging.varesenews.it\/persona\/redazione1\/"}]}},"post_meta":{"id_old":"34463","argomento":"Gallarate"},"photos":[],"_links":{"self":[{"href":"https:\/\/staging.varesenews.it\/swgapi\/v1\/wp\/v2\/posts\/266690"}],"collection":[{"href":"https:\/\/staging.varesenews.it\/swgapi\/v1\/wp\/v2\/posts"}],"about":[{"href":"https:\/\/staging.varesenews.it\/swgapi\/v1\/wp\/v2\/types\/post"}],"author":[{"embeddable":true,"href":"https:\/\/staging.varesenews.it\/swgapi\/v1\/wp\/v2\/users\/10"}],"replies":[{"embeddable":true,"href":"https:\/\/staging.varesenews.it\/swgapi\/v1\/wp\/v2\/comments?post=266690"}],"version-history":[{"count":0,"href":"https:\/\/staging.varesenews.it\/swgapi\/v1\/wp\/v2\/posts\/266690\/revisions"}],"wp:attachment":[{"href":"https:\/\/staging.varesenews.it\/swgapi\/v1\/wp\/v2\/media?parent=266690"}],"wp:term":[{"taxonomy":"category","embeddable":true,"href":"https:\/\/staging.varesenews.it\/swgapi\/v1\/wp\/v2\/categories?post=266690"},{"taxonomy":"post_tag","embeddable":true,"href":"https:\/\/staging.varesenews.it\/swgapi\/v1\/wp\/v2\/tags?post=266690"}],"curies":[{"name":"wp","href":"https:\/\/api.w.org\/{rel}","templated":true}]}}