{"id":266772,"date":"2003-10-25T00:00:00","date_gmt":"2003-10-25T00:00:00","guid":{"rendered":""},"modified":"2003-10-25T00:00:00","modified_gmt":"2003-10-25T00:00:00","slug":"un-emozione-azzurra-tra-le-strade-di-new-york","status":"publish","type":"post","link":"https:\/\/staging.varesenews.it\/2003\/10\/un-emozione-azzurra-tra-le-strade-di-new-york\/266772\/","title":{"rendered":"Un&#8217;emozione azzurra tra le strade di New York"},"content":{"rendered":"<p><font face=\"arial,helvetica,sans-serif\">Il 1 novembre davanti al Palazzo di Vetro dell&#8217;Onu, in occasione del <b>Family Run<\/b> (\u00e8 lo storico appuntamento che anticipa l&#8217;evento della maratona, e raccoglie tutti i gruppi presenti alla corsa americana in rappresentanza ognuno del proprio paese di provenienza ndr) ci sar\u00e0 anche una macchia azzurra composta da ottanta maratoneti italiani, presenti grazie al gruppo <b>LeMarmotte<\/b>, guidate per l&#8217;occasione da <b>Silvano<\/b> <b>Mezzenzana<\/b>. L&#8217;imprenditore lombardo, cinquanta anni, \u00e8 uno dei cinque soci del gruppo organizzatore di viaggi ed eventi, ma anche appassionato e corridore ormai di lunga data con alle spalle un buon numero di prove sulla mitica distanza dei 42 chilometri.\u00a0<\/font><\/p>\n<p><font face=\"arial,helvetica,sans-serif\"><b>Mezzenzana, imprenditore e corridore, da quanto tempo si dedica alla corsa e come \u00e8 iniziata questa passione?<\/b><br \/>\u00abDa ragazzo avevo gi\u00e0 fatto qualcosa, poi gli impegni familiari, il lavoro, e qualche problema fisico, mi avevano allontanato da questa disciplina. Improvvisamente per\u00f2, sette anni fa ho avuto una sorta di folgorazione: mi trovavo sulla spiaggia di Varadero a Cuba, sar\u00e0 stato l\u2019ambiente, il clima, mi sono detto, quasi quasi domani vado a correre e tutto \u00e8 ricominciato\u00bb.<\/font><\/p>\n<p><b><font face=\"arial,helvetica,sans-serif\">Dal correre sulla spiaggia a fare la maratona per\u00f2 ne passa?<\/font><\/b><br \/><font face=\"arial,helvetica,sans-serif\">\u00abNello sport, anche amatoriale, come nella vita ci vogliono delle mete da raggiungere, fare la maratona \u00e8 diventato il mio obiettivo. Nel 1998 l\u2019ho prontamente realizzato partecipando a quella di New York. Un inizio niente male anche dal punto di vista del risultato: meno di tre ore e trenta minuti\u00bb<\/font><font face=\"arial,helvetica,sans-serif\">. Non mi sono pi\u00f9 fermato: da allora ho corso 11 prove sui 42 chilometri: Praga, Milano (di cui conserva il pettorale n 638 incollato sul suo portatile ndr), Venezia, Torino, Trieste e Assisi, la prima che il nostro gruppo ha sponsorizzato e sostenuto\u00bb. <\/font><\/p>\n<p><b><font face=\"arial,helvetica,sans-serif\"><\/font><\/b><font face=\"arial,helvetica,sans-serif\"><b>A proposito di questo, come fa conciliare lavoro e passione, e soprattutto come \u00e8 nata l\u2019idea di entrare nel mondo dell\u2019atletica e dello sport in generale?<\/b><br \/>\u00abConciliare le due situazione all\u2019inizio non era semplice, anche oggi riesco ad allenarmi non pi\u00f9 di due volte in settimana, pi\u00f9 il sabato o la domenica. Per\u00f2 da questa passione \u00e8 partita l\u2019idea di entrare come sponsor e poi promotore di viaggi ed eventi legati all\u2019atletica\u00bb.<br \/><\/font><\/p>\n<p><font face=\"arial,helvetica,sans-serif\"><b>Portate gente alle Maratone in tutto il mondo, e ora siete partner della Nazionale di calcio, qual \u00e8 il senso di questo impegno, oltre al marketing?<\/b><br \/>\u00abL\u2019atletica, il podismo in particolare, ci sono sembrati un veicolo interessante dei valori in cui noi crediamo perch\u00e9 si ricollega alla fatica, l\u2019impegno e al sudore che ci mettiamo anche nel lavoro. Non \u00e8 quindi solo una scelta commerciale. Ci crediamo molto\u00bb. <\/font><\/p>\n<p><font face=\"arial,helvetica,sans-serif\"><b>Tra gli eventi in cui eravate presenti ci sono il Campionato Italiano di atletica, la prima e unica\u00a0 Maratona di Assisi nel 2000. Quali sono i vostri prossimi obbiettivi<\/b>?<br \/>\u00abL\u2019idea \u00e8 quella di creare sempre pi\u00f9 eventi e manifestazioni legati a questa disciplina. Vogliamo portare le famiglie non solo a New York , ma anche ad Atene, Praga, Rotterdam, Copenaghen. Non solo per correre, perch\u00e9 con il fit walking (camminare a passo sostenuto ndr) tutti possono cimentarsi su queste distanze. Tutti dovrebbero poter vivere le emozioni di passare tra i ponti, le strade e la folla che ti incita ogni dieci metri\u00bb. <\/font><\/p>\n<p><font face=\"arial,helvetica,sans-serif\"><b>Oltre alle Maratone quali altri eventi avete intenzione di promuovere?<\/b><br \/>\u00abL\u2019obiettivo \u00e8 di coniugare sport, tempo libero e turismo. Ad esempio per il 2004 abbiamo organizzato un ryde fit walking con i camper tra le Langhe ( in collaborazione con i fratelli DaMilano, ex marciatori azzurri ndr). Tre camminano e uno guida: un viaggio tra fatica, divertimento ed enogastronomia. Per quanto riguarda le nazionali azzurre (non solo calcio ma anche rugby, basket e volley) parte a Ischia ( dove \u00e8 in programma una Convetion aziendale) il club &quot;<b>emozioni azzurre<\/b>&quot; che vuole fare della maglia il simbolo dello sport azzurro\u00bb. <\/font><\/p>\n<p><font face=\"arial,helvetica,sans-serif\"><b>Concludiamo parlando della Maratona di New York del prossimo 2 novembre, cosa si aspetta da questa sua seconda volta?<\/b><br \/>\u00abPrima di tutto migliorare il mio tempo rispetto alla partecipazione del 1998 (3 ore e 29 minuti ndr) anche se ho un personale di 3 e 12. Ma soprattutto di riprovare le emozioni che solo la gente della Grande Mela sa trasmettere\u00bb.<\/font><\/p>\n","protected":false},"excerpt":{"rendered":"<p>Tra le migliaia di podisti, pronti a invadere la Grande Mela, ci saranno 80 corridori con le magliette azzurre del gruppo<br \/>\nLe Marmotte a colorare la citt\u00e0 americana<\/p>\n","protected":false},"author":10,"featured_media":0,"comment_status":"open","ping_status":"open","sticky":false,"template":"","format":"standard","meta":{"footnotes":""},"categories":[4],"tags":[],"acf":[],"yoast_head":"<!-- This site is optimized with the Yoast SEO plugin v20.1 - https:\/\/yoast.com\/wordpress\/plugins\/seo\/ -->\n<title>Un&#039;emozione azzurra tra le strade di New York<\/title>\n<meta name=\"description\" content=\"Tra le migliaia di podisti, pronti a invadere la Grande Mela, ci saranno 80 corridori con le magliette azzurre del gruppo  Le Marmotte a colorare la citt\u00e0 americana\" \/>\n<meta name=\"robots\" content=\"noindex, follow, max-snippet:-1, max-image-preview:large, max-video-preview:-1\" \/>\n<meta property=\"og:locale\" content=\"it_IT\" \/>\n<meta property=\"og:type\" content=\"article\" \/>\n<meta property=\"og:title\" content=\"Un&#039;emozione azzurra tra le strade di New York\" \/>\n<meta property=\"og:description\" content=\"Tra le migliaia di podisti, pronti a invadere la Grande Mela, ci saranno 80 corridori con le magliette azzurre del gruppo  Le Marmotte a colorare la citt\u00e0 americana\" \/>\n<meta property=\"og:url\" content=\"https:\/\/staging.varesenews.it\/2003\/10\/un-emozione-azzurra-tra-le-strade-di-new-york\/266772\/\" \/>\n<meta property=\"og:site_name\" content=\"VareseNews\" \/>\n<meta property=\"article:publisher\" content=\"https:\/\/www.facebook.com\/varesenews\" \/>\n<meta property=\"article:published_time\" content=\"2003-10-25T00:00:00+00:00\" \/>\n<meta name=\"author\" content=\"Redazione VareseNews\" \/>\n<meta name=\"twitter:card\" content=\"summary_large_image\" \/>\n<meta name=\"twitter:creator\" content=\"@varesenews\" \/>\n<meta name=\"twitter:site\" content=\"@varesenews\" \/>\n<meta name=\"twitter:label1\" content=\"Scritto da\" \/>\n\t<meta name=\"twitter:data1\" content=\"Redazione VareseNews\" \/>\n\t<meta name=\"twitter:label2\" content=\"Tempo di lettura stimato\" \/>\n\t<meta name=\"twitter:data2\" content=\"3 minuti\" \/>\n<script type=\"application\/ld+json\" class=\"yoast-schema-graph\">{\"@context\":\"https:\/\/schema.org\",\"@graph\":[{\"@type\":\"WebPage\",\"@id\":\"https:\/\/staging.varesenews.it\/2003\/10\/un-emozione-azzurra-tra-le-strade-di-new-york\/266772\/\",\"url\":\"https:\/\/staging.varesenews.it\/2003\/10\/un-emozione-azzurra-tra-le-strade-di-new-york\/266772\/\",\"name\":\"Un'emozione azzurra tra le strade di New York\",\"isPartOf\":{\"@id\":\"https:\/\/staging.varesenews.it\/#website\"},\"datePublished\":\"2003-10-25T00:00:00+00:00\",\"dateModified\":\"2003-10-25T00:00:00+00:00\",\"author\":{\"@id\":\"https:\/\/staging.varesenews.it\/#\/schema\/person\/fb20c4da0b7b16c291707a20db73e169\"},\"description\":\"Tra le migliaia di podisti, pronti a invadere la Grande Mela, ci saranno 80 corridori con le magliette azzurre del gruppo Le Marmotte a colorare la citt\u00e0 americana\",\"breadcrumb\":{\"@id\":\"https:\/\/staging.varesenews.it\/2003\/10\/un-emozione-azzurra-tra-le-strade-di-new-york\/266772\/#breadcrumb\"},\"inLanguage\":\"it-IT\",\"potentialAction\":[{\"@type\":\"ReadAction\",\"target\":[\"https:\/\/staging.varesenews.it\/2003\/10\/un-emozione-azzurra-tra-le-strade-di-new-york\/266772\/\"]}]},{\"@type\":\"BreadcrumbList\",\"@id\":\"https:\/\/staging.varesenews.it\/2003\/10\/un-emozione-azzurra-tra-le-strade-di-new-york\/266772\/#breadcrumb\",\"itemListElement\":[{\"@type\":\"ListItem\",\"position\":1,\"name\":\"Home\",\"item\":\"https:\/\/www.varesenews.it\/\"},{\"@type\":\"ListItem\",\"position\":2,\"name\":\"Un&#8217;emozione azzurra tra le strade di New York\"}]},{\"@type\":\"WebSite\",\"@id\":\"https:\/\/staging.varesenews.it\/#website\",\"url\":\"https:\/\/staging.varesenews.it\/\",\"name\":\"VareseNews\",\"description\":\"\",\"potentialAction\":[{\"@type\":\"SearchAction\",\"target\":{\"@type\":\"EntryPoint\",\"urlTemplate\":\"https:\/\/staging.varesenews.it\/?s={search_term_string}\"},\"query-input\":\"required name=search_term_string\"}],\"inLanguage\":\"it-IT\"},{\"@type\":\"Person\",\"@id\":\"https:\/\/staging.varesenews.it\/#\/schema\/person\/fb20c4da0b7b16c291707a20db73e169\",\"name\":\"Redazione VareseNews\",\"image\":{\"@type\":\"ImageObject\",\"inLanguage\":\"it-IT\",\"@id\":\"https:\/\/staging.varesenews.it\/#\/schema\/person\/image\/\",\"url\":\"https:\/\/staging.varesenews.it\/wp-content\/uploads\/2020\/12\/logo_VN_colori_500.png\",\"contentUrl\":\"https:\/\/staging.varesenews.it\/wp-content\/uploads\/2020\/12\/logo_VN_colori_500.png\",\"caption\":\"Redazione VareseNews\"},\"url\":\"https:\/\/staging.varesenews.it\/persona\/redazione1\/\"}]}<\/script>\n<!-- \/ Yoast SEO plugin. -->","yoast_head_json":{"title":"Un'emozione azzurra tra le strade di New York","description":"Tra le migliaia di podisti, pronti a invadere la Grande Mela, ci saranno 80 corridori con le magliette azzurre del gruppo  Le Marmotte a colorare la citt\u00e0 americana","robots":{"index":"noindex","follow":"follow","max-snippet":"max-snippet:-1","max-image-preview":"max-image-preview:large","max-video-preview":"max-video-preview:-1"},"og_locale":"it_IT","og_type":"article","og_title":"Un'emozione azzurra tra le strade di New York","og_description":"Tra le migliaia di podisti, pronti a invadere la Grande Mela, ci saranno 80 corridori con le magliette azzurre del gruppo  Le Marmotte a colorare la citt\u00e0 americana","og_url":"https:\/\/staging.varesenews.it\/2003\/10\/un-emozione-azzurra-tra-le-strade-di-new-york\/266772\/","og_site_name":"VareseNews","article_publisher":"https:\/\/www.facebook.com\/varesenews","article_published_time":"2003-10-25T00:00:00+00:00","author":"Redazione VareseNews","twitter_card":"summary_large_image","twitter_creator":"@varesenews","twitter_site":"@varesenews","twitter_misc":{"Scritto da":"Redazione VareseNews","Tempo di lettura stimato":"3 minuti"},"schema":{"@context":"https:\/\/schema.org","@graph":[{"@type":"WebPage","@id":"https:\/\/staging.varesenews.it\/2003\/10\/un-emozione-azzurra-tra-le-strade-di-new-york\/266772\/","url":"https:\/\/staging.varesenews.it\/2003\/10\/un-emozione-azzurra-tra-le-strade-di-new-york\/266772\/","name":"Un'emozione azzurra tra le strade di New York","isPartOf":{"@id":"https:\/\/staging.varesenews.it\/#website"},"datePublished":"2003-10-25T00:00:00+00:00","dateModified":"2003-10-25T00:00:00+00:00","author":{"@id":"https:\/\/staging.varesenews.it\/#\/schema\/person\/fb20c4da0b7b16c291707a20db73e169"},"description":"Tra le migliaia di podisti, pronti a invadere la Grande Mela, ci saranno 80 corridori con le magliette azzurre del gruppo Le Marmotte a colorare la citt\u00e0 americana","breadcrumb":{"@id":"https:\/\/staging.varesenews.it\/2003\/10\/un-emozione-azzurra-tra-le-strade-di-new-york\/266772\/#breadcrumb"},"inLanguage":"it-IT","potentialAction":[{"@type":"ReadAction","target":["https:\/\/staging.varesenews.it\/2003\/10\/un-emozione-azzurra-tra-le-strade-di-new-york\/266772\/"]}]},{"@type":"BreadcrumbList","@id":"https:\/\/staging.varesenews.it\/2003\/10\/un-emozione-azzurra-tra-le-strade-di-new-york\/266772\/#breadcrumb","itemListElement":[{"@type":"ListItem","position":1,"name":"Home","item":"https:\/\/www.varesenews.it\/"},{"@type":"ListItem","position":2,"name":"Un&#8217;emozione azzurra tra le strade di New York"}]},{"@type":"WebSite","@id":"https:\/\/staging.varesenews.it\/#website","url":"https:\/\/staging.varesenews.it\/","name":"VareseNews","description":"","potentialAction":[{"@type":"SearchAction","target":{"@type":"EntryPoint","urlTemplate":"https:\/\/staging.varesenews.it\/?s={search_term_string}"},"query-input":"required name=search_term_string"}],"inLanguage":"it-IT"},{"@type":"Person","@id":"https:\/\/staging.varesenews.it\/#\/schema\/person\/fb20c4da0b7b16c291707a20db73e169","name":"Redazione VareseNews","image":{"@type":"ImageObject","inLanguage":"it-IT","@id":"https:\/\/staging.varesenews.it\/#\/schema\/person\/image\/","url":"https:\/\/staging.varesenews.it\/wp-content\/uploads\/2020\/12\/logo_VN_colori_500.png","contentUrl":"https:\/\/staging.varesenews.it\/wp-content\/uploads\/2020\/12\/logo_VN_colori_500.png","caption":"Redazione VareseNews"},"url":"https:\/\/staging.varesenews.it\/persona\/redazione1\/"}]}},"post_meta":{"id_old":"34377","argomento":"Busto Arsizio"},"photos":[],"_links":{"self":[{"href":"https:\/\/staging.varesenews.it\/swgapi\/v1\/wp\/v2\/posts\/266772"}],"collection":[{"href":"https:\/\/staging.varesenews.it\/swgapi\/v1\/wp\/v2\/posts"}],"about":[{"href":"https:\/\/staging.varesenews.it\/swgapi\/v1\/wp\/v2\/types\/post"}],"author":[{"embeddable":true,"href":"https:\/\/staging.varesenews.it\/swgapi\/v1\/wp\/v2\/users\/10"}],"replies":[{"embeddable":true,"href":"https:\/\/staging.varesenews.it\/swgapi\/v1\/wp\/v2\/comments?post=266772"}],"version-history":[{"count":0,"href":"https:\/\/staging.varesenews.it\/swgapi\/v1\/wp\/v2\/posts\/266772\/revisions"}],"wp:attachment":[{"href":"https:\/\/staging.varesenews.it\/swgapi\/v1\/wp\/v2\/media?parent=266772"}],"wp:term":[{"taxonomy":"category","embeddable":true,"href":"https:\/\/staging.varesenews.it\/swgapi\/v1\/wp\/v2\/categories?post=266772"},{"taxonomy":"post_tag","embeddable":true,"href":"https:\/\/staging.varesenews.it\/swgapi\/v1\/wp\/v2\/tags?post=266772"}],"curies":[{"name":"wp","href":"https:\/\/api.w.org\/{rel}","templated":true}]}}