{"id":268261,"date":"2005-11-30T00:00:00","date_gmt":"2005-11-30T00:00:00","guid":{"rendered":""},"modified":"2005-11-30T00:00:00","modified_gmt":"2005-11-30T00:00:00","slug":"essere-papa-ieri-oggi-e-domani","status":"publish","type":"post","link":"https:\/\/staging.varesenews.it\/2005\/11\/essere-papa-ieri-oggi-e-domani\/268261\/","title":{"rendered":"Essere pap\u00e0 ieri, oggi e domani"},"content":{"rendered":"<p class=\"MsoNormal\" style=\"MARGIN: 0cm 0cm 0pt\"><span style=\"FONT-FAMILY: Arial\"><img decoding=\"async\" hspace=\"3\" src=\"https:\/\/www3.varesenews.it\/immagini_articoli\/200511\/pancia1.jpg\" align=\"left\" vspace=\"3\" border=\"1\" \/>Un viaggio divertente per esplorare l\u2019affascinante mondo dei pap\u00e0. L\u2019idea \u00e8 nata dopo l\u2019uscita del libro di Alberto Pellai dal titolo \u201c<\/span><strong><span style=\"FONT-WEIGHT: normal; COLOR: black; FONT-FAMILY: Arial; mso-bidi-font-size: 13.5pt\">Nella pancia del pap\u00e0. Padre e figlio: una relazione emotiva\u201d, dove si trovano <\/span><\/strong><span style=\"COLOR: black; FONT-FAMILY: Arial; mso-bidi-font-size: 9.0pt\">filastrocche e poesie per aiutare ogni padre ad amare il proprio bambino, ripensando al bambino che \u00e8 stato.<br \/><\/span><font face=\"Arial\"><span style=\"FONT-WEIGHT: normal; FONT-SIZE: 12pt\">\u201cNella pancia del pap\u00e0&#8230;in mostra\u201d <\/span><span style=\"FONT-WEIGHT: normal; FONT-SIZE: 12pt; mso-bidi-font-size: 9.0pt\">\u00e8 stata organizzata <\/span><span style=\"FONT-WEIGHT: normal; FONT-SIZE: 12pt\">dal <\/span><span style=\"FONT-WEIGHT: normal; FONT-SIZE: 12pt; mso-bidi-font-size: 10.0pt\">comune di Brunello in collaborazione con la Provincia di Varese ed i comuni facenti parte del Piano di Zona. <br \/><\/span><\/font><font face=\"Arial\"><span style=\"FONT-WEIGHT: normal; FONT-SIZE: 12pt; mso-bidi-font-size: 10.0pt\">La mostra-gioco interattiva \u00e8 stata inaugurata lo scorso 20 novembre nell<\/span><span style=\"FONT-WEIGHT: normal; FONT-SIZE: 12pt\">a scuola materna di Brunello con sede in via Pr\u00e8e. Abbiamo intervistato uno degli organizzatori, Barbara Tamborini, che ci ha parlato di questa curiosa esperienza.<\/span><\/font><\/p>\n<p \/>\n<p class=\"MsoNormal\" style=\"MARGIN: 0cm 0cm 0pt\"><span style=\"FONT-FAMILY: Arial\"><\/span><\/p>\n<p \/>\n<p class=\"MsoBodyText\" style=\"MARGIN: 0cm 0cm 0pt\"><strong><font face=\"Arial\"><img decoding=\"async\" hspace=\"3\" src=\"https:\/\/www3.varesenews.it\/immagini_articoli\/200511\/tamborini.jpg\" align=\"right\" vspace=\"3\" border=\"1\" \/>L\u2019impressione iniziale \u00e8 che questa sia una mostra piuttosto ricercata. Ci pu\u00f2 spiegare meglio come \u00e8 nata l\u2019idea e in cosa consiste precisamente?<\/font><\/strong><\/p>\n<p class=\"MsoNormal\" style=\"MARGIN: 0cm 0cm 0pt\"><span style=\"FONT-FAMILY: Arial\">Tutto \u00e8 nato dopo la pubblicazione nel 2002 del volume di Alberto Pellai \u201c<\/span><strong><span style=\"FONT-WEIGHT: normal; COLOR: black; FONT-FAMILY: Arial; mso-bidi-font-size: 13.5pt\">Nella pancia del pap\u00e0. Padre e figlio: una relazione emotiva\u201d, edito da Franco Angeli. Un libro dedicato a pap\u00e0 e bambini che racconta in modo originale l\u2019esperienza del \u201cfare pap\u00e0\u201d attraverso molte filastrocche e divertenti illustrazioni. <br \/><\/span><\/strong><strong><span style=\"FONT-WEIGHT: normal; COLOR: black; FONT-FAMILY: Arial; mso-bidi-font-size: 13.5pt\">Da qui abbiamo pensato di riproporre il contenuto del libro dando alla mostra un taglio tridimensionale. In totale sono <\/span><\/strong><span style=\"FONT-FAMILY: Arial; mso-bidi-font-family: \">14 gli stand tematici ciascuno dei quali propone un mix di tre ingredienti: una filastrocca, un\u2019illustrazione e un\u2019attivit\u00e0\/gioco. L\u2019evento \u00e8 indirizzato a bambini della scuola materna e dei primi due anni delle scuole elementari.<\/span><\/p>\n<p \/>\n<p class=\"MsoNormal\" style=\"MARGIN: 0cm 0cm 0pt\"><b><span style=\"FONT-FAMILY: Arial; mso-bidi-font-family: \">Quali le novit\u00e0?<br \/><\/span><\/b><span style=\"FONT-FAMILY: Arial; mso-bidi-font-family: \">Sicuramente l\u2019interazione continua tra adulti e bambini, poi l\u2019area di attivit\u00e0 ricreativa dove i bambini con i loro pap\u00e0 possono giocare con costruzioni, ombre cinesi, grandi tappeti e molto altro.<br \/><\/span><span style=\"FONT-FAMILY: Arial; mso-bidi-font-family: \">Inoltre all\u2019interno della mostra si trova una casa dove ai fili stendi-biancheria \u00e8 possibile appendere con delle mollette dei messaggi scritti dai bambini e dagli adulti presenti. Quindi vuole anche essere un momento di comunicazione tra il mondo dei bambini e degli adulti.<\/span><\/p>\n<p \/>\n<p class=\"MsoNormal\" style=\"MARGIN: 0cm 0cm 0pt\"><b><span style=\"FONT-FAMILY: Arial; mso-bidi-font-family: \"><img decoding=\"async\" hspace=\"3\" src=\"https:\/\/www3.varesenews.it\/immagini_articoli\/200511\/pancia2.jpg\" align=\"left\" vspace=\"3\" border=\"1\" \/>Perch\u00e8 il comune di Brunello ha scelto di ospitare questa mostra itinerante?<br \/><\/span><\/b><span style=\"FONT-FAMILY: Arial; mso-bidi-font-family: \">Un ruolo centrale \u00e8 stato svolto dalla provincia di Varese che ha finanziato il progetto. Pellai (l\u2019autore del libro) aveva gi\u00e0 dei contatti con il comune di Brunello e il tutto ha preso piede grazie anche alla collaborazione di molti volontari.<span style=\"mso-spacerun: yes\">\u00a0 <\/span>L\u2019iniziativa ha riscosso successo e, ad oggi, i visitatori sono stati circa 350. La prossima tappa sar\u00e0 quasi sicuramente Castiglione Olona.<\/span><\/p>\n<p \/>\n<p class=\"MsoNormal\" style=\"MARGIN: 0cm 0cm 0pt\"><b><span style=\"FONT-FAMILY: Arial; mso-bidi-font-family: \">Fino a quando sar\u00e0 possibile visitarla?<br \/><\/span><\/b><span style=\"FONT-FAMILY: Arial; mso-bidi-font-family: \">Inizialmente era stato fissato sabato 3 dicembre come ultimo giorno di apertura, ma siamo riusciti ad ottenere una proroga. La mostra rimarr\u00e0 aperta anche domenica 4 e per il ponte dell\u2019Immacolata fino all\u201911 dicembre.<\/span><\/p>\n<p \/>\n<p style=\"MARGIN: 0cm 0cm 0pt\"><span style=\"FONT-FAMILY: Arial; mso-fareast-font-family: \"><\/span><\/p>\n<p \/>\n<p style=\"MARGIN: 0cm 0cm 0pt\"><span style=\"FONT-FAMILY: Arial; mso-fareast-font-family: \"><font size=\"2\">Per informazioni sugli orari della mostra contattare:<br \/><\/font><\/span><span style=\"FONT-FAMILY: Arial; mso-fareast-font-family: \"><font size=\"2\">Barbara Tamborini 34<\/font><\/span><span style=\"FONT-FAMILY: Arial; mso-fareast-font-family: \"><font size=\"2\">0\/7023273<br \/><\/font><\/span><span style=\"FONT-FAMILY: Arial; mso-fareast-font-family: \"><a href=\"mailto:barbaratamborini@alice.it\"><font size=\"2\">barbaratamborini@alice.it<\/font><\/a><\/span><\/p>\n","protected":false},"excerpt":{"rendered":"<p>Una mostra-gioco interattiva che insegna ai pap\u00e0 il significato della loro missione<\/p>\n","protected":false},"author":10,"featured_media":0,"comment_status":"open","ping_status":"open","sticky":false,"template":"","format":"standard","meta":{"footnotes":""},"categories":[2],"tags":[],"acf":[],"yoast_head":"<!-- This site is optimized with the Yoast SEO plugin v20.1 - https:\/\/yoast.com\/wordpress\/plugins\/seo\/ -->\n<title>Essere pap\u00e0 ieri, oggi e domani<\/title>\n<meta name=\"description\" content=\"Una mostra-gioco interattiva che insegna ai pap\u00e0 il significato della loro missione\" \/>\n<meta name=\"robots\" content=\"noindex, follow, max-snippet:-1, max-image-preview:large, max-video-preview:-1\" \/>\n<meta property=\"og:locale\" content=\"it_IT\" \/>\n<meta property=\"og:type\" content=\"article\" \/>\n<meta property=\"og:title\" content=\"Essere pap\u00e0 ieri, oggi e domani\" \/>\n<meta property=\"og:description\" content=\"Una mostra-gioco interattiva che insegna ai pap\u00e0 il significato della loro missione\" \/>\n<meta property=\"og:url\" content=\"https:\/\/staging.varesenews.it\/2005\/11\/essere-papa-ieri-oggi-e-domani\/268261\/\" \/>\n<meta property=\"og:site_name\" content=\"VareseNews\" \/>\n<meta property=\"article:publisher\" content=\"https:\/\/www.facebook.com\/varesenews\" \/>\n<meta property=\"article:published_time\" content=\"2005-11-30T00:00:00+00:00\" \/>\n<meta property=\"og:image\" content=\"https:\/\/www3.varesenews.it\/immagini_articoli\/200511\/pancia1.jpg\" \/>\n<meta name=\"author\" content=\"Redazione VareseNews\" \/>\n<meta name=\"twitter:card\" content=\"summary_large_image\" \/>\n<meta name=\"twitter:creator\" content=\"@varesenews\" \/>\n<meta name=\"twitter:site\" content=\"@varesenews\" \/>\n<meta name=\"twitter:label1\" content=\"Scritto da\" \/>\n\t<meta name=\"twitter:data1\" content=\"Redazione VareseNews\" \/>\n\t<meta name=\"twitter:label2\" content=\"Tempo di lettura stimato\" \/>\n\t<meta name=\"twitter:data2\" content=\"2 minuti\" \/>\n<script type=\"application\/ld+json\" class=\"yoast-schema-graph\">{\"@context\":\"https:\/\/schema.org\",\"@graph\":[{\"@type\":\"WebPage\",\"@id\":\"https:\/\/staging.varesenews.it\/2005\/11\/essere-papa-ieri-oggi-e-domani\/268261\/\",\"url\":\"https:\/\/staging.varesenews.it\/2005\/11\/essere-papa-ieri-oggi-e-domani\/268261\/\",\"name\":\"Essere pap\u00e0 ieri, oggi e domani\",\"isPartOf\":{\"@id\":\"https:\/\/staging.varesenews.it\/#website\"},\"datePublished\":\"2005-11-30T00:00:00+00:00\",\"dateModified\":\"2005-11-30T00:00:00+00:00\",\"author\":{\"@id\":\"https:\/\/staging.varesenews.it\/#\/schema\/person\/fb20c4da0b7b16c291707a20db73e169\"},\"description\":\"Una mostra-gioco interattiva che insegna ai pap\u00e0 il significato della loro missione\",\"breadcrumb\":{\"@id\":\"https:\/\/staging.varesenews.it\/2005\/11\/essere-papa-ieri-oggi-e-domani\/268261\/#breadcrumb\"},\"inLanguage\":\"it-IT\",\"potentialAction\":[{\"@type\":\"ReadAction\",\"target\":[\"https:\/\/staging.varesenews.it\/2005\/11\/essere-papa-ieri-oggi-e-domani\/268261\/\"]}]},{\"@type\":\"BreadcrumbList\",\"@id\":\"https:\/\/staging.varesenews.it\/2005\/11\/essere-papa-ieri-oggi-e-domani\/268261\/#breadcrumb\",\"itemListElement\":[{\"@type\":\"ListItem\",\"position\":1,\"name\":\"Home\",\"item\":\"https:\/\/www.varesenews.it\/\"},{\"@type\":\"ListItem\",\"position\":2,\"name\":\"Essere pap\u00e0 ieri, oggi e domani\"}]},{\"@type\":\"WebSite\",\"@id\":\"https:\/\/staging.varesenews.it\/#website\",\"url\":\"https:\/\/staging.varesenews.it\/\",\"name\":\"VareseNews\",\"description\":\"\",\"potentialAction\":[{\"@type\":\"SearchAction\",\"target\":{\"@type\":\"EntryPoint\",\"urlTemplate\":\"https:\/\/staging.varesenews.it\/?s={search_term_string}\"},\"query-input\":\"required name=search_term_string\"}],\"inLanguage\":\"it-IT\"},{\"@type\":\"Person\",\"@id\":\"https:\/\/staging.varesenews.it\/#\/schema\/person\/fb20c4da0b7b16c291707a20db73e169\",\"name\":\"Redazione VareseNews\",\"image\":{\"@type\":\"ImageObject\",\"inLanguage\":\"it-IT\",\"@id\":\"https:\/\/staging.varesenews.it\/#\/schema\/person\/image\/\",\"url\":\"https:\/\/staging.varesenews.it\/wp-content\/uploads\/2020\/12\/logo_VN_colori_500.png\",\"contentUrl\":\"https:\/\/staging.varesenews.it\/wp-content\/uploads\/2020\/12\/logo_VN_colori_500.png\",\"caption\":\"Redazione VareseNews\"},\"url\":\"https:\/\/staging.varesenews.it\/persona\/redazione1\/\"}]}<\/script>\n<!-- \/ Yoast SEO plugin. -->","yoast_head_json":{"title":"Essere pap\u00e0 ieri, oggi e domani","description":"Una mostra-gioco interattiva che insegna ai pap\u00e0 il significato della loro missione","robots":{"index":"noindex","follow":"follow","max-snippet":"max-snippet:-1","max-image-preview":"max-image-preview:large","max-video-preview":"max-video-preview:-1"},"og_locale":"it_IT","og_type":"article","og_title":"Essere pap\u00e0 ieri, oggi e domani","og_description":"Una mostra-gioco interattiva che insegna ai pap\u00e0 il significato della loro missione","og_url":"https:\/\/staging.varesenews.it\/2005\/11\/essere-papa-ieri-oggi-e-domani\/268261\/","og_site_name":"VareseNews","article_publisher":"https:\/\/www.facebook.com\/varesenews","article_published_time":"2005-11-30T00:00:00+00:00","og_image":[{"url":"https:\/\/www3.varesenews.it\/immagini_articoli\/200511\/pancia1.jpg"}],"author":"Redazione VareseNews","twitter_card":"summary_large_image","twitter_creator":"@varesenews","twitter_site":"@varesenews","twitter_misc":{"Scritto da":"Redazione VareseNews","Tempo di lettura stimato":"2 minuti"},"schema":{"@context":"https:\/\/schema.org","@graph":[{"@type":"WebPage","@id":"https:\/\/staging.varesenews.it\/2005\/11\/essere-papa-ieri-oggi-e-domani\/268261\/","url":"https:\/\/staging.varesenews.it\/2005\/11\/essere-papa-ieri-oggi-e-domani\/268261\/","name":"Essere pap\u00e0 ieri, oggi e domani","isPartOf":{"@id":"https:\/\/staging.varesenews.it\/#website"},"datePublished":"2005-11-30T00:00:00+00:00","dateModified":"2005-11-30T00:00:00+00:00","author":{"@id":"https:\/\/staging.varesenews.it\/#\/schema\/person\/fb20c4da0b7b16c291707a20db73e169"},"description":"Una mostra-gioco interattiva che insegna ai pap\u00e0 il significato della loro missione","breadcrumb":{"@id":"https:\/\/staging.varesenews.it\/2005\/11\/essere-papa-ieri-oggi-e-domani\/268261\/#breadcrumb"},"inLanguage":"it-IT","potentialAction":[{"@type":"ReadAction","target":["https:\/\/staging.varesenews.it\/2005\/11\/essere-papa-ieri-oggi-e-domani\/268261\/"]}]},{"@type":"BreadcrumbList","@id":"https:\/\/staging.varesenews.it\/2005\/11\/essere-papa-ieri-oggi-e-domani\/268261\/#breadcrumb","itemListElement":[{"@type":"ListItem","position":1,"name":"Home","item":"https:\/\/www.varesenews.it\/"},{"@type":"ListItem","position":2,"name":"Essere pap\u00e0 ieri, oggi e domani"}]},{"@type":"WebSite","@id":"https:\/\/staging.varesenews.it\/#website","url":"https:\/\/staging.varesenews.it\/","name":"VareseNews","description":"","potentialAction":[{"@type":"SearchAction","target":{"@type":"EntryPoint","urlTemplate":"https:\/\/staging.varesenews.it\/?s={search_term_string}"},"query-input":"required name=search_term_string"}],"inLanguage":"it-IT"},{"@type":"Person","@id":"https:\/\/staging.varesenews.it\/#\/schema\/person\/fb20c4da0b7b16c291707a20db73e169","name":"Redazione VareseNews","image":{"@type":"ImageObject","inLanguage":"it-IT","@id":"https:\/\/staging.varesenews.it\/#\/schema\/person\/image\/","url":"https:\/\/staging.varesenews.it\/wp-content\/uploads\/2020\/12\/logo_VN_colori_500.png","contentUrl":"https:\/\/staging.varesenews.it\/wp-content\/uploads\/2020\/12\/logo_VN_colori_500.png","caption":"Redazione VareseNews"},"url":"https:\/\/staging.varesenews.it\/persona\/redazione1\/"}]}},"post_meta":{"id_old":"32715","argomento":"Brunello","autore_old":"Silvia Passera"},"photos":[],"_links":{"self":[{"href":"https:\/\/staging.varesenews.it\/swgapi\/v1\/wp\/v2\/posts\/268261"}],"collection":[{"href":"https:\/\/staging.varesenews.it\/swgapi\/v1\/wp\/v2\/posts"}],"about":[{"href":"https:\/\/staging.varesenews.it\/swgapi\/v1\/wp\/v2\/types\/post"}],"author":[{"embeddable":true,"href":"https:\/\/staging.varesenews.it\/swgapi\/v1\/wp\/v2\/users\/10"}],"replies":[{"embeddable":true,"href":"https:\/\/staging.varesenews.it\/swgapi\/v1\/wp\/v2\/comments?post=268261"}],"version-history":[{"count":0,"href":"https:\/\/staging.varesenews.it\/swgapi\/v1\/wp\/v2\/posts\/268261\/revisions"}],"wp:attachment":[{"href":"https:\/\/staging.varesenews.it\/swgapi\/v1\/wp\/v2\/media?parent=268261"}],"wp:term":[{"taxonomy":"category","embeddable":true,"href":"https:\/\/staging.varesenews.it\/swgapi\/v1\/wp\/v2\/categories?post=268261"},{"taxonomy":"post_tag","embeddable":true,"href":"https:\/\/staging.varesenews.it\/swgapi\/v1\/wp\/v2\/tags?post=268261"}],"curies":[{"name":"wp","href":"https:\/\/api.w.org\/{rel}","templated":true}]}}