{"id":268439,"date":"2005-11-28T00:00:00","date_gmt":"2005-11-28T00:00:00","guid":{"rendered":""},"modified":"2005-11-28T00:00:00","modified_gmt":"2005-11-28T00:00:00","slug":"provex-tre-decenni-di-export-varesino","status":"publish","type":"post","link":"https:\/\/staging.varesenews.it\/2005\/11\/provex-tre-decenni-di-export-varesino\/268439\/","title":{"rendered":"Provex: tre decenni di export varesino"},"content":{"rendered":"<p class=\"MsoNormal\" style=\"margin-top: 0cm; margin-right: 0cm; margin-bottom: 0pt; margin-left: 0cm; \"><font face=\"arial,helvetica,sans-serif\">Era il mese di <strong>giugno del 1975<\/strong>, quando alcune imprese della provincia di Varese si riunirono per firmare l\u2019atto di costituzione di un organismo che le avrebbe aiutate a guardare all\u2019estero, <strong>Provex<\/strong>. Gi\u00e0 allora il termine globalizzazione era percepito come uno sguardo al futuro, anche se le necessit\u00e0 erano pi\u00f9 strettamente pratiche rispetto ad oggi. Ad esempio gli uffici del Provex di Busto Arsizio e Varese possedevano un prezioso telex (indirizzo \u201cProvex I x\u201d), usato per inviare milioni di documenti delle imprese varesine, che avevano bisogno di comunicare con i partner stranieri. Inoltre si aiutavano le imprese con interpreti esperti: ben lontano dalla diffusione dell\u2019inglese, infatti, il commercio parlava lingue come il tedesco, il francese, lo spagnolo, il russo e il giapponese.<\/font><\/p>\n<p class=\"MsoNormal\" style=\"margin-top: 0cm; margin-right: 0cm; margin-bottom: 0pt; margin-left: 0cm; \"><font face=\"Arial\"><\/font><\/p>\n<p class=\"MsoNormal\" style=\"margin-top: 0cm; margin-right: 0cm; margin-bottom: 0pt; margin-left: 0cm; \"><span class=\"Apple-style-span\" style=\"font-family: arial; \">\u00a0<\/span><\/p>\n<p class=\"MsoNormal\" style=\"margin-top: 0cm; margin-right: 0cm; margin-bottom: 0pt; margin-left: 0cm; \"><font face=\"arial,helvetica,sans-serif\">O<\/font><font face=\"arial,helvetica,sans-serif\">ra, a <strong>30 anni dalla nascita di questo organismo<\/strong> le esigenze dell\u2019export sono cambiate, ma Provex conserva un ruolo centrale nell\u2019economia della nostra provincia. Perch\u00e9 \u00e8 grazie a questa organizzazione che le imprese tessili varesine riescono sempre ad ottenere accattivanti location nelle fiere internazionali, ed un contatto trasparente con i partner esteri. Perch\u00e9 guardare all\u2019estero non comporta pi\u00f9 uno sforzo puramente tecnico: il contatto diretto, l\u2019interscambio culturale e la scelta della giusta immagine sono oggi passaporti fondamentali. Per questo, da piccolo consorzio di provincia, Provex si \u00e8 trasformato in un personaggio internazionale, non solo con la partecipazione fieristica, ma anche grazie a strutture operative in zone strategiche del mondo. Come <strong>l\u2019ufficio di New York<\/strong> (nato negli anni \u201980 e in funzione per alcuni anni), fino alla grande novit\u00e0 di questi ultimi mesi, il <strong>PuntoRussia<\/strong>. Tramite questo nuovo ufficio di Mosca, le imprese varesine possono disporre oggi di un prolungamento in uno dei mercati pi\u00f9 interessanti del nuovo millennio.<\/font><\/p>\n<p class=\"MsoNormal\" style=\"margin-top: 0cm; margin-right: 0cm; margin-bottom: 0pt; margin-left: 0cm; \"><span class=\"Apple-style-span\" style=\"font-family: arial; \">\u00a0<\/span><\/p>\n<p class=\"MsoNormal\" style=\"margin-top: 0cm; margin-right: 0cm; margin-bottom: 0pt; margin-left: 0cm; \"><font face=\"Arial\"><\/font><\/p>\n<p class=\"MsoNormal\" style=\"margin-top: 0cm; margin-right: 0cm; margin-bottom: 0pt; margin-left: 0cm; \"><font face=\"arial,helvetica,sans-serif\">Questi tanti anni di successi meritano quindi di essere festeggiati al meglio, e cos\u00ec sar\u00e0 fatto <strong>marted\u00ec 29 novembre al Palace Grand Hotel di Varese<\/strong>. Tutte le imprese consorziate sono state invitate ad una singolare serata di gala, ispirata proprio all\u2019ultima \u201cconquista\u201d di Provex, la Russia. L\u2019aperitivo iniziale, infatti, ripeter\u00e0 la tradizionale <strong>cerimonia del pane<\/strong>, che prevede la spartizione con le mani di una pagnotta da intingere nel sale, accompagnata dall\u2019immancabile bicchierino di vodka. Poi per tutta la serata specialit\u00e0 russe, oltre a canti e balli tradizionali.<\/font><\/p>\n<p class=\"MsoNormal\" style=\"margin-top: 0cm; margin-right: 0cm; margin-bottom: 0pt; margin-left: 0cm; \"><span class=\"Apple-style-span\" style=\"font-family: arial; \">\u00a0<\/span><\/p>\n<p class=\"MsoNormal\" style=\"margin-top: 0cm; margin-right: 0cm; margin-bottom: 0pt; margin-left: 0cm; \"><font face=\"Arial\"><\/font><\/p>\n<p class=\"MsoNormal\" style=\"margin-top: 0cm; margin-right: 0cm; margin-bottom: 0pt; margin-left: 0cm; \"><font face=\"arial,helvetica,sans-serif\">All\u2019evento non potr\u00e0 che partecipare l\u2019attuale presidente dell\u2019associazione, <strong>Enrico Marcora<\/strong>, che \u00e8 anche un imprenditore con una storia interessante da raccontare. Quando la sua azienda si consoci\u00f2 a Provex, infatti, non teneva quasi in considerazione l\u2019export. Poi proprio grazie alla curiosit\u00e0 innescata da Vito Artioli, presidente della Camera di Commercio di Varese che ebbe la felice intuizione di creare Provex, la sua impresa inzi\u00f2 a partecipare alle fiere internazionali. Proprio grazie a queste prime esperienze per Marcora fu un crescendo, tanto che oggi la sua azienda esporta il 35% del fatturato.<\/font><\/p>\n<p class=\"MsoNormal\" style=\"margin-top: 0cm; margin-right: 0cm; margin-bottom: 0pt; margin-left: 0cm; \"><font face=\"Arial\"><\/font><\/p>\n<p><span style=\"font-size: 12pt; \"><font face=\"arial,helvetica,sans-serif\"><\/p>\n<div>\u00a0<\/div>\n<p>E in futuro si spera che di esperienze di questo tipo se ne vedano ancora molte. Per questi motivi l\u2019associazione continuer\u00e0 ad illuminare la via varesina alla globalizzazione, con i suoi servizi fondamentali come i <strong>padiglioni fieristici \u201cchiavi in mano\u201d, le missioni all\u2019estero, i workshop e le catalogoteche<\/strong>. E poi anche con i pi\u00f9 recenti servizi logistici: le <strong>informazioni commerciali, culturali, legali, e l\u2019accesso agevolato alle moderne vie di comunicazione<\/strong>. Oggi con uno sguardo alla Russia, domani con occhi per ogni occasione.<\/font> <\/span><\/p>\n","protected":false},"excerpt":{"rendered":"<p>Marted\u00ec 29 novembre si festeggia il consorzio varesino Export-Import, che ha portato le nostre imprese nel mondo<\/p>\n","protected":false},"author":10,"featured_media":0,"comment_status":"open","ping_status":"open","sticky":false,"template":"","format":"standard","meta":{"footnotes":""},"categories":[15],"tags":[],"acf":[],"yoast_head":"<!-- This site is optimized with the Yoast SEO plugin v20.1 - https:\/\/yoast.com\/wordpress\/plugins\/seo\/ -->\n<title>Provex: tre decenni di export varesino<\/title>\n<meta name=\"description\" content=\"Marted\u00ec 29 novembre si festeggia il consorzio varesino Export-Import, che ha portato le nostre imprese nel mondo\" \/>\n<meta name=\"robots\" content=\"noindex, follow, max-snippet:-1, max-image-preview:large, max-video-preview:-1\" \/>\n<meta property=\"og:locale\" content=\"it_IT\" \/>\n<meta property=\"og:type\" content=\"article\" \/>\n<meta property=\"og:title\" content=\"Provex: tre decenni di export varesino\" \/>\n<meta property=\"og:description\" content=\"Marted\u00ec 29 novembre si festeggia il consorzio varesino Export-Import, che ha portato le nostre imprese nel mondo\" \/>\n<meta property=\"og:url\" content=\"https:\/\/staging.varesenews.it\/2005\/11\/provex-tre-decenni-di-export-varesino\/268439\/\" \/>\n<meta property=\"og:site_name\" content=\"VareseNews\" \/>\n<meta property=\"article:publisher\" content=\"https:\/\/www.facebook.com\/varesenews\" \/>\n<meta property=\"article:published_time\" content=\"2005-11-28T00:00:00+00:00\" \/>\n<meta name=\"author\" content=\"Redazione VareseNews\" \/>\n<meta name=\"twitter:card\" content=\"summary_large_image\" \/>\n<meta name=\"twitter:creator\" content=\"@varesenews\" \/>\n<meta name=\"twitter:site\" content=\"@varesenews\" \/>\n<meta name=\"twitter:label1\" content=\"Scritto da\" \/>\n\t<meta name=\"twitter:data1\" content=\"Redazione VareseNews\" \/>\n\t<meta name=\"twitter:label2\" content=\"Tempo di lettura stimato\" \/>\n\t<meta name=\"twitter:data2\" content=\"3 minuti\" \/>\n<script type=\"application\/ld+json\" class=\"yoast-schema-graph\">{\"@context\":\"https:\/\/schema.org\",\"@graph\":[{\"@type\":\"WebPage\",\"@id\":\"https:\/\/staging.varesenews.it\/2005\/11\/provex-tre-decenni-di-export-varesino\/268439\/\",\"url\":\"https:\/\/staging.varesenews.it\/2005\/11\/provex-tre-decenni-di-export-varesino\/268439\/\",\"name\":\"Provex: tre decenni di export varesino\",\"isPartOf\":{\"@id\":\"https:\/\/staging.varesenews.it\/#website\"},\"datePublished\":\"2005-11-28T00:00:00+00:00\",\"dateModified\":\"2005-11-28T00:00:00+00:00\",\"author\":{\"@id\":\"https:\/\/staging.varesenews.it\/#\/schema\/person\/fb20c4da0b7b16c291707a20db73e169\"},\"description\":\"Marted\u00ec 29 novembre si festeggia il consorzio varesino Export-Import, che ha portato le nostre imprese nel mondo\",\"breadcrumb\":{\"@id\":\"https:\/\/staging.varesenews.it\/2005\/11\/provex-tre-decenni-di-export-varesino\/268439\/#breadcrumb\"},\"inLanguage\":\"it-IT\",\"potentialAction\":[{\"@type\":\"ReadAction\",\"target\":[\"https:\/\/staging.varesenews.it\/2005\/11\/provex-tre-decenni-di-export-varesino\/268439\/\"]}]},{\"@type\":\"BreadcrumbList\",\"@id\":\"https:\/\/staging.varesenews.it\/2005\/11\/provex-tre-decenni-di-export-varesino\/268439\/#breadcrumb\",\"itemListElement\":[{\"@type\":\"ListItem\",\"position\":1,\"name\":\"Home\",\"item\":\"https:\/\/www.varesenews.it\/\"},{\"@type\":\"ListItem\",\"position\":2,\"name\":\"Provex: tre decenni di export varesino\"}]},{\"@type\":\"WebSite\",\"@id\":\"https:\/\/staging.varesenews.it\/#website\",\"url\":\"https:\/\/staging.varesenews.it\/\",\"name\":\"VareseNews\",\"description\":\"\",\"potentialAction\":[{\"@type\":\"SearchAction\",\"target\":{\"@type\":\"EntryPoint\",\"urlTemplate\":\"https:\/\/staging.varesenews.it\/?s={search_term_string}\"},\"query-input\":\"required name=search_term_string\"}],\"inLanguage\":\"it-IT\"},{\"@type\":\"Person\",\"@id\":\"https:\/\/staging.varesenews.it\/#\/schema\/person\/fb20c4da0b7b16c291707a20db73e169\",\"name\":\"Redazione VareseNews\",\"image\":{\"@type\":\"ImageObject\",\"inLanguage\":\"it-IT\",\"@id\":\"https:\/\/staging.varesenews.it\/#\/schema\/person\/image\/\",\"url\":\"https:\/\/staging.varesenews.it\/wp-content\/uploads\/2020\/12\/logo_VN_colori_500.png\",\"contentUrl\":\"https:\/\/staging.varesenews.it\/wp-content\/uploads\/2020\/12\/logo_VN_colori_500.png\",\"caption\":\"Redazione VareseNews\"},\"url\":\"https:\/\/staging.varesenews.it\/persona\/redazione1\/\"}]}<\/script>\n<!-- \/ Yoast SEO plugin. -->","yoast_head_json":{"title":"Provex: tre decenni di export varesino","description":"Marted\u00ec 29 novembre si festeggia il consorzio varesino Export-Import, che ha portato le nostre imprese nel mondo","robots":{"index":"noindex","follow":"follow","max-snippet":"max-snippet:-1","max-image-preview":"max-image-preview:large","max-video-preview":"max-video-preview:-1"},"og_locale":"it_IT","og_type":"article","og_title":"Provex: tre decenni di export varesino","og_description":"Marted\u00ec 29 novembre si festeggia il consorzio varesino Export-Import, che ha portato le nostre imprese nel mondo","og_url":"https:\/\/staging.varesenews.it\/2005\/11\/provex-tre-decenni-di-export-varesino\/268439\/","og_site_name":"VareseNews","article_publisher":"https:\/\/www.facebook.com\/varesenews","article_published_time":"2005-11-28T00:00:00+00:00","author":"Redazione VareseNews","twitter_card":"summary_large_image","twitter_creator":"@varesenews","twitter_site":"@varesenews","twitter_misc":{"Scritto da":"Redazione VareseNews","Tempo di lettura stimato":"3 minuti"},"schema":{"@context":"https:\/\/schema.org","@graph":[{"@type":"WebPage","@id":"https:\/\/staging.varesenews.it\/2005\/11\/provex-tre-decenni-di-export-varesino\/268439\/","url":"https:\/\/staging.varesenews.it\/2005\/11\/provex-tre-decenni-di-export-varesino\/268439\/","name":"Provex: tre decenni di export varesino","isPartOf":{"@id":"https:\/\/staging.varesenews.it\/#website"},"datePublished":"2005-11-28T00:00:00+00:00","dateModified":"2005-11-28T00:00:00+00:00","author":{"@id":"https:\/\/staging.varesenews.it\/#\/schema\/person\/fb20c4da0b7b16c291707a20db73e169"},"description":"Marted\u00ec 29 novembre si festeggia il consorzio varesino Export-Import, che ha portato le nostre imprese nel mondo","breadcrumb":{"@id":"https:\/\/staging.varesenews.it\/2005\/11\/provex-tre-decenni-di-export-varesino\/268439\/#breadcrumb"},"inLanguage":"it-IT","potentialAction":[{"@type":"ReadAction","target":["https:\/\/staging.varesenews.it\/2005\/11\/provex-tre-decenni-di-export-varesino\/268439\/"]}]},{"@type":"BreadcrumbList","@id":"https:\/\/staging.varesenews.it\/2005\/11\/provex-tre-decenni-di-export-varesino\/268439\/#breadcrumb","itemListElement":[{"@type":"ListItem","position":1,"name":"Home","item":"https:\/\/www.varesenews.it\/"},{"@type":"ListItem","position":2,"name":"Provex: tre decenni di export varesino"}]},{"@type":"WebSite","@id":"https:\/\/staging.varesenews.it\/#website","url":"https:\/\/staging.varesenews.it\/","name":"VareseNews","description":"","potentialAction":[{"@type":"SearchAction","target":{"@type":"EntryPoint","urlTemplate":"https:\/\/staging.varesenews.it\/?s={search_term_string}"},"query-input":"required name=search_term_string"}],"inLanguage":"it-IT"},{"@type":"Person","@id":"https:\/\/staging.varesenews.it\/#\/schema\/person\/fb20c4da0b7b16c291707a20db73e169","name":"Redazione VareseNews","image":{"@type":"ImageObject","inLanguage":"it-IT","@id":"https:\/\/staging.varesenews.it\/#\/schema\/person\/image\/","url":"https:\/\/staging.varesenews.it\/wp-content\/uploads\/2020\/12\/logo_VN_colori_500.png","contentUrl":"https:\/\/staging.varesenews.it\/wp-content\/uploads\/2020\/12\/logo_VN_colori_500.png","caption":"Redazione VareseNews"},"url":"https:\/\/staging.varesenews.it\/persona\/redazione1\/"}]}},"post_meta":{"id_old":"32452","argomento":"Varese","autore_old":"S.G.","id_link_fotogallery":"314600"},"photos":[],"_links":{"self":[{"href":"https:\/\/staging.varesenews.it\/swgapi\/v1\/wp\/v2\/posts\/268439"}],"collection":[{"href":"https:\/\/staging.varesenews.it\/swgapi\/v1\/wp\/v2\/posts"}],"about":[{"href":"https:\/\/staging.varesenews.it\/swgapi\/v1\/wp\/v2\/types\/post"}],"author":[{"embeddable":true,"href":"https:\/\/staging.varesenews.it\/swgapi\/v1\/wp\/v2\/users\/10"}],"replies":[{"embeddable":true,"href":"https:\/\/staging.varesenews.it\/swgapi\/v1\/wp\/v2\/comments?post=268439"}],"version-history":[{"count":0,"href":"https:\/\/staging.varesenews.it\/swgapi\/v1\/wp\/v2\/posts\/268439\/revisions"}],"wp:attachment":[{"href":"https:\/\/staging.varesenews.it\/swgapi\/v1\/wp\/v2\/media?parent=268439"}],"wp:term":[{"taxonomy":"category","embeddable":true,"href":"https:\/\/staging.varesenews.it\/swgapi\/v1\/wp\/v2\/categories?post=268439"},{"taxonomy":"post_tag","embeddable":true,"href":"https:\/\/staging.varesenews.it\/swgapi\/v1\/wp\/v2\/tags?post=268439"}],"curies":[{"name":"wp","href":"https:\/\/api.w.org\/{rel}","templated":true}]}}