{"id":268813,"date":"2005-11-21T00:00:00","date_gmt":"2005-11-21T00:00:00","guid":{"rendered":""},"modified":"2005-11-21T00:00:00","modified_gmt":"2005-11-21T00:00:00","slug":"al-pronto-soccorso-arrivano-i-volontari","status":"publish","type":"post","link":"https:\/\/staging.varesenews.it\/2005\/11\/al-pronto-soccorso-arrivano-i-volontari\/268813\/","title":{"rendered":"Al Pronto soccorso arrivano i volontari"},"content":{"rendered":"<p class=\"MsoBodyText\" style=\"MARGIN: 0cm 0cm 0pt\"><font face=\"arial,helvetica,sans-serif\"><font size=\"3\"><span><img decoding=\"async\" hspace=\"3\" src=\"https:\/\/www3.varesenews.it\/immagini_articoli\/200511\/gruppo-avulss.jpg\" align=\"left\" vspace=\"3\" border=\"0\" \/>A partire da <strong>luned\u00ec 21 novembre<\/strong> <strong>dieci volontari del gruppo Avulss<\/strong> di Busto Arsizio presteranno la loro attivit\u00e0 di sostegno nel <strong>Pronto Soccorso dell\u2019Ospedale di Busto Arsizio<\/strong>.<\/p>\n<p \/><\/span><\/font><\/font><\/p>\n<p class=\"MsoNormal\" style=\"MARGIN: 0cm 0cm 0pt; TEXT-ALIGN: justify\"><span style=\"FONT-SIZE: 14pt; mso-bidi-font-size: 12.0pt\"><font face=\"arial,helvetica,sans-serif\"><font size=\"3\">La collaborazione tra l\u2019Azienda Ospedaliera e l\u2019associazione che si dedica esclusivamente al settore socio-sanitario nell\u2019Unit\u00e0 Operativa del presidio bustese \u00e8 stata sancita mercoled\u00ec scorso con la firma di una convenzione ad hoc apposta dal <strong>direttore generale dell\u2019Azienda Ospedaliera Pietro Zoia<\/strong> e dal <strong>presidente del gruppo cittadino Franco Reginato<\/strong>, alla presenza dei volontari coinvolti nell\u2019iniziativa, del <strong>responsabile del Pronto Soccorso dott. Emilio Lualdi<\/strong>, del caposala Massimo Raimondi e di Cinzia Zaffaroni, responsabile aziendale dell\u2019Urp, l\u2019Ufficio relazioni con il pubblico, e dei rapporti con il volontariato.<\/p>\n<p \/><\/font><\/font><\/span><\/p>\n<p class=\"MsoNormal\" style=\"MARGIN: 0cm 0cm 0pt; TEXT-ALIGN: justify\"><span style=\"FONT-SIZE: 14pt; mso-bidi-font-size: 12.0pt\"><font face=\"arial,helvetica,sans-serif\"><font size=\"3\">L\u2019iniziativa \u00e8 nata dalla volont\u00e0 di estendere l\u2019esperienza ultradecennale dell\u2019Avulss (<strong>Associazione per il volontariato socio-sanitario<\/strong>) di<span style=\"mso-spacerun: yes\">\u00a0 <\/span>collaborazione con il presidio anche a un reparto come il Pronto Soccorso, punto nevralgico della struttura, e dal desiderio dei membri dell\u2019associazione \u2013 che presta la sua opera in Broncopneumologia, Malattie Infettive, Ortopedia e Neuropsichiatria infantile &#8211; di offrire tempo e risorse anche a un settore delicato come quello dell\u2019Emergenza\/Urgenza.<\/p>\n<p \/><\/font><\/font><\/span><\/p>\n<p class=\"MsoNormal\" style=\"MARGIN: 0cm 0cm 0pt; TEXT-ALIGN: justify\"><span style=\"FONT-SIZE: 14pt; mso-bidi-font-size: 12.0pt\"><font face=\"arial,helvetica,sans-serif\"><font size=\"3\">Come si diceva, l\u2019Avulss ha messo a disposizione dieci persone \u2013 formate ad hoc in ospedale &#8211; che a partire da luned\u00ec 21 novembre, a turno, saranno presenti in reparto. Una presenza preziosa la loro, nel punto pi\u00f9 nevralgico dell\u2019Ospedale, quello delle emergenze appunto, dove questo personale, collaborando con medici e infermieri, dar\u00e0 supporto lungo tutto l\u2019iter che il paziente deve affrontare, a cominciare dal momento in cui accede in Pronto Soccorso. <\/p>\n<p \/><\/font><\/font><\/span><\/p>\n<p class=\"MsoNormal\" style=\"MARGIN: 0cm 0cm 0pt; TEXT-ALIGN: justify\"><span style=\"FONT-SIZE: 14pt; mso-bidi-font-size: 12.0pt\"><font face=\"arial,helvetica,sans-serif\"><font size=\"3\">\u00abSalutiamo con entusiasmo questa esperienza di collaborazione con il gruppo Avulss di Busto \u2013 sottolinea Pietro Zoia, direttore generale dell\u2019Azienda Ospedaliera \u2013, che da oltre dieci anni \u00e8 presente nell\u2019ospedale, ricordando anche quella gi\u00e0 sperimentata con successo con il gruppo Avulss di Saronno e con quello di Tradate\u00bb<\/font><\/font><\/span><span style=\"FONT-SIZE: 14pt; mso-bidi-font-size: 12.0pt\"><font face=\"arial,helvetica,sans-serif\"><font size=\"3\">.<\/p>\n<p \/><\/font><\/font><\/span><\/p>\n<p class=\"MsoNormal\" style=\"MARGIN: 0cm 0cm 0pt; TEXT-ALIGN: justify\"><span style=\"FONT-SIZE: 14pt; mso-bidi-font-size: 12.0pt\"><font face=\"arial,helvetica,sans-serif\"><font size=\"3\">In reparto, i volontari si occuperanno, innanzi tutto, <strong>dell\u2019accoglienza al momento del triage<\/strong>, cio\u00e8 di quel sistema in base al quale l\u2019infermiere preposto stabilisce le priorit\u00e0 di cura in base ai casi pi\u00f9 gravi. <\/p>\n<p \/><\/font><\/font><\/span><\/p>\n<p class=\"MsoNormal\" style=\"MARGIN: 0cm 0cm 0pt; TEXT-ALIGN: justify\"><span style=\"FONT-SIZE: 14pt; mso-bidi-font-size: 12.0pt\"><font face=\"arial,helvetica,sans-serif\"><font size=\"3\">Inoltre, i volontari avranno compiti di raccordo con lo staff infermieristico e con i familiari in attesa.<\/p>\n<p \/><\/font><\/font><\/span><\/p>\n<p class=\"MsoNormal\" style=\"MARGIN: 0cm 0cm 0pt; TEXT-ALIGN: justify\"><span style=\"FONT-SIZE: 14pt; mso-bidi-font-size: 12.0pt\"><font face=\"arial,helvetica,sans-serif\"><font size=\"3\">Fondamentale, infine, sar\u00e0 il sostegno dei volontari quando terranno compagnia e daranno sostegno alle persone che possono trovarsi pi\u00f9 in difficolt\u00e0, come anziani, bambini, disabili, extracomunitari. <\/p>\n<p \/><\/font><\/font><\/span><\/p>\n<p class=\"MsoNormal\" style=\"MARGIN: 0cm 0cm 0pt; TEXT-ALIGN: justify\"><span style=\"FONT-SIZE: 14pt; mso-bidi-font-size: 12.0pt\"><font face=\"arial,helvetica,sans-serif\"><font size=\"3\">\u201cNoi \u2013 ha aggiunto il presidente dell\u2019Avulss di Busto Franco Reginato \u2013 guardiamo ai bisogni del nostro territorio e questa collaborazione con il Pronto Soccorso rappresenta un\u2019opportunit\u00e0 di crescita molto importante che ci consente di dare sostegno a tanti pazienti\u201d. <\/p>\n<p \/><\/font><\/font><\/span><\/p>\n<p class=\"MsoNormal\" style=\"MARGIN: 0cm 0cm 0pt; TEXT-ALIGN: justify\"><span style=\"FONT-SIZE: 14pt; mso-bidi-font-size: 12.0pt\"><font face=\"arial,helvetica,sans-serif\"><font size=\"3\">Una preziosa presenza quella dei volontari bustesi che si va a inserire nell\u2019attivit\u00e0 di un reparto in costante aumento. Basti pensare che nel corso del 2004 le persone che si sono rivolte al Pronto Soccorso dell\u2019Ospedale di Busto Arsizio sono state 59.974 contro le 56.118 del 2003, ovvero il 6% in pi\u00f9.<\/p>\n<p \/><\/font><\/font><\/span><\/p>\n<p class=\"MsoNormal\" style=\"MARGIN: 0cm 0cm 0pt; TEXT-ALIGN: justify\"><span style=\"FONT-SIZE: 14pt; mso-bidi-font-size: 12.0pt\"><font face=\"arial,helvetica,sans-serif\"><font size=\"3\">\u00a0<\/p>\n<p \/><\/font><\/font><\/span><\/p>\n<p class=\"MsoNormal\" style=\"MARGIN: 0cm 0cm 0pt; TEXT-ALIGN: justify\"><span style=\"FONT-SIZE: 14pt; mso-bidi-font-size: 12.0pt\"><font face=\"arial,helvetica,sans-serif\"><font size=\"3\">Ecco i nomi dei volontari che da luned\u00ec saranno in Pronto Soccorso:<\/p>\n<p \/><\/font><\/font><\/span><\/p>\n<p class=\"MsoNormal\" style=\"MARGIN: 0cm 0cm 0pt; TEXT-ALIGN: justify\"><span style=\"FONT-SIZE: 14pt; mso-bidi-font-size: 12.0pt\"><font face=\"arial,helvetica,sans-serif\"><font size=\"3\">Mariangela Bianchi<\/p>\n<p \/><\/font><\/font><\/span><\/p>\n<p class=\"MsoNormal\" style=\"MARGIN: 0cm 0cm 0pt; TEXT-ALIGN: justify\"><span style=\"FONT-SIZE: 14pt; mso-bidi-font-size: 12.0pt\"><font face=\"arial,helvetica,sans-serif\"><font size=\"3\">Antonio Colombo<\/p>\n<p \/><\/font><\/font><\/span><\/p>\n<p class=\"MsoNormal\" style=\"MARGIN: 0cm 0cm 0pt; TEXT-ALIGN: justify\"><span style=\"FONT-SIZE: 14pt; mso-bidi-font-size: 12.0pt\"><font face=\"arial,helvetica,sans-serif\"><font size=\"3\">Luciano Longhi<\/p>\n<p \/><\/font><\/font><\/span><\/p>\n<p class=\"MsoNormal\" style=\"MARGIN: 0cm 0cm 0pt; TEXT-ALIGN: justify\"><span style=\"FONT-SIZE: 14pt; mso-bidi-font-size: 12.0pt\"><font face=\"arial,helvetica,sans-serif\"><font size=\"3\">Oscar Maraggia<\/p>\n<p \/><\/font><\/font><\/span><\/p>\n<p class=\"MsoNormal\" style=\"MARGIN: 0cm 0cm 0pt; TEXT-ALIGN: justify\"><span style=\"FONT-SIZE: 14pt; mso-bidi-font-size: 12.0pt\"><font face=\"arial,helvetica,sans-serif\"><font size=\"3\">Anna Mavilla Acanfora<\/p>\n<p \/><\/font><\/font><\/span><\/p>\n<p class=\"MsoNormal\" style=\"MARGIN: 0cm 0cm 0pt; TEXT-ALIGN: justify\"><span style=\"FONT-SIZE: 14pt; mso-bidi-font-size: 12.0pt\"><font face=\"arial,helvetica,sans-serif\"><font size=\"3\">Elisa Montagnolo Colombo<\/p>\n<p \/><\/font><\/font><\/span><\/p>\n<p class=\"MsoNormal\" style=\"MARGIN: 0cm 0cm 0pt; TEXT-ALIGN: justify\"><span style=\"FONT-SIZE: 14pt; mso-bidi-font-size: 12.0pt\"><font face=\"arial,helvetica,sans-serif\"><font size=\"3\">Silvana Pastore<\/p>\n<p \/><\/font><\/font><\/span><\/p>\n<p class=\"MsoNormal\" style=\"MARGIN: 0cm 0cm 0pt; TEXT-ALIGN: justify\"><span style=\"FONT-SIZE: 14pt; mso-bidi-font-size: 12.0pt\"><font face=\"arial,helvetica,sans-serif\"><font size=\"3\">Loredana Rossetti<\/p>\n<p \/><\/font><\/font><\/span><\/p>\n<p class=\"MsoNormal\" style=\"MARGIN: 0cm 0cm 0pt; TEXT-ALIGN: justify\"><span style=\"FONT-SIZE: 14pt; mso-bidi-font-size: 12.0pt\"><font face=\"arial,helvetica,sans-serif\"><font size=\"3\">Tiziana Rossi.<\/p>\n<p \/><\/font><\/font><\/span><\/p>\n","protected":false},"excerpt":{"rendered":"<p>Dieci membri dell\u2019associazione collaboreranno con lo staff dell\u2019Unit\u00e0 Operativa per l\u2019accoglienza dei pazienti.<br \/>\nMercoled\u00ec scorso firmata la convenzione<\/p>\n","protected":false},"author":10,"featured_media":0,"comment_status":"open","ping_status":"open","sticky":false,"template":"","format":"standard","meta":{"footnotes":""},"categories":[24],"tags":[],"acf":[],"yoast_head":"<!-- This site is optimized with the Yoast SEO plugin v20.1 - https:\/\/yoast.com\/wordpress\/plugins\/seo\/ -->\n<title>Al Pronto soccorso arrivano i volontari<\/title>\n<meta name=\"description\" content=\"Dieci membri dell\u2019associazione collaboreranno con lo staff dell\u2019Unit\u00e0 Operativa per l\u2019accoglienza dei pazienti. Mercoled\u00ec scorso firmata la convenzione\" \/>\n<meta name=\"robots\" content=\"noindex, follow, max-snippet:-1, max-image-preview:large, max-video-preview:-1\" \/>\n<meta property=\"og:locale\" content=\"it_IT\" \/>\n<meta property=\"og:type\" content=\"article\" \/>\n<meta property=\"og:title\" content=\"Al Pronto soccorso arrivano i volontari\" \/>\n<meta property=\"og:description\" content=\"Dieci membri dell\u2019associazione collaboreranno con lo staff dell\u2019Unit\u00e0 Operativa per l\u2019accoglienza dei pazienti. Mercoled\u00ec scorso firmata la convenzione\" \/>\n<meta property=\"og:url\" content=\"https:\/\/staging.varesenews.it\/2005\/11\/al-pronto-soccorso-arrivano-i-volontari\/268813\/\" \/>\n<meta property=\"og:site_name\" content=\"VareseNews\" \/>\n<meta property=\"article:publisher\" content=\"https:\/\/www.facebook.com\/varesenews\" \/>\n<meta property=\"article:published_time\" content=\"2005-11-21T00:00:00+00:00\" \/>\n<meta property=\"og:image\" content=\"https:\/\/www3.varesenews.it\/immagini_articoli\/200511\/gruppo-avulss.jpg\" \/>\n<meta name=\"author\" content=\"Redazione VareseNews\" \/>\n<meta name=\"twitter:card\" content=\"summary_large_image\" \/>\n<meta name=\"twitter:creator\" content=\"@varesenews\" \/>\n<meta name=\"twitter:site\" content=\"@varesenews\" \/>\n<meta name=\"twitter:label1\" content=\"Scritto da\" \/>\n\t<meta name=\"twitter:data1\" content=\"Redazione VareseNews\" \/>\n\t<meta name=\"twitter:label2\" content=\"Tempo di lettura stimato\" \/>\n\t<meta name=\"twitter:data2\" content=\"2 minuti\" \/>\n<script type=\"application\/ld+json\" class=\"yoast-schema-graph\">{\"@context\":\"https:\/\/schema.org\",\"@graph\":[{\"@type\":\"WebPage\",\"@id\":\"https:\/\/staging.varesenews.it\/2005\/11\/al-pronto-soccorso-arrivano-i-volontari\/268813\/\",\"url\":\"https:\/\/staging.varesenews.it\/2005\/11\/al-pronto-soccorso-arrivano-i-volontari\/268813\/\",\"name\":\"Al Pronto soccorso arrivano i volontari\",\"isPartOf\":{\"@id\":\"https:\/\/staging.varesenews.it\/#website\"},\"datePublished\":\"2005-11-21T00:00:00+00:00\",\"dateModified\":\"2005-11-21T00:00:00+00:00\",\"author\":{\"@id\":\"https:\/\/staging.varesenews.it\/#\/schema\/person\/fb20c4da0b7b16c291707a20db73e169\"},\"description\":\"Dieci membri dell\u2019associazione collaboreranno con lo staff dell\u2019Unit\u00e0 Operativa per l\u2019accoglienza dei pazienti. Mercoled\u00ec scorso firmata la convenzione\",\"breadcrumb\":{\"@id\":\"https:\/\/staging.varesenews.it\/2005\/11\/al-pronto-soccorso-arrivano-i-volontari\/268813\/#breadcrumb\"},\"inLanguage\":\"it-IT\",\"potentialAction\":[{\"@type\":\"ReadAction\",\"target\":[\"https:\/\/staging.varesenews.it\/2005\/11\/al-pronto-soccorso-arrivano-i-volontari\/268813\/\"]}]},{\"@type\":\"BreadcrumbList\",\"@id\":\"https:\/\/staging.varesenews.it\/2005\/11\/al-pronto-soccorso-arrivano-i-volontari\/268813\/#breadcrumb\",\"itemListElement\":[{\"@type\":\"ListItem\",\"position\":1,\"name\":\"Home\",\"item\":\"https:\/\/www.varesenews.it\/\"},{\"@type\":\"ListItem\",\"position\":2,\"name\":\"Al Pronto soccorso arrivano i volontari\"}]},{\"@type\":\"WebSite\",\"@id\":\"https:\/\/staging.varesenews.it\/#website\",\"url\":\"https:\/\/staging.varesenews.it\/\",\"name\":\"VareseNews\",\"description\":\"\",\"potentialAction\":[{\"@type\":\"SearchAction\",\"target\":{\"@type\":\"EntryPoint\",\"urlTemplate\":\"https:\/\/staging.varesenews.it\/?s={search_term_string}\"},\"query-input\":\"required name=search_term_string\"}],\"inLanguage\":\"it-IT\"},{\"@type\":\"Person\",\"@id\":\"https:\/\/staging.varesenews.it\/#\/schema\/person\/fb20c4da0b7b16c291707a20db73e169\",\"name\":\"Redazione VareseNews\",\"image\":{\"@type\":\"ImageObject\",\"inLanguage\":\"it-IT\",\"@id\":\"https:\/\/staging.varesenews.it\/#\/schema\/person\/image\/\",\"url\":\"https:\/\/staging.varesenews.it\/wp-content\/uploads\/2020\/12\/logo_VN_colori_500.png\",\"contentUrl\":\"https:\/\/staging.varesenews.it\/wp-content\/uploads\/2020\/12\/logo_VN_colori_500.png\",\"caption\":\"Redazione VareseNews\"},\"url\":\"https:\/\/staging.varesenews.it\/persona\/redazione1\/\"}]}<\/script>\n<!-- \/ Yoast SEO plugin. -->","yoast_head_json":{"title":"Al Pronto soccorso arrivano i volontari","description":"Dieci membri dell\u2019associazione collaboreranno con lo staff dell\u2019Unit\u00e0 Operativa per l\u2019accoglienza dei pazienti. Mercoled\u00ec scorso firmata la convenzione","robots":{"index":"noindex","follow":"follow","max-snippet":"max-snippet:-1","max-image-preview":"max-image-preview:large","max-video-preview":"max-video-preview:-1"},"og_locale":"it_IT","og_type":"article","og_title":"Al Pronto soccorso arrivano i volontari","og_description":"Dieci membri dell\u2019associazione collaboreranno con lo staff dell\u2019Unit\u00e0 Operativa per l\u2019accoglienza dei pazienti. Mercoled\u00ec scorso firmata la convenzione","og_url":"https:\/\/staging.varesenews.it\/2005\/11\/al-pronto-soccorso-arrivano-i-volontari\/268813\/","og_site_name":"VareseNews","article_publisher":"https:\/\/www.facebook.com\/varesenews","article_published_time":"2005-11-21T00:00:00+00:00","og_image":[{"url":"https:\/\/www3.varesenews.it\/immagini_articoli\/200511\/gruppo-avulss.jpg"}],"author":"Redazione VareseNews","twitter_card":"summary_large_image","twitter_creator":"@varesenews","twitter_site":"@varesenews","twitter_misc":{"Scritto da":"Redazione VareseNews","Tempo di lettura stimato":"2 minuti"},"schema":{"@context":"https:\/\/schema.org","@graph":[{"@type":"WebPage","@id":"https:\/\/staging.varesenews.it\/2005\/11\/al-pronto-soccorso-arrivano-i-volontari\/268813\/","url":"https:\/\/staging.varesenews.it\/2005\/11\/al-pronto-soccorso-arrivano-i-volontari\/268813\/","name":"Al Pronto soccorso arrivano i volontari","isPartOf":{"@id":"https:\/\/staging.varesenews.it\/#website"},"datePublished":"2005-11-21T00:00:00+00:00","dateModified":"2005-11-21T00:00:00+00:00","author":{"@id":"https:\/\/staging.varesenews.it\/#\/schema\/person\/fb20c4da0b7b16c291707a20db73e169"},"description":"Dieci membri dell\u2019associazione collaboreranno con lo staff dell\u2019Unit\u00e0 Operativa per l\u2019accoglienza dei pazienti. Mercoled\u00ec scorso firmata la convenzione","breadcrumb":{"@id":"https:\/\/staging.varesenews.it\/2005\/11\/al-pronto-soccorso-arrivano-i-volontari\/268813\/#breadcrumb"},"inLanguage":"it-IT","potentialAction":[{"@type":"ReadAction","target":["https:\/\/staging.varesenews.it\/2005\/11\/al-pronto-soccorso-arrivano-i-volontari\/268813\/"]}]},{"@type":"BreadcrumbList","@id":"https:\/\/staging.varesenews.it\/2005\/11\/al-pronto-soccorso-arrivano-i-volontari\/268813\/#breadcrumb","itemListElement":[{"@type":"ListItem","position":1,"name":"Home","item":"https:\/\/www.varesenews.it\/"},{"@type":"ListItem","position":2,"name":"Al Pronto soccorso arrivano i volontari"}]},{"@type":"WebSite","@id":"https:\/\/staging.varesenews.it\/#website","url":"https:\/\/staging.varesenews.it\/","name":"VareseNews","description":"","potentialAction":[{"@type":"SearchAction","target":{"@type":"EntryPoint","urlTemplate":"https:\/\/staging.varesenews.it\/?s={search_term_string}"},"query-input":"required name=search_term_string"}],"inLanguage":"it-IT"},{"@type":"Person","@id":"https:\/\/staging.varesenews.it\/#\/schema\/person\/fb20c4da0b7b16c291707a20db73e169","name":"Redazione VareseNews","image":{"@type":"ImageObject","inLanguage":"it-IT","@id":"https:\/\/staging.varesenews.it\/#\/schema\/person\/image\/","url":"https:\/\/staging.varesenews.it\/wp-content\/uploads\/2020\/12\/logo_VN_colori_500.png","contentUrl":"https:\/\/staging.varesenews.it\/wp-content\/uploads\/2020\/12\/logo_VN_colori_500.png","caption":"Redazione VareseNews"},"url":"https:\/\/staging.varesenews.it\/persona\/redazione1\/"}]}},"post_meta":{"id_old":"31955","argomento":"Busto Arsizio"},"photos":[],"_links":{"self":[{"href":"https:\/\/staging.varesenews.it\/swgapi\/v1\/wp\/v2\/posts\/268813"}],"collection":[{"href":"https:\/\/staging.varesenews.it\/swgapi\/v1\/wp\/v2\/posts"}],"about":[{"href":"https:\/\/staging.varesenews.it\/swgapi\/v1\/wp\/v2\/types\/post"}],"author":[{"embeddable":true,"href":"https:\/\/staging.varesenews.it\/swgapi\/v1\/wp\/v2\/users\/10"}],"replies":[{"embeddable":true,"href":"https:\/\/staging.varesenews.it\/swgapi\/v1\/wp\/v2\/comments?post=268813"}],"version-history":[{"count":0,"href":"https:\/\/staging.varesenews.it\/swgapi\/v1\/wp\/v2\/posts\/268813\/revisions"}],"wp:attachment":[{"href":"https:\/\/staging.varesenews.it\/swgapi\/v1\/wp\/v2\/media?parent=268813"}],"wp:term":[{"taxonomy":"category","embeddable":true,"href":"https:\/\/staging.varesenews.it\/swgapi\/v1\/wp\/v2\/categories?post=268813"},{"taxonomy":"post_tag","embeddable":true,"href":"https:\/\/staging.varesenews.it\/swgapi\/v1\/wp\/v2\/tags?post=268813"}],"curies":[{"name":"wp","href":"https:\/\/api.w.org\/{rel}","templated":true}]}}