{"id":271235,"date":"2005-09-30T00:00:00","date_gmt":"2005-09-30T00:00:00","guid":{"rendered":""},"modified":"2005-09-30T00:00:00","modified_gmt":"2005-09-30T00:00:00","slug":"informatica-e-medicina-unite-nel-nome-del-progresso","status":"publish","type":"post","link":"https:\/\/staging.varesenews.it\/2005\/09\/informatica-e-medicina-unite-nel-nome-del-progresso\/271235\/","title":{"rendered":"Informatica e medicina unite nel nome del progresso"},"content":{"rendered":"<p><img decoding=\"async\" hspace=\"0\" src=\"https:\/\/www3.varesenews.it\/immagini_articoli\/200509\/binaghi-ok.jpg\" align=\"left\" border=\"0\" \/><\/p>\n<p align=\"justify\"><font face=\"arial,helvetica,sans-serif\">Quante volte abbiamo sentito dire che i costi della sanit\u00e0 lievitano a causa della tecnologia. Una tecnologia sempre pi\u00f9 avanzata, raffinata, spesso informatizzata. <br \/>Il rapporto tra computer e medicina \u00e8 ormai\u00a0 consolidato: i medici sono grandi fruitori dell&#8217;informatica e di internet.\u00a0 Costituiscono un universo in costante aggiornamento e sempre alla ricerca di\u00a0conoscenze. <br \/>L&#8217;informatica si \u00e8, quindi, rivelata una grande alleata capace di mettere tutti in grado di accedere alle notizie, ai risultati, alle conquiste realizzate da colleghi di tutto il mondo. <br \/>Per dare corpo e struttura a questo rapporto, nato spesso occasionlmente e consolidatosi in maniera spontanea, <strong>l&#8217;Universit\u00e0 dell&#8217;Insubria ha creato il CRAIIM, il Centro di Ricerca in Analisi di Immagini e Informatica Medica<\/strong>, che collega area Informatica e Biomedica coinvolgendo 11 professori delle Facolt\u00e0 di Scienze e di Medicina di Varese e 8 ricercatori, dottorandi e specializzandi.<\/font><\/p>\n<p align=\"justify\"><font face=\"arial,helvetica,sans-serif\">Il Centro, costituitosi nel novembre del 2004, \u00e8 sorto proprio con la finalit\u00e0 di dare una struttura ad un&#8217;attivit\u00e0 di collaborazione gi\u00e0 molto ricca, per potersi accreditare presso le comunit\u00e0 scientifiche ma anche al mondo imprenditoriale privato. <\/font><\/p>\n<p align=\"justify\"><font face=\"arial,helvetica,sans-serif\">Sono numerosi i risultati raggiunti in questo lavoro di equipe: &quot;Le nostre attivit\u00e0 scientifiche &#8211; ha spiegato\u00a0il <strong>direttore del Centro Elisabetta Binaghi<\/strong> &#8211; \u00a0hanno risvolti industriali ed applicativi rilevanti che vogliamo condividere con il mondo imprenditoriale e delle istituzioni&quot;.<\/font><\/p>\n<p align=\"justify\"><font face=\"arial,helvetica,sans-serif\"><\/font><\/p>\n<p align=\"justify\"><font face=\"arial,helvetica,sans-serif\">Tra i lavori, che impegnano i ricercatori del CRAIIM, una nuova procedura informatica per la ricostruzione tridimensionale delle immagini prodotte dal microscopio elettronico a scansione. Le applicazioni sono numerose, per esempio, nel campo della morfologia umana dove tale sistema consentir\u00e0 di osservare i tessuti umani e biologici con una precisione elevatissima. Lo studio \u00e8 condotto in collaborazione con l\u2019Istituto di Anatomia Umana Normale dell\u2019Universit\u00e0 di Bologna e con il Dipartimento di Medicina Sperimentale dell\u2019Universit\u00e0 di Parma, il Dipartimento di Scienze Ortopediche e Traumatologiche dell\u2019Universit\u00e0 dell\u2019Insubria e con l\u2019Ospedale &quot;Confalonieri&quot; di Luino (Ospedale di Circolo e Fondazione Macchi, Varese).<\/font><\/p>\n<p align=\"justify\"><font face=\"arial,helvetica,sans-serif\">Altri progetti sono in corso in ambito odontoiatrico: come il\u00a0sistema informatico per la gestione automatica e l\u2019interpretazione dei dati personali, anamnestici e clinici dei pazienti, oppure\u00a0il sistema software dedicato alla compilazione della cartella parodontale elettronica da parte dell\u2019igienista.<\/font><\/p>\n<p align=\"justify\" \/>\n<p align=\"justify\"><font face=\"arial,helvetica,sans-serif\">Una speciale pedaliera a tre pulsanti, infine<strong>,<\/strong>\u00a0\u00e8 stata appositamente studiata per evitare l&#8217;utilizzo di tastiera e mouse escludendo quindi qualsiasi tipo di contaminazione tra strumenti di rilevazione diagnostica e strumenti di inserimento dati da parte dell\u2019igienista.<\/font><\/p>\n<p align=\"justify\"><font face=\"Arial\">Strutturare questa collaborazione intensa in un centr di ricerca potrebbe essere un primo passo verso l&#8217;istituzione di un corso di laurea, un indirizzo ben preciso che va nel segno del progresso.<\/font><\/p>\n","protected":false},"excerpt":{"rendered":"<p>Presentate a Villa Toeplitz le attivit\u00e0 del Centro di Ricerca in Analisi di Immagini e Informatica Medica nato all&#8217;Universit\u00e0 dell&#8217;Insubria<\/p>\n","protected":false},"author":10,"featured_media":0,"comment_status":"open","ping_status":"open","sticky":false,"template":"","format":"standard","meta":{"footnotes":""},"categories":[90],"tags":[],"acf":[],"yoast_head":"<!-- This site is optimized with the Yoast SEO plugin v20.1 - https:\/\/yoast.com\/wordpress\/plugins\/seo\/ -->\n<title>Informatica e medicina unite nel nome del progresso<\/title>\n<meta name=\"description\" content=\"Presentate a Villa Toeplitz le attivit\u00e0 del Centro di Ricerca in Analisi di Immagini e Informatica Medica nato all&#039;Universit\u00e0 dell&#039;Insubria\" \/>\n<meta name=\"robots\" content=\"noindex, follow, max-snippet:-1, max-image-preview:large, max-video-preview:-1\" \/>\n<meta property=\"og:locale\" content=\"it_IT\" \/>\n<meta property=\"og:type\" content=\"article\" \/>\n<meta property=\"og:title\" content=\"Informatica e medicina unite nel nome del progresso\" \/>\n<meta property=\"og:description\" content=\"Presentate a Villa Toeplitz le attivit\u00e0 del Centro di Ricerca in Analisi di Immagini e Informatica Medica nato all&#039;Universit\u00e0 dell&#039;Insubria\" \/>\n<meta property=\"og:url\" content=\"https:\/\/staging.varesenews.it\/2005\/09\/informatica-e-medicina-unite-nel-nome-del-progresso\/271235\/\" \/>\n<meta property=\"og:site_name\" content=\"VareseNews\" \/>\n<meta property=\"article:publisher\" content=\"https:\/\/www.facebook.com\/varesenews\" \/>\n<meta property=\"article:published_time\" content=\"2005-09-30T00:00:00+00:00\" \/>\n<meta property=\"og:image\" content=\"https:\/\/www3.varesenews.it\/immagini_articoli\/200509\/binaghi-ok.jpg\" \/>\n<meta name=\"author\" content=\"Redazione VareseNews\" \/>\n<meta name=\"twitter:card\" content=\"summary_large_image\" \/>\n<meta name=\"twitter:creator\" content=\"@varesenews\" \/>\n<meta name=\"twitter:site\" content=\"@varesenews\" \/>\n<meta name=\"twitter:label1\" content=\"Scritto da\" \/>\n\t<meta name=\"twitter:data1\" content=\"Redazione VareseNews\" \/>\n\t<meta name=\"twitter:label2\" content=\"Tempo di lettura stimato\" \/>\n\t<meta name=\"twitter:data2\" content=\"2 minuti\" \/>\n<script type=\"application\/ld+json\" class=\"yoast-schema-graph\">{\"@context\":\"https:\/\/schema.org\",\"@graph\":[{\"@type\":\"WebPage\",\"@id\":\"https:\/\/staging.varesenews.it\/2005\/09\/informatica-e-medicina-unite-nel-nome-del-progresso\/271235\/\",\"url\":\"https:\/\/staging.varesenews.it\/2005\/09\/informatica-e-medicina-unite-nel-nome-del-progresso\/271235\/\",\"name\":\"Informatica e medicina unite nel nome del progresso\",\"isPartOf\":{\"@id\":\"https:\/\/staging.varesenews.it\/#website\"},\"datePublished\":\"2005-09-30T00:00:00+00:00\",\"dateModified\":\"2005-09-30T00:00:00+00:00\",\"author\":{\"@id\":\"https:\/\/staging.varesenews.it\/#\/schema\/person\/fb20c4da0b7b16c291707a20db73e169\"},\"description\":\"Presentate a Villa Toeplitz le attivit\u00e0 del Centro di Ricerca in Analisi di Immagini e Informatica Medica nato all'Universit\u00e0 dell'Insubria\",\"breadcrumb\":{\"@id\":\"https:\/\/staging.varesenews.it\/2005\/09\/informatica-e-medicina-unite-nel-nome-del-progresso\/271235\/#breadcrumb\"},\"inLanguage\":\"it-IT\",\"potentialAction\":[{\"@type\":\"ReadAction\",\"target\":[\"https:\/\/staging.varesenews.it\/2005\/09\/informatica-e-medicina-unite-nel-nome-del-progresso\/271235\/\"]}]},{\"@type\":\"BreadcrumbList\",\"@id\":\"https:\/\/staging.varesenews.it\/2005\/09\/informatica-e-medicina-unite-nel-nome-del-progresso\/271235\/#breadcrumb\",\"itemListElement\":[{\"@type\":\"ListItem\",\"position\":1,\"name\":\"Home\",\"item\":\"https:\/\/www.varesenews.it\/\"},{\"@type\":\"ListItem\",\"position\":2,\"name\":\"Informatica e medicina unite nel nome del progresso\"}]},{\"@type\":\"WebSite\",\"@id\":\"https:\/\/staging.varesenews.it\/#website\",\"url\":\"https:\/\/staging.varesenews.it\/\",\"name\":\"VareseNews\",\"description\":\"\",\"potentialAction\":[{\"@type\":\"SearchAction\",\"target\":{\"@type\":\"EntryPoint\",\"urlTemplate\":\"https:\/\/staging.varesenews.it\/?s={search_term_string}\"},\"query-input\":\"required name=search_term_string\"}],\"inLanguage\":\"it-IT\"},{\"@type\":\"Person\",\"@id\":\"https:\/\/staging.varesenews.it\/#\/schema\/person\/fb20c4da0b7b16c291707a20db73e169\",\"name\":\"Redazione VareseNews\",\"image\":{\"@type\":\"ImageObject\",\"inLanguage\":\"it-IT\",\"@id\":\"https:\/\/staging.varesenews.it\/#\/schema\/person\/image\/\",\"url\":\"https:\/\/staging.varesenews.it\/wp-content\/uploads\/2020\/12\/logo_VN_colori_500.png\",\"contentUrl\":\"https:\/\/staging.varesenews.it\/wp-content\/uploads\/2020\/12\/logo_VN_colori_500.png\",\"caption\":\"Redazione VareseNews\"},\"url\":\"https:\/\/staging.varesenews.it\/persona\/redazione1\/\"}]}<\/script>\n<!-- \/ Yoast SEO plugin. -->","yoast_head_json":{"title":"Informatica e medicina unite nel nome del progresso","description":"Presentate a Villa Toeplitz le attivit\u00e0 del Centro di Ricerca in Analisi di Immagini e Informatica Medica nato all'Universit\u00e0 dell'Insubria","robots":{"index":"noindex","follow":"follow","max-snippet":"max-snippet:-1","max-image-preview":"max-image-preview:large","max-video-preview":"max-video-preview:-1"},"og_locale":"it_IT","og_type":"article","og_title":"Informatica e medicina unite nel nome del progresso","og_description":"Presentate a Villa Toeplitz le attivit\u00e0 del Centro di Ricerca in Analisi di Immagini e Informatica Medica nato all'Universit\u00e0 dell'Insubria","og_url":"https:\/\/staging.varesenews.it\/2005\/09\/informatica-e-medicina-unite-nel-nome-del-progresso\/271235\/","og_site_name":"VareseNews","article_publisher":"https:\/\/www.facebook.com\/varesenews","article_published_time":"2005-09-30T00:00:00+00:00","og_image":[{"url":"https:\/\/www3.varesenews.it\/immagini_articoli\/200509\/binaghi-ok.jpg"}],"author":"Redazione VareseNews","twitter_card":"summary_large_image","twitter_creator":"@varesenews","twitter_site":"@varesenews","twitter_misc":{"Scritto da":"Redazione VareseNews","Tempo di lettura stimato":"2 minuti"},"schema":{"@context":"https:\/\/schema.org","@graph":[{"@type":"WebPage","@id":"https:\/\/staging.varesenews.it\/2005\/09\/informatica-e-medicina-unite-nel-nome-del-progresso\/271235\/","url":"https:\/\/staging.varesenews.it\/2005\/09\/informatica-e-medicina-unite-nel-nome-del-progresso\/271235\/","name":"Informatica e medicina unite nel nome del progresso","isPartOf":{"@id":"https:\/\/staging.varesenews.it\/#website"},"datePublished":"2005-09-30T00:00:00+00:00","dateModified":"2005-09-30T00:00:00+00:00","author":{"@id":"https:\/\/staging.varesenews.it\/#\/schema\/person\/fb20c4da0b7b16c291707a20db73e169"},"description":"Presentate a Villa Toeplitz le attivit\u00e0 del Centro di Ricerca in Analisi di Immagini e Informatica Medica nato all'Universit\u00e0 dell'Insubria","breadcrumb":{"@id":"https:\/\/staging.varesenews.it\/2005\/09\/informatica-e-medicina-unite-nel-nome-del-progresso\/271235\/#breadcrumb"},"inLanguage":"it-IT","potentialAction":[{"@type":"ReadAction","target":["https:\/\/staging.varesenews.it\/2005\/09\/informatica-e-medicina-unite-nel-nome-del-progresso\/271235\/"]}]},{"@type":"BreadcrumbList","@id":"https:\/\/staging.varesenews.it\/2005\/09\/informatica-e-medicina-unite-nel-nome-del-progresso\/271235\/#breadcrumb","itemListElement":[{"@type":"ListItem","position":1,"name":"Home","item":"https:\/\/www.varesenews.it\/"},{"@type":"ListItem","position":2,"name":"Informatica e medicina unite nel nome del progresso"}]},{"@type":"WebSite","@id":"https:\/\/staging.varesenews.it\/#website","url":"https:\/\/staging.varesenews.it\/","name":"VareseNews","description":"","potentialAction":[{"@type":"SearchAction","target":{"@type":"EntryPoint","urlTemplate":"https:\/\/staging.varesenews.it\/?s={search_term_string}"},"query-input":"required name=search_term_string"}],"inLanguage":"it-IT"},{"@type":"Person","@id":"https:\/\/staging.varesenews.it\/#\/schema\/person\/fb20c4da0b7b16c291707a20db73e169","name":"Redazione VareseNews","image":{"@type":"ImageObject","inLanguage":"it-IT","@id":"https:\/\/staging.varesenews.it\/#\/schema\/person\/image\/","url":"https:\/\/staging.varesenews.it\/wp-content\/uploads\/2020\/12\/logo_VN_colori_500.png","contentUrl":"https:\/\/staging.varesenews.it\/wp-content\/uploads\/2020\/12\/logo_VN_colori_500.png","caption":"Redazione VareseNews"},"url":"https:\/\/staging.varesenews.it\/persona\/redazione1\/"}]}},"post_meta":{"id_old":"28836","argomento":"Varese"},"photos":[],"_links":{"self":[{"href":"https:\/\/staging.varesenews.it\/swgapi\/v1\/wp\/v2\/posts\/271235"}],"collection":[{"href":"https:\/\/staging.varesenews.it\/swgapi\/v1\/wp\/v2\/posts"}],"about":[{"href":"https:\/\/staging.varesenews.it\/swgapi\/v1\/wp\/v2\/types\/post"}],"author":[{"embeddable":true,"href":"https:\/\/staging.varesenews.it\/swgapi\/v1\/wp\/v2\/users\/10"}],"replies":[{"embeddable":true,"href":"https:\/\/staging.varesenews.it\/swgapi\/v1\/wp\/v2\/comments?post=271235"}],"version-history":[{"count":0,"href":"https:\/\/staging.varesenews.it\/swgapi\/v1\/wp\/v2\/posts\/271235\/revisions"}],"wp:attachment":[{"href":"https:\/\/staging.varesenews.it\/swgapi\/v1\/wp\/v2\/media?parent=271235"}],"wp:term":[{"taxonomy":"category","embeddable":true,"href":"https:\/\/staging.varesenews.it\/swgapi\/v1\/wp\/v2\/categories?post=271235"},{"taxonomy":"post_tag","embeddable":true,"href":"https:\/\/staging.varesenews.it\/swgapi\/v1\/wp\/v2\/tags?post=271235"}],"curies":[{"name":"wp","href":"https:\/\/api.w.org\/{rel}","templated":true}]}}