{"id":27157,"date":"2014-09-26T00:00:00","date_gmt":"2014-09-26T00:00:00","guid":{"rendered":""},"modified":"2014-09-26T00:00:00","modified_gmt":"2014-09-26T00:00:00","slug":"la-notte-dei-ricercatori-comincia-dalle-scuole","status":"publish","type":"post","link":"https:\/\/staging.varesenews.it\/2014\/09\/la-notte-dei-ricercatori-comincia-dalle-scuole\/27157\/","title":{"rendered":"La notte dei ricercatori comincia dalle scuole"},"content":{"rendered":"<p><img loading=\"lazy\" decoding=\"async\" src=\"https:\/\/www3.varesenews.it\/immagini_articoli\/201409\/tmax600x480_230071853_DSC_0069.jpg\" width=\"300\" height=\"201\" vspace=\"5\" hspace=\"5\" border=\"1\" align=\"right\" alt=\"\" \/>Erano quasi in mille, di tutte le et&agrave;. <br \/>\nNel giorno in cui l&#8217;Universit&agrave; va in piazza, i primi eventi portano gli studenti di tutte le et&agrave; &#8211; dalle elementari alle superiori &#8211; nelle sedi dell&#8217;universit&agrave; dell&#8217;insubria.<br \/>\nMeet me tonight &#8211; la notte dei ricercatori comincia infatti da dimostrazioni e laboratorie per studenti di ogni et&agrave;, con sede nell&#8217;ateneo dell&#8217;Insubria e relatori delle facolt&agrave; non solo varesine, ma anche della Liuc di Castellanza: decine i seminari e i workshop che permettono&nbsp;per esempio di giocare con stampanti e scanner tre D, scoprire a cosa serve Arduino, guardare nei microscopi elettronici a scansione o scoprire il corpo umano.&nbsp;<\/p>\n<div style=\"padding: 20px; font-family: Georgia, 'Times New Roman', Times, serif; background-color: rgb(240, 240, 240);\"><a href=\"http:\/\/www3.varesenews.it\/gallerie\/la-notte-dei-ricercatori-va-a-scuola-19753.html\" target=\"_blank\"><span style=\"color: rgb(255, 0, 0);\">GUARDA LA GALLERIA FOTOGRAFICA<\/span><\/a><\/div>\n<p>\nPer questi speciali esperimenti dalle scuole primarie sono arrivati 360 bambini; dalle medie 114; 239 ragazzi dalle superiori per una trentina di laboratori e seminari dimostrativi in programma nel Campus di Bizzozero e a cura di ricercatori dell&rsquo;Universit&agrave; dell&rsquo;Insubria e della LIUC &ndash; Universit&agrave; Cattaneo. Altri 200 ragazzi assisteranno allo spettacolo teatrale &ldquo;Barbara McClintock&rdquo; ispirato alla storia della scienziata insignita del premio Nobel per la Medicina nel 1983, organizzato nell&rsquo;ambito del Progetto Giovani Pensatori. <\/p>\n<p>Nel pomeriggio, per&ograve;, l&#8217;universit&agrave; si trasferisce &quot;in piazza&quot;. In piazza Monte Grappa, pi&ugrave; precisamente, ci saranno per esempio laboratori e visite guidate si susseguirannno dalle 16 in poi e culmineranno in un incontro evento &#8211; alle 20 in Camera di Commercio, sala Campiotti &#8211; &nbsp;che vedr&agrave; protagonista un docente dell&#8217;Insubria ben conosciuto per la sua capacit&agrave; di portare la conoscenza scientifica in cucina: <strong>Dario Bressanini<\/strong>, docente in chimica, giornalista e blogger per Le Scienze e autore di libri sull&#8217;argomento. Ovviamente, con assaggio e aperitivo finale.<\/p>\n<div style=\"padding: 20px; background-color: rgb(240, 240, 240); font-family: Georgia, 'Times New Roman', Times, serif;\"><a href=\"http:\/\/www3.varesenews.it\/varese\/meet-me-tonight-venerdi-e-la-notte-dei-ricercatori-296695.html\" target=\"_blank\">LEGGI ANCHE: &nbsp;&quot;Meet me tonight&quot; venerd&igrave; &egrave; la notte dei ricercatori<\/a><\/div>\n","protected":false},"excerpt":{"rendered":"<p>Nel giorno in cui l&#8217;Universit\u00e0 va in piazza, i primi eventi portano gli studenti di tutte le et\u00e0 &#8211; dalle elementari alle superiori &#8211; nelle sedi dell&#8217;universit\u00e0 dell&#8217;insubria. Poi l&#8217;iuniversit\u00e0 si trasferisce in piazza <\/p>\n","protected":false},"author":10,"featured_media":0,"comment_status":"open","ping_status":"open","sticky":false,"template":"","format":"standard","meta":{"footnotes":""},"categories":[90,2],"tags":[132,397,502],"acf":[],"yoast_head":"<!-- This site is optimized with the Yoast SEO plugin v20.1 - https:\/\/yoast.com\/wordpress\/plugins\/seo\/ -->\n<title>La notte dei ricercatori comincia dalle scuole<\/title>\n<meta name=\"description\" content=\"Nel giorno in cui l&#039;Universit\u00e0 va in piazza, i primi eventi portano gli studenti di tutte le et\u00e0 - dalle elementari alle superiori - nelle sedi dell&#039;universit\u00e0 dell&#039;insubria. Poi l&#039;iuniversit\u00e0 si trasferisce in piazza\" \/>\n<meta name=\"robots\" content=\"noindex, follow, max-snippet:-1, max-image-preview:large, max-video-preview:-1\" \/>\n<meta property=\"og:locale\" content=\"it_IT\" \/>\n<meta property=\"og:type\" content=\"article\" \/>\n<meta property=\"og:title\" content=\"La notte dei ricercatori comincia dalle scuole\" \/>\n<meta property=\"og:description\" content=\"Nel giorno in cui l&#039;Universit\u00e0 va in piazza, i primi eventi portano gli studenti di tutte le et\u00e0 - dalle elementari alle superiori - nelle sedi dell&#039;universit\u00e0 dell&#039;insubria. Poi l&#039;iuniversit\u00e0 si trasferisce in piazza\" \/>\n<meta property=\"og:url\" content=\"https:\/\/staging.varesenews.it\/2014\/09\/la-notte-dei-ricercatori-comincia-dalle-scuole\/27157\/\" \/>\n<meta property=\"og:site_name\" content=\"VareseNews\" \/>\n<meta property=\"article:publisher\" content=\"https:\/\/www.facebook.com\/varesenews\" \/>\n<meta property=\"article:published_time\" content=\"2014-09-26T00:00:00+00:00\" \/>\n<meta property=\"og:image\" content=\"https:\/\/www3.varesenews.it\/immagini_articoli\/201409\/tmax600x480_230071853_DSC_0069.jpg\" \/>\n<meta name=\"author\" content=\"Redazione VareseNews\" \/>\n<meta name=\"twitter:card\" content=\"summary_large_image\" \/>\n<meta name=\"twitter:creator\" content=\"@varesenews\" \/>\n<meta name=\"twitter:site\" content=\"@varesenews\" \/>\n<meta name=\"twitter:label1\" content=\"Scritto da\" \/>\n\t<meta name=\"twitter:data1\" content=\"Redazione VareseNews\" \/>\n\t<meta name=\"twitter:label2\" content=\"Tempo di lettura stimato\" \/>\n\t<meta name=\"twitter:data2\" content=\"2 minuti\" \/>\n<script type=\"application\/ld+json\" class=\"yoast-schema-graph\">{\"@context\":\"https:\/\/schema.org\",\"@graph\":[{\"@type\":\"WebPage\",\"@id\":\"https:\/\/staging.varesenews.it\/2014\/09\/la-notte-dei-ricercatori-comincia-dalle-scuole\/27157\/\",\"url\":\"https:\/\/staging.varesenews.it\/2014\/09\/la-notte-dei-ricercatori-comincia-dalle-scuole\/27157\/\",\"name\":\"La notte dei ricercatori comincia dalle scuole\",\"isPartOf\":{\"@id\":\"https:\/\/staging.varesenews.it\/#website\"},\"datePublished\":\"2014-09-26T00:00:00+00:00\",\"dateModified\":\"2014-09-26T00:00:00+00:00\",\"author\":{\"@id\":\"https:\/\/staging.varesenews.it\/#\/schema\/person\/fb20c4da0b7b16c291707a20db73e169\"},\"description\":\"Nel giorno in cui l'Universit\u00e0 va in piazza, i primi eventi portano gli studenti di tutte le et\u00e0 - dalle elementari alle superiori - nelle sedi dell'universit\u00e0 dell'insubria. Poi l'iuniversit\u00e0 si trasferisce in piazza\",\"breadcrumb\":{\"@id\":\"https:\/\/staging.varesenews.it\/2014\/09\/la-notte-dei-ricercatori-comincia-dalle-scuole\/27157\/#breadcrumb\"},\"inLanguage\":\"it-IT\",\"potentialAction\":[{\"@type\":\"ReadAction\",\"target\":[\"https:\/\/staging.varesenews.it\/2014\/09\/la-notte-dei-ricercatori-comincia-dalle-scuole\/27157\/\"]}]},{\"@type\":\"BreadcrumbList\",\"@id\":\"https:\/\/staging.varesenews.it\/2014\/09\/la-notte-dei-ricercatori-comincia-dalle-scuole\/27157\/#breadcrumb\",\"itemListElement\":[{\"@type\":\"ListItem\",\"position\":1,\"name\":\"Home\",\"item\":\"https:\/\/www.varesenews.it\/\"},{\"@type\":\"ListItem\",\"position\":2,\"name\":\"La notte dei ricercatori comincia dalle scuole\"}]},{\"@type\":\"WebSite\",\"@id\":\"https:\/\/staging.varesenews.it\/#website\",\"url\":\"https:\/\/staging.varesenews.it\/\",\"name\":\"VareseNews\",\"description\":\"\",\"potentialAction\":[{\"@type\":\"SearchAction\",\"target\":{\"@type\":\"EntryPoint\",\"urlTemplate\":\"https:\/\/staging.varesenews.it\/?s={search_term_string}\"},\"query-input\":\"required name=search_term_string\"}],\"inLanguage\":\"it-IT\"},{\"@type\":\"Person\",\"@id\":\"https:\/\/staging.varesenews.it\/#\/schema\/person\/fb20c4da0b7b16c291707a20db73e169\",\"name\":\"Redazione VareseNews\",\"image\":{\"@type\":\"ImageObject\",\"inLanguage\":\"it-IT\",\"@id\":\"https:\/\/staging.varesenews.it\/#\/schema\/person\/image\/\",\"url\":\"https:\/\/staging.varesenews.it\/wp-content\/uploads\/2020\/12\/logo_VN_colori_500.png\",\"contentUrl\":\"https:\/\/staging.varesenews.it\/wp-content\/uploads\/2020\/12\/logo_VN_colori_500.png\",\"caption\":\"Redazione VareseNews\"},\"url\":\"https:\/\/staging.varesenews.it\/persona\/redazione1\/\"}]}<\/script>\n<!-- \/ Yoast SEO plugin. -->","yoast_head_json":{"title":"La notte dei ricercatori comincia dalle scuole","description":"Nel giorno in cui l'Universit\u00e0 va in piazza, i primi eventi portano gli studenti di tutte le et\u00e0 - dalle elementari alle superiori - nelle sedi dell'universit\u00e0 dell'insubria. Poi l'iuniversit\u00e0 si trasferisce in piazza","robots":{"index":"noindex","follow":"follow","max-snippet":"max-snippet:-1","max-image-preview":"max-image-preview:large","max-video-preview":"max-video-preview:-1"},"og_locale":"it_IT","og_type":"article","og_title":"La notte dei ricercatori comincia dalle scuole","og_description":"Nel giorno in cui l'Universit\u00e0 va in piazza, i primi eventi portano gli studenti di tutte le et\u00e0 - dalle elementari alle superiori - nelle sedi dell'universit\u00e0 dell'insubria. Poi l'iuniversit\u00e0 si trasferisce in piazza","og_url":"https:\/\/staging.varesenews.it\/2014\/09\/la-notte-dei-ricercatori-comincia-dalle-scuole\/27157\/","og_site_name":"VareseNews","article_publisher":"https:\/\/www.facebook.com\/varesenews","article_published_time":"2014-09-26T00:00:00+00:00","og_image":[{"url":"https:\/\/www3.varesenews.it\/immagini_articoli\/201409\/tmax600x480_230071853_DSC_0069.jpg"}],"author":"Redazione VareseNews","twitter_card":"summary_large_image","twitter_creator":"@varesenews","twitter_site":"@varesenews","twitter_misc":{"Scritto da":"Redazione VareseNews","Tempo di lettura stimato":"2 minuti"},"schema":{"@context":"https:\/\/schema.org","@graph":[{"@type":"WebPage","@id":"https:\/\/staging.varesenews.it\/2014\/09\/la-notte-dei-ricercatori-comincia-dalle-scuole\/27157\/","url":"https:\/\/staging.varesenews.it\/2014\/09\/la-notte-dei-ricercatori-comincia-dalle-scuole\/27157\/","name":"La notte dei ricercatori comincia dalle scuole","isPartOf":{"@id":"https:\/\/staging.varesenews.it\/#website"},"datePublished":"2014-09-26T00:00:00+00:00","dateModified":"2014-09-26T00:00:00+00:00","author":{"@id":"https:\/\/staging.varesenews.it\/#\/schema\/person\/fb20c4da0b7b16c291707a20db73e169"},"description":"Nel giorno in cui l'Universit\u00e0 va in piazza, i primi eventi portano gli studenti di tutte le et\u00e0 - dalle elementari alle superiori - nelle sedi dell'universit\u00e0 dell'insubria. Poi l'iuniversit\u00e0 si trasferisce in piazza","breadcrumb":{"@id":"https:\/\/staging.varesenews.it\/2014\/09\/la-notte-dei-ricercatori-comincia-dalle-scuole\/27157\/#breadcrumb"},"inLanguage":"it-IT","potentialAction":[{"@type":"ReadAction","target":["https:\/\/staging.varesenews.it\/2014\/09\/la-notte-dei-ricercatori-comincia-dalle-scuole\/27157\/"]}]},{"@type":"BreadcrumbList","@id":"https:\/\/staging.varesenews.it\/2014\/09\/la-notte-dei-ricercatori-comincia-dalle-scuole\/27157\/#breadcrumb","itemListElement":[{"@type":"ListItem","position":1,"name":"Home","item":"https:\/\/www.varesenews.it\/"},{"@type":"ListItem","position":2,"name":"La notte dei ricercatori comincia dalle scuole"}]},{"@type":"WebSite","@id":"https:\/\/staging.varesenews.it\/#website","url":"https:\/\/staging.varesenews.it\/","name":"VareseNews","description":"","potentialAction":[{"@type":"SearchAction","target":{"@type":"EntryPoint","urlTemplate":"https:\/\/staging.varesenews.it\/?s={search_term_string}"},"query-input":"required name=search_term_string"}],"inLanguage":"it-IT"},{"@type":"Person","@id":"https:\/\/staging.varesenews.it\/#\/schema\/person\/fb20c4da0b7b16c291707a20db73e169","name":"Redazione VareseNews","image":{"@type":"ImageObject","inLanguage":"it-IT","@id":"https:\/\/staging.varesenews.it\/#\/schema\/person\/image\/","url":"https:\/\/staging.varesenews.it\/wp-content\/uploads\/2020\/12\/logo_VN_colori_500.png","contentUrl":"https:\/\/staging.varesenews.it\/wp-content\/uploads\/2020\/12\/logo_VN_colori_500.png","caption":"Redazione VareseNews"},"url":"https:\/\/staging.varesenews.it\/persona\/redazione1\/"}]}},"post_meta":{"id_old":"296893","argomento":"Varese","autore_old":"SR"},"photos":[],"_links":{"self":[{"href":"https:\/\/staging.varesenews.it\/swgapi\/v1\/wp\/v2\/posts\/27157"}],"collection":[{"href":"https:\/\/staging.varesenews.it\/swgapi\/v1\/wp\/v2\/posts"}],"about":[{"href":"https:\/\/staging.varesenews.it\/swgapi\/v1\/wp\/v2\/types\/post"}],"author":[{"embeddable":true,"href":"https:\/\/staging.varesenews.it\/swgapi\/v1\/wp\/v2\/users\/10"}],"replies":[{"embeddable":true,"href":"https:\/\/staging.varesenews.it\/swgapi\/v1\/wp\/v2\/comments?post=27157"}],"version-history":[{"count":0,"href":"https:\/\/staging.varesenews.it\/swgapi\/v1\/wp\/v2\/posts\/27157\/revisions"}],"wp:attachment":[{"href":"https:\/\/staging.varesenews.it\/swgapi\/v1\/wp\/v2\/media?parent=27157"}],"wp:term":[{"taxonomy":"category","embeddable":true,"href":"https:\/\/staging.varesenews.it\/swgapi\/v1\/wp\/v2\/categories?post=27157"},{"taxonomy":"post_tag","embeddable":true,"href":"https:\/\/staging.varesenews.it\/swgapi\/v1\/wp\/v2\/tags?post=27157"}],"curies":[{"name":"wp","href":"https:\/\/api.w.org\/{rel}","templated":true}]}}