{"id":27260,"date":"2014-09-25T00:00:00","date_gmt":"2014-09-25T00:00:00","guid":{"rendered":""},"modified":"2014-09-25T00:00:00","modified_gmt":"2014-09-25T00:00:00","slug":"com-e-finita-la-storia-dei-cipressi","status":"publish","type":"post","link":"https:\/\/staging.varesenews.it\/2014\/09\/com-e-finita-la-storia-dei-cipressi\/27260\/","title":{"rendered":"Com&#8217;\u00e8 finita la storia dei cipressi"},"content":{"rendered":"<p><strong>I calocedri sono ancora al loro posto, nei Giardini Estensi.<\/strong>&nbsp;&nbsp;<\/p>\n<p>Dopo <a href=\"http:\/\/www3.varesenews.it\/varese\/articolo.php?id=295901\">la protesta del 26enne Michele Forzinetti<\/a>, che ha dormito per 6 notti su un cipresso per evitarne l&#8217;abbattimento, la giunta ha deciso di <a href=\"http:\/\/www3.varesenews.it\/varese\/i-cipressi-non-saranno-tagliati-subito-296077.html\">rinviare<\/a> e sospendere il taglio. <strong>Il sindaco Attilio Fontana ha affermato che saranno effettuati ulteriori approndimenti, contattando altri professionisti del verde, per un parere super partes.<\/strong><\/p>\n<p>La tesi dell&#8217;amministrazione, sostenuta dall&#8217;assessore Stefano Clerici e dal funzionario Pietro Cardani, &egrave; che i cipressi siano stati piantati negli anni 70 per errore. <strong>Dunque possono essere abbattutti per almeno due motivi:<\/strong> i calocedri non c&#8217;entrano nulla con un giardino alla francese come quello voluto nel 1766 da Francesco D&#8217;Este e inoltre gli alberi sono troppo vicini ai tassi, arbusti ultracentenari che sarebbero stati danneggiati dalla vicinanza con i 16 cipressi. <\/p>\n<p><strong>Questa tesi &egrave; stata espressa durante la commissione ambiente,<\/strong>&nbsp;in comune, del 10 settembre che qui abbiamo raccontato (<a href=\"http:\/\/www3.varesenews.it\/politica\/la-commissione-da-ragione-a-clerici-i-cipressi-saranno-tagliati-295700.html\">l&#8217;articolo<\/a>).&nbsp;Il taglio &egrave; stato richiesto dal comune di Varese e autorizzato dalla Soprintenza di &nbsp;Milano,&nbsp;<a href=\"http:\/\/www3.varesenews.it\/varese\/no-al-dietro-front-i-cipressi-del-parco-saranno-abbattuti-294422.html\">come abbiamo osservato nel seguente articolo<\/a>.&nbsp;<\/p>\n<p><img loading=\"lazy\" decoding=\"async\" src=\"https:\/\/www3.varesenews.it\/immagini_articoli\/201409\/tmax600x480_1381013895_IMG_2315.jpg\" width=\"600\" height=\"450\" vspace=\"5\" hspace=\"5\" align=\"absMiddle\" alt=\"\" \/><\/p>\n<p>I comitati ribattono che le argomentazioni sono sbagliate. In particolare l&#8217;agronomo <strong>Daniele Zanzi<\/strong> contesta la relazione e nella<a href=\"http:\/\/www3.varesenews.it\/comunita\/lettere_al_direttore\/articolo.php?id=296643\"> sua lettera a Varesenews<\/a> &nbsp;spiega perch&eacute; a suo dire non sia vero che i cipressi minacciano i tassi. Sulla vicenda <a href=\"http:\/\/www3.varesenews.it\/rubriche\/editoriali\/siamo-tutti-migranti-296579.html\">ha preso posizione<\/a> anche il direttore di Varesenews.<\/p>\n<p>Alcuni cittadini hanno ottenuto <strong>i verbali di quella commissione<\/strong> e ne hanno postato su facebook dei riassunti. In uno di questi fogli c&#8217;&egrave; anche uno scambio di mail tra assessore e funzionari in cui si chiede di abbatterli di notte. L&#8217;assessore ha spiegato che si &egrave; trattato di una richiesta fatta per evitare disagi ai cittadini, i comitati lo contestano.<\/p>\n<p>(nella foto, il sunto della mail sul taglio notturno pubblicato da Pino Terziroli su facebook)<br \/>\n<img loading=\"lazy\" decoding=\"async\" src=\"https:\/\/www3.varesenews.it\/immagini_articoli\/201409\/schermata_2014_09_25_alle_10.28.21.jpg\" width=\"512\" height=\"371\" vspace=\"5\" hspace=\"5\" align=\"absMiddle\" alt=\"\" \/><br type=\"_moz\" \/><\/p>\n","protected":false},"excerpt":{"rendered":"<p>Chi decider\u00e0 se \u00e8 vero che danneggiano i tassi? Com&#8217;\u00e8 nata la storia della mail: &#8220;Tagliateli di notte&#8221;?<\/p>\n","protected":false},"author":10,"featured_media":0,"comment_status":"open","ping_status":"open","sticky":false,"template":"","format":"standard","meta":{"footnotes":""},"categories":[2],"tags":[668],"acf":[],"yoast_head":"<!-- This site is optimized with the Yoast SEO plugin v20.1 - https:\/\/yoast.com\/wordpress\/plugins\/seo\/ -->\n<title>Com&#039;\u00e8 finita la storia dei cipressi<\/title>\n<meta name=\"description\" content=\"Chi decider\u00e0 se \u00e8 vero che danneggiano i tassi? Com&#039;\u00e8 nata la storia della mail: &quot;Tagliateli di notte&quot;?\" \/>\n<meta name=\"robots\" content=\"noindex, follow, max-snippet:-1, max-image-preview:large, max-video-preview:-1\" \/>\n<meta property=\"og:locale\" content=\"it_IT\" \/>\n<meta property=\"og:type\" content=\"article\" \/>\n<meta property=\"og:title\" content=\"Com&#039;\u00e8 finita la storia dei cipressi\" \/>\n<meta property=\"og:description\" content=\"Chi decider\u00e0 se \u00e8 vero che danneggiano i tassi? Com&#039;\u00e8 nata la storia della mail: &quot;Tagliateli di notte&quot;?\" \/>\n<meta property=\"og:url\" content=\"https:\/\/staging.varesenews.it\/2014\/09\/com-e-finita-la-storia-dei-cipressi\/27260\/\" \/>\n<meta property=\"og:site_name\" content=\"VareseNews\" \/>\n<meta property=\"article:publisher\" content=\"https:\/\/www.facebook.com\/varesenews\" \/>\n<meta property=\"article:published_time\" content=\"2014-09-25T00:00:00+00:00\" \/>\n<meta property=\"og:image\" content=\"https:\/\/www3.varesenews.it\/immagini_articoli\/201409\/tmax600x480_1381013895_IMG_2315.jpg\" \/>\n<meta name=\"author\" content=\"Redazione VareseNews\" \/>\n<meta name=\"twitter:card\" content=\"summary_large_image\" \/>\n<meta name=\"twitter:creator\" content=\"@varesenews\" \/>\n<meta name=\"twitter:site\" content=\"@varesenews\" \/>\n<meta name=\"twitter:label1\" content=\"Scritto da\" \/>\n\t<meta name=\"twitter:data1\" content=\"Redazione VareseNews\" \/>\n\t<meta name=\"twitter:label2\" content=\"Tempo di lettura stimato\" \/>\n\t<meta name=\"twitter:data2\" content=\"1 minuto\" \/>\n<script type=\"application\/ld+json\" class=\"yoast-schema-graph\">{\"@context\":\"https:\/\/schema.org\",\"@graph\":[{\"@type\":\"WebPage\",\"@id\":\"https:\/\/staging.varesenews.it\/2014\/09\/com-e-finita-la-storia-dei-cipressi\/27260\/\",\"url\":\"https:\/\/staging.varesenews.it\/2014\/09\/com-e-finita-la-storia-dei-cipressi\/27260\/\",\"name\":\"Com'\u00e8 finita la storia dei cipressi\",\"isPartOf\":{\"@id\":\"https:\/\/staging.varesenews.it\/#website\"},\"datePublished\":\"2014-09-25T00:00:00+00:00\",\"dateModified\":\"2014-09-25T00:00:00+00:00\",\"author\":{\"@id\":\"https:\/\/staging.varesenews.it\/#\/schema\/person\/fb20c4da0b7b16c291707a20db73e169\"},\"description\":\"Chi decider\u00e0 se \u00e8 vero che danneggiano i tassi? Com'\u00e8 nata la storia della mail: \\\"Tagliateli di notte\\\"?\",\"breadcrumb\":{\"@id\":\"https:\/\/staging.varesenews.it\/2014\/09\/com-e-finita-la-storia-dei-cipressi\/27260\/#breadcrumb\"},\"inLanguage\":\"it-IT\",\"potentialAction\":[{\"@type\":\"ReadAction\",\"target\":[\"https:\/\/staging.varesenews.it\/2014\/09\/com-e-finita-la-storia-dei-cipressi\/27260\/\"]}]},{\"@type\":\"BreadcrumbList\",\"@id\":\"https:\/\/staging.varesenews.it\/2014\/09\/com-e-finita-la-storia-dei-cipressi\/27260\/#breadcrumb\",\"itemListElement\":[{\"@type\":\"ListItem\",\"position\":1,\"name\":\"Home\",\"item\":\"https:\/\/www.varesenews.it\/\"},{\"@type\":\"ListItem\",\"position\":2,\"name\":\"Com&#8217;\u00e8 finita la storia dei cipressi\"}]},{\"@type\":\"WebSite\",\"@id\":\"https:\/\/staging.varesenews.it\/#website\",\"url\":\"https:\/\/staging.varesenews.it\/\",\"name\":\"VareseNews\",\"description\":\"\",\"potentialAction\":[{\"@type\":\"SearchAction\",\"target\":{\"@type\":\"EntryPoint\",\"urlTemplate\":\"https:\/\/staging.varesenews.it\/?s={search_term_string}\"},\"query-input\":\"required name=search_term_string\"}],\"inLanguage\":\"it-IT\"},{\"@type\":\"Person\",\"@id\":\"https:\/\/staging.varesenews.it\/#\/schema\/person\/fb20c4da0b7b16c291707a20db73e169\",\"name\":\"Redazione VareseNews\",\"image\":{\"@type\":\"ImageObject\",\"inLanguage\":\"it-IT\",\"@id\":\"https:\/\/staging.varesenews.it\/#\/schema\/person\/image\/\",\"url\":\"https:\/\/staging.varesenews.it\/wp-content\/uploads\/2020\/12\/logo_VN_colori_500.png\",\"contentUrl\":\"https:\/\/staging.varesenews.it\/wp-content\/uploads\/2020\/12\/logo_VN_colori_500.png\",\"caption\":\"Redazione VareseNews\"},\"url\":\"https:\/\/staging.varesenews.it\/persona\/redazione1\/\"}]}<\/script>\n<!-- \/ Yoast SEO plugin. -->","yoast_head_json":{"title":"Com'\u00e8 finita la storia dei cipressi","description":"Chi decider\u00e0 se \u00e8 vero che danneggiano i tassi? Com'\u00e8 nata la storia della mail: \"Tagliateli di notte\"?","robots":{"index":"noindex","follow":"follow","max-snippet":"max-snippet:-1","max-image-preview":"max-image-preview:large","max-video-preview":"max-video-preview:-1"},"og_locale":"it_IT","og_type":"article","og_title":"Com'\u00e8 finita la storia dei cipressi","og_description":"Chi decider\u00e0 se \u00e8 vero che danneggiano i tassi? Com'\u00e8 nata la storia della mail: \"Tagliateli di notte\"?","og_url":"https:\/\/staging.varesenews.it\/2014\/09\/com-e-finita-la-storia-dei-cipressi\/27260\/","og_site_name":"VareseNews","article_publisher":"https:\/\/www.facebook.com\/varesenews","article_published_time":"2014-09-25T00:00:00+00:00","og_image":[{"url":"https:\/\/www3.varesenews.it\/immagini_articoli\/201409\/tmax600x480_1381013895_IMG_2315.jpg"}],"author":"Redazione VareseNews","twitter_card":"summary_large_image","twitter_creator":"@varesenews","twitter_site":"@varesenews","twitter_misc":{"Scritto da":"Redazione VareseNews","Tempo di lettura stimato":"1 minuto"},"schema":{"@context":"https:\/\/schema.org","@graph":[{"@type":"WebPage","@id":"https:\/\/staging.varesenews.it\/2014\/09\/com-e-finita-la-storia-dei-cipressi\/27260\/","url":"https:\/\/staging.varesenews.it\/2014\/09\/com-e-finita-la-storia-dei-cipressi\/27260\/","name":"Com'\u00e8 finita la storia dei cipressi","isPartOf":{"@id":"https:\/\/staging.varesenews.it\/#website"},"datePublished":"2014-09-25T00:00:00+00:00","dateModified":"2014-09-25T00:00:00+00:00","author":{"@id":"https:\/\/staging.varesenews.it\/#\/schema\/person\/fb20c4da0b7b16c291707a20db73e169"},"description":"Chi decider\u00e0 se \u00e8 vero che danneggiano i tassi? Com'\u00e8 nata la storia della mail: \"Tagliateli di notte\"?","breadcrumb":{"@id":"https:\/\/staging.varesenews.it\/2014\/09\/com-e-finita-la-storia-dei-cipressi\/27260\/#breadcrumb"},"inLanguage":"it-IT","potentialAction":[{"@type":"ReadAction","target":["https:\/\/staging.varesenews.it\/2014\/09\/com-e-finita-la-storia-dei-cipressi\/27260\/"]}]},{"@type":"BreadcrumbList","@id":"https:\/\/staging.varesenews.it\/2014\/09\/com-e-finita-la-storia-dei-cipressi\/27260\/#breadcrumb","itemListElement":[{"@type":"ListItem","position":1,"name":"Home","item":"https:\/\/www.varesenews.it\/"},{"@type":"ListItem","position":2,"name":"Com&#8217;\u00e8 finita la storia dei cipressi"}]},{"@type":"WebSite","@id":"https:\/\/staging.varesenews.it\/#website","url":"https:\/\/staging.varesenews.it\/","name":"VareseNews","description":"","potentialAction":[{"@type":"SearchAction","target":{"@type":"EntryPoint","urlTemplate":"https:\/\/staging.varesenews.it\/?s={search_term_string}"},"query-input":"required name=search_term_string"}],"inLanguage":"it-IT"},{"@type":"Person","@id":"https:\/\/staging.varesenews.it\/#\/schema\/person\/fb20c4da0b7b16c291707a20db73e169","name":"Redazione VareseNews","image":{"@type":"ImageObject","inLanguage":"it-IT","@id":"https:\/\/staging.varesenews.it\/#\/schema\/person\/image\/","url":"https:\/\/staging.varesenews.it\/wp-content\/uploads\/2020\/12\/logo_VN_colori_500.png","contentUrl":"https:\/\/staging.varesenews.it\/wp-content\/uploads\/2020\/12\/logo_VN_colori_500.png","caption":"Redazione VareseNews"},"url":"https:\/\/staging.varesenews.it\/persona\/redazione1\/"}]}},"post_meta":{"id_old":"296787","argomento":"Varese","autore_old":"R.R. "},"photos":[],"_links":{"self":[{"href":"https:\/\/staging.varesenews.it\/swgapi\/v1\/wp\/v2\/posts\/27260"}],"collection":[{"href":"https:\/\/staging.varesenews.it\/swgapi\/v1\/wp\/v2\/posts"}],"about":[{"href":"https:\/\/staging.varesenews.it\/swgapi\/v1\/wp\/v2\/types\/post"}],"author":[{"embeddable":true,"href":"https:\/\/staging.varesenews.it\/swgapi\/v1\/wp\/v2\/users\/10"}],"replies":[{"embeddable":true,"href":"https:\/\/staging.varesenews.it\/swgapi\/v1\/wp\/v2\/comments?post=27260"}],"version-history":[{"count":0,"href":"https:\/\/staging.varesenews.it\/swgapi\/v1\/wp\/v2\/posts\/27260\/revisions"}],"wp:attachment":[{"href":"https:\/\/staging.varesenews.it\/swgapi\/v1\/wp\/v2\/media?parent=27260"}],"wp:term":[{"taxonomy":"category","embeddable":true,"href":"https:\/\/staging.varesenews.it\/swgapi\/v1\/wp\/v2\/categories?post=27260"},{"taxonomy":"post_tag","embeddable":true,"href":"https:\/\/staging.varesenews.it\/swgapi\/v1\/wp\/v2\/tags?post=27260"}],"curies":[{"name":"wp","href":"https:\/\/api.w.org\/{rel}","templated":true}]}}