{"id":273128,"date":"2005-07-29T00:00:00","date_gmt":"2005-07-29T00:00:00","guid":{"rendered":""},"modified":"2005-07-29T00:00:00","modified_gmt":"2005-07-29T00:00:00","slug":"casti-group-raduno-il-17-agosto","status":"publish","type":"post","link":"https:\/\/staging.varesenews.it\/2005\/07\/casti-group-raduno-il-17-agosto\/273128\/","title":{"rendered":"Casti Group, raduno il 17 agosto"},"content":{"rendered":"<p><font face=\"arial,helvetica,sans-serif\">Inizier\u00e0 subito dopo Ferragosto la nuova stagione della Pallacanestro Varese. La squadra si raduner\u00e0 infatti nella Citt\u00e0 Giardino <strong>mercoled\u00ec 17 agosto<\/strong> per le visite mediche e qualche allenamento di atletica. Il 21 la comitiva<strong> partir\u00e0 alla volta di Merano<\/strong> che per la prima volta ospiter\u00e0 la preparazione atletica dei biancorossi. La stazione climatica e termale altoatesina ha infatti raggiunto un accordo con la societ\u00e0 di via Sanvito che prevede, tra le altre cose, sconti ed <strong>agevolazioni ai tifosi varesini che raggiungeranno i propri beniamini<\/strong> nel periodo del ritiro. Per gli &quot;aficionados&quot; biancorossi sar\u00e0 infatti possibile contattare l`Azienda di Soggiorno (Tel. 0473 272000 &#8211; e-mail: <\/font><a href=\"mailto:info@meraninfo.it\"><font face=\"arial,helvetica,sans-serif\">info@meraninfo.it<\/font><\/a><font face=\"arial,helvetica,sans-serif\">) per conoscere i vantaggi a loro riservati.<br \/>Gli atleti alloggeranno presso l&#8217;Hotel Splendid Europa e rimarranno a lavorare tra le foreste ed i sentieri meranesi fino a luned\u00ec 29 agosto.<\/font><\/p>\n<p><font face=\"arial,helvetica,sans-serif\">Il ritorno a Varese precede di qualche giorno l&#8217;inizio delle partite amichevoli di preparazione al campionato che, causa gli europei di Serbia, scatter\u00e0 il 10 ottobre.<strong> Il primo appuntamento agonistico \u00e8 previsto per il 9 e 10 settembre a Castellanza<\/strong>, in un torneo che vedr\u00e0 al via anche l&#8217;Angelico Biella e due delle tre piemontesi di LegaDue, la Ignis Castelletto Ticino e la Junior Casale Monferrato, entrambe neopromosse.<br \/>Di nuovo Casale sar\u00e0 sulla strada della Casti Group (che nel frattempo potrebbe aver cambiato sponsor e, quindi, nome) <strong>il 14 settembre<\/strong> sul campo di Borgomanero.<br \/>Secondo torneo, questa volta internazionale, in calendario il <strong>17 e 18 settembre<\/strong> a Biella con Olympiacos Pireo, Khimki Mosca e i padroni di casa. Poi la squadra <strong>voler\u00e0 in Sardegna<\/strong>, a Sassari (23, 24, 25 settembre) per un altro torneo con Avellino, Imola e la stessa Sassari.<br \/>Gran finale <strong>il 30 settembre a Masnago<\/strong> quando andr\u00e0 in scena la <strong>partita celebrativa dei sessant&#8217;anni<\/strong> della societ\u00e0 biancorossa. Di fronte una delle avversarie tradizionali di Varese in questa lunga epopea dei canestri, la <strong>Virtus Bologna<\/strong>, che proprio nella prossima stagione festegger\u00e0 il ritorno nella massima serie dopo le vicende extra-sportive di due estati fa.<\/font><\/p>\n","protected":false},"excerpt":{"rendered":"<p>Diramato il programma delle amichevoli estive per la squadra di Ruben Magnano<\/p>\n","protected":false},"author":10,"featured_media":0,"comment_status":"open","ping_status":"open","sticky":false,"template":"","format":"standard","meta":{"footnotes":""},"categories":[14],"tags":[],"acf":[],"yoast_head":"<!-- This site is optimized with the Yoast SEO plugin v20.1 - https:\/\/yoast.com\/wordpress\/plugins\/seo\/ -->\n<title>Casti Group, raduno il 17 agosto<\/title>\n<meta name=\"description\" content=\"Diramato il programma delle amichevoli estive per la squadra di Ruben Magnano\" \/>\n<meta name=\"robots\" content=\"noindex, follow, max-snippet:-1, max-image-preview:large, max-video-preview:-1\" \/>\n<meta property=\"og:locale\" content=\"it_IT\" \/>\n<meta property=\"og:type\" content=\"article\" \/>\n<meta property=\"og:title\" content=\"Casti Group, raduno il 17 agosto\" \/>\n<meta property=\"og:description\" content=\"Diramato il programma delle amichevoli estive per la squadra di Ruben Magnano\" \/>\n<meta property=\"og:url\" content=\"https:\/\/staging.varesenews.it\/2005\/07\/casti-group-raduno-il-17-agosto\/273128\/\" \/>\n<meta property=\"og:site_name\" content=\"VareseNews\" \/>\n<meta property=\"article:publisher\" content=\"https:\/\/www.facebook.com\/varesenews\" \/>\n<meta property=\"article:published_time\" content=\"2005-07-29T00:00:00+00:00\" \/>\n<meta name=\"author\" content=\"Redazione VareseNews\" \/>\n<meta name=\"twitter:card\" content=\"summary_large_image\" \/>\n<meta name=\"twitter:creator\" content=\"@varesenews\" \/>\n<meta name=\"twitter:site\" content=\"@varesenews\" \/>\n<meta name=\"twitter:label1\" content=\"Scritto da\" \/>\n\t<meta name=\"twitter:data1\" content=\"Redazione VareseNews\" \/>\n\t<meta name=\"twitter:label2\" content=\"Tempo di lettura stimato\" \/>\n\t<meta name=\"twitter:data2\" content=\"2 minuti\" \/>\n<script type=\"application\/ld+json\" class=\"yoast-schema-graph\">{\"@context\":\"https:\/\/schema.org\",\"@graph\":[{\"@type\":\"WebPage\",\"@id\":\"https:\/\/staging.varesenews.it\/2005\/07\/casti-group-raduno-il-17-agosto\/273128\/\",\"url\":\"https:\/\/staging.varesenews.it\/2005\/07\/casti-group-raduno-il-17-agosto\/273128\/\",\"name\":\"Casti Group, raduno il 17 agosto\",\"isPartOf\":{\"@id\":\"https:\/\/staging.varesenews.it\/#website\"},\"datePublished\":\"2005-07-29T00:00:00+00:00\",\"dateModified\":\"2005-07-29T00:00:00+00:00\",\"author\":{\"@id\":\"https:\/\/staging.varesenews.it\/#\/schema\/person\/fb20c4da0b7b16c291707a20db73e169\"},\"description\":\"Diramato il programma delle amichevoli estive per la squadra di Ruben Magnano\",\"breadcrumb\":{\"@id\":\"https:\/\/staging.varesenews.it\/2005\/07\/casti-group-raduno-il-17-agosto\/273128\/#breadcrumb\"},\"inLanguage\":\"it-IT\",\"potentialAction\":[{\"@type\":\"ReadAction\",\"target\":[\"https:\/\/staging.varesenews.it\/2005\/07\/casti-group-raduno-il-17-agosto\/273128\/\"]}]},{\"@type\":\"BreadcrumbList\",\"@id\":\"https:\/\/staging.varesenews.it\/2005\/07\/casti-group-raduno-il-17-agosto\/273128\/#breadcrumb\",\"itemListElement\":[{\"@type\":\"ListItem\",\"position\":1,\"name\":\"Home\",\"item\":\"https:\/\/www.varesenews.it\/\"},{\"@type\":\"ListItem\",\"position\":2,\"name\":\"Casti Group, raduno il 17 agosto\"}]},{\"@type\":\"WebSite\",\"@id\":\"https:\/\/staging.varesenews.it\/#website\",\"url\":\"https:\/\/staging.varesenews.it\/\",\"name\":\"VareseNews\",\"description\":\"\",\"potentialAction\":[{\"@type\":\"SearchAction\",\"target\":{\"@type\":\"EntryPoint\",\"urlTemplate\":\"https:\/\/staging.varesenews.it\/?s={search_term_string}\"},\"query-input\":\"required name=search_term_string\"}],\"inLanguage\":\"it-IT\"},{\"@type\":\"Person\",\"@id\":\"https:\/\/staging.varesenews.it\/#\/schema\/person\/fb20c4da0b7b16c291707a20db73e169\",\"name\":\"Redazione VareseNews\",\"image\":{\"@type\":\"ImageObject\",\"inLanguage\":\"it-IT\",\"@id\":\"https:\/\/staging.varesenews.it\/#\/schema\/person\/image\/\",\"url\":\"https:\/\/staging.varesenews.it\/wp-content\/uploads\/2020\/12\/logo_VN_colori_500.png\",\"contentUrl\":\"https:\/\/staging.varesenews.it\/wp-content\/uploads\/2020\/12\/logo_VN_colori_500.png\",\"caption\":\"Redazione VareseNews\"},\"url\":\"https:\/\/staging.varesenews.it\/persona\/redazione1\/\"}]}<\/script>\n<!-- \/ Yoast SEO plugin. -->","yoast_head_json":{"title":"Casti Group, raduno il 17 agosto","description":"Diramato il programma delle amichevoli estive per la squadra di Ruben Magnano","robots":{"index":"noindex","follow":"follow","max-snippet":"max-snippet:-1","max-image-preview":"max-image-preview:large","max-video-preview":"max-video-preview:-1"},"og_locale":"it_IT","og_type":"article","og_title":"Casti Group, raduno il 17 agosto","og_description":"Diramato il programma delle amichevoli estive per la squadra di Ruben Magnano","og_url":"https:\/\/staging.varesenews.it\/2005\/07\/casti-group-raduno-il-17-agosto\/273128\/","og_site_name":"VareseNews","article_publisher":"https:\/\/www.facebook.com\/varesenews","article_published_time":"2005-07-29T00:00:00+00:00","author":"Redazione VareseNews","twitter_card":"summary_large_image","twitter_creator":"@varesenews","twitter_site":"@varesenews","twitter_misc":{"Scritto da":"Redazione VareseNews","Tempo di lettura stimato":"2 minuti"},"schema":{"@context":"https:\/\/schema.org","@graph":[{"@type":"WebPage","@id":"https:\/\/staging.varesenews.it\/2005\/07\/casti-group-raduno-il-17-agosto\/273128\/","url":"https:\/\/staging.varesenews.it\/2005\/07\/casti-group-raduno-il-17-agosto\/273128\/","name":"Casti Group, raduno il 17 agosto","isPartOf":{"@id":"https:\/\/staging.varesenews.it\/#website"},"datePublished":"2005-07-29T00:00:00+00:00","dateModified":"2005-07-29T00:00:00+00:00","author":{"@id":"https:\/\/staging.varesenews.it\/#\/schema\/person\/fb20c4da0b7b16c291707a20db73e169"},"description":"Diramato il programma delle amichevoli estive per la squadra di Ruben Magnano","breadcrumb":{"@id":"https:\/\/staging.varesenews.it\/2005\/07\/casti-group-raduno-il-17-agosto\/273128\/#breadcrumb"},"inLanguage":"it-IT","potentialAction":[{"@type":"ReadAction","target":["https:\/\/staging.varesenews.it\/2005\/07\/casti-group-raduno-il-17-agosto\/273128\/"]}]},{"@type":"BreadcrumbList","@id":"https:\/\/staging.varesenews.it\/2005\/07\/casti-group-raduno-il-17-agosto\/273128\/#breadcrumb","itemListElement":[{"@type":"ListItem","position":1,"name":"Home","item":"https:\/\/www.varesenews.it\/"},{"@type":"ListItem","position":2,"name":"Casti Group, raduno il 17 agosto"}]},{"@type":"WebSite","@id":"https:\/\/staging.varesenews.it\/#website","url":"https:\/\/staging.varesenews.it\/","name":"VareseNews","description":"","potentialAction":[{"@type":"SearchAction","target":{"@type":"EntryPoint","urlTemplate":"https:\/\/staging.varesenews.it\/?s={search_term_string}"},"query-input":"required name=search_term_string"}],"inLanguage":"it-IT"},{"@type":"Person","@id":"https:\/\/staging.varesenews.it\/#\/schema\/person\/fb20c4da0b7b16c291707a20db73e169","name":"Redazione VareseNews","image":{"@type":"ImageObject","inLanguage":"it-IT","@id":"https:\/\/staging.varesenews.it\/#\/schema\/person\/image\/","url":"https:\/\/staging.varesenews.it\/wp-content\/uploads\/2020\/12\/logo_VN_colori_500.png","contentUrl":"https:\/\/staging.varesenews.it\/wp-content\/uploads\/2020\/12\/logo_VN_colori_500.png","caption":"Redazione VareseNews"},"url":"https:\/\/staging.varesenews.it\/persona\/redazione1\/"}]}},"post_meta":{"id_old":"26351","argomento":"Basket","autore_old":"d. f."},"photos":[],"_links":{"self":[{"href":"https:\/\/staging.varesenews.it\/swgapi\/v1\/wp\/v2\/posts\/273128"}],"collection":[{"href":"https:\/\/staging.varesenews.it\/swgapi\/v1\/wp\/v2\/posts"}],"about":[{"href":"https:\/\/staging.varesenews.it\/swgapi\/v1\/wp\/v2\/types\/post"}],"author":[{"embeddable":true,"href":"https:\/\/staging.varesenews.it\/swgapi\/v1\/wp\/v2\/users\/10"}],"replies":[{"embeddable":true,"href":"https:\/\/staging.varesenews.it\/swgapi\/v1\/wp\/v2\/comments?post=273128"}],"version-history":[{"count":0,"href":"https:\/\/staging.varesenews.it\/swgapi\/v1\/wp\/v2\/posts\/273128\/revisions"}],"wp:attachment":[{"href":"https:\/\/staging.varesenews.it\/swgapi\/v1\/wp\/v2\/media?parent=273128"}],"wp:term":[{"taxonomy":"category","embeddable":true,"href":"https:\/\/staging.varesenews.it\/swgapi\/v1\/wp\/v2\/categories?post=273128"},{"taxonomy":"post_tag","embeddable":true,"href":"https:\/\/staging.varesenews.it\/swgapi\/v1\/wp\/v2\/tags?post=273128"}],"curies":[{"name":"wp","href":"https:\/\/api.w.org\/{rel}","templated":true}]}}