{"id":275493,"date":"2005-05-31T00:00:00","date_gmt":"2005-05-31T00:00:00","guid":{"rendered":""},"modified":"2005-05-31T00:00:00","modified_gmt":"2005-05-31T00:00:00","slug":"referendum-la-questione-in-gioco-e-l-embrione","status":"publish","type":"post","link":"https:\/\/staging.varesenews.it\/2005\/05\/referendum-la-questione-in-gioco-e-l-embrione\/275493\/","title":{"rendered":"Referendum, la questione in gioco \u00e8 l&#8217;embrione"},"content":{"rendered":"<p><font face=\"arial,helvetica,sans-serif\">Gentile\u00a0Direttore,<\/font><\/p>\n<p><font face=\"arial,helvetica,sans-serif\">visto il contenuto di molti interventi a sostegno del &quot;SI&quot; che ho avuto modo di leggere (non solo sul suo giornale), la prima cosa che mi preme\u00a0fare \u00e8 ribadire il fatto che il centro della questione non \u00e8\u00a0il (presunto) blocco della\u00a0ricerca scientifica e\u00a0non \u00e8\u00a0neanche il dibattito sul diritto o meno di una coppia di poter avere dei\u00a0figli\u00a0n\u00e8\u00a0tantomeno\u00a0la discussione sul fatto\u00a0se\u00a0sia giusto o sbagliato astenersi; il centro della questione \u00e8 senza dubbio l&#8217;EMBRIONE.<\/font><\/p>\n<p><font face=\"arial,helvetica,sans-serif\">Tale parola non viene mai pronunciata, ho l&#8217;impressione che si cerchi di\u00a0nasconderla sotto il tappeto, si cerca, anche nel linguaggio, di selezionarli, di scartarli e buttarli nel lavandino. I sostenitori del &quot;SI&quot; parlano di libert\u00e0 di ricerca scientifica, parlano di alleviare le sofferenze delle donne, parlano di tutto ma non del contenuto, della sostanza. Spesso dicendo cose deformate, forzando in modo propagandistico la loro battaglia (per esempio non \u00e8 vero che la legge 40 non consente la fecondazione medicalmente assistita). Parlano molto dell&#8217;astensione: sembra che si debba votare se gli italiani hanno diritto o no di astenersi al referendum (ma, scusate, c&#8217;\u00e8 un contenuto! E non \u00e8, ribadisco,\u00a0l&#8217;astensione);\u00a0 ricordo poi, a chi pensa che non\u00a0andare a votare denoti scarso\u00a0senso civico, che non \u00e8 lo Stato a chiamare alle urne, ma sono i firmatari\u00a0del referendum e sono dunque\u00a0loro che devono dimostrare di aver avuto ragione nell&#8217;usare lo strumento referendario e devono dimostrare che\u00a0sono capaci di convincere una maggioranza degli italiani ad andare a votare ed eventualmente anche in loro favore.<\/font><\/p>\n<p><font face=\"arial,helvetica,sans-serif\">\u00a0<\/font><\/p>\n<p><font face=\"arial,helvetica,sans-serif\">Io a votare non ci andr\u00f2 perch\u00e8 credo che il\u00a0dovere della scienza\u00a0sia\u00a0di\u00a0curare la gente, non deve dire che per curare alcuni se ne devono ammazzare altri. Non serve la filosofia morale o la religione, basta l&#8217;intuizione laica, ovvia.<br \/>Se io creo in vitro un bambino che abbia tessuti sani e compatibili con un altro bambino; se lo creo con la cura che gli destino, con il destino di bambino farmaco che gli attribuisco, lo devo selezionare tra dieci singoli embrioni; devo andare a cercare quello giusto, il bambino giusto, e quelli sbagliati via! Se io faccio questo elimino molte vite, molte possibilit\u00e0 di vita, molti progetti di vita. Creo una vita con una modalit\u00e0 disumana, nonostante l&#8217;amore che ci metto e la bellezza delle mie intenzioni. <\/font><\/p>\n<p><font face=\"arial,helvetica,sans-serif\">Si discuta di ci\u00f2 di cui si deve discutere: c&#8217;\u00e8 una legge, che cerca di fare in modo, con molte autorizzazioni e con alcuni sacrosanti divieti, che la fecondazione medicalmente assistita sia la fecondazione medicalmente assistita e non qualcos&#8217;altro.<\/font><\/p>\n<p><font face=\"arial,helvetica,sans-serif\">Se io creo &#8211; e sbaglio la parola apposta &#8211; una &quot;cosa&quot;, delle cellule, con una tecnica per avvalermi della quale ho bisogno di un uovo di donna e di un seme di maschio, se la creo per impiantarla, perch\u00e9 si sviluppi, perch\u00e9 si annidi in un utero femminile, perch\u00e9 si nutra, perch\u00e9 crei intorno a s\u00e9 una placenta, perch\u00e9 diventi feto, perch\u00e9 arrivi ad avere non solo la struttura cromosomica che l&#8217;embrione ha dall&#8217;inizio, ma anche il sistema nervoso e tutto il resto; se faccio tutto questo perch\u00e9 prenda forma, perch\u00e9 cresca per nove mesi nel seno di una donna, e perch\u00e9 alla fine nasca, poich\u00e9 l&#8217;uomo \u00e8 anche e soprattutto storia, proviamo a tornare indietro a nove mesi prima, usciamo &#8211; perch\u00e9 la tecnica ce lo permette &#8211; dal corpo della donna a prima dell&#8217;impianto, guardiamo in un microscopio questa &quot;cosa invisibile&quot;, debole, esposta al primo vento, e siamo costretti a riconoscere che \u00e8 il principio, il crisma, il senso e il significato di tutto l&#8217;essere umano successivo. \u00e8 un uomo; \u00e8 una donna; \u00e8 ci\u00f2 che diventer\u00e0 un feto e un bambino; lo \u00e8 perch\u00e9 la nostra ragione ci dice che lo \u00e8. Perfino con la nostra sola intuizione, una ragione che non deve neanche dedurre o costruire dal fatto, una ragione volontaria, dobbiamo riconoscere che l&#8217;abbiamo creata apposta quella &quot;cosa&quot; &#8211; e sbaglio di nuovo volutamene il nome &#8211; quella &quot;cosa&quot; l&#8217;abbiamo costruita perch\u00e9 sia non solo vita, astrazione, ma una vita individuale, unica, irripetibile e singola, cio\u00e8 un essere umano.<\/font><\/p>\n<p><font face=\"arial,helvetica,sans-serif\">\u00a0<\/font><\/p>\n<p><font face=\"arial,helvetica,sans-serif\">Concludo con un appunto riguardante la lettera della giovane coppia cattolica che \u00e8 ospitata nel vostro sito: Che senso ha professare una cosa (la fede) che non si ritiene innanzitutto carica di ragionevolezza? Che cosa resta di una fede che non centra con le scelte che tutti i giorni la vita ci pone davanti?<\/font><\/p>\n<p><font face=\"arial,helvetica,sans-serif\">\u00a0<\/font><\/p>\n<p><font face=\"arial,helvetica,sans-serif\">Cordiali saluti,<\/font><\/p>\n<p><font face=\"arial,helvetica,sans-serif\">Paolo<\/font><\/p>\n","protected":false},"excerpt":{"rendered":"<p>di Paolo Conte<\/p>\n","protected":false},"author":10,"featured_media":0,"comment_status":"open","ping_status":"open","sticky":false,"template":"","format":"standard","meta":{"footnotes":""},"categories":[2],"tags":[],"acf":[],"yoast_head":"<!-- This site is optimized with the Yoast SEO plugin v20.1 - https:\/\/yoast.com\/wordpress\/plugins\/seo\/ -->\n<title>Referendum, la questione in gioco \u00e8 l&#039;embrione<\/title>\n<meta name=\"description\" content=\"di Paolo Conte\" \/>\n<meta name=\"robots\" content=\"noindex, follow, max-snippet:-1, max-image-preview:large, max-video-preview:-1\" \/>\n<meta property=\"og:locale\" content=\"it_IT\" \/>\n<meta property=\"og:type\" content=\"article\" \/>\n<meta property=\"og:title\" content=\"Referendum, la questione in gioco \u00e8 l&#039;embrione\" \/>\n<meta property=\"og:description\" content=\"di Paolo Conte\" \/>\n<meta property=\"og:url\" content=\"https:\/\/staging.varesenews.it\/2005\/05\/referendum-la-questione-in-gioco-e-l-embrione\/275493\/\" \/>\n<meta property=\"og:site_name\" content=\"VareseNews\" \/>\n<meta property=\"article:publisher\" content=\"https:\/\/www.facebook.com\/varesenews\" \/>\n<meta property=\"article:published_time\" content=\"2005-05-31T00:00:00+00:00\" \/>\n<meta name=\"author\" content=\"Redazione VareseNews\" \/>\n<meta name=\"twitter:card\" content=\"summary_large_image\" \/>\n<meta name=\"twitter:creator\" content=\"@varesenews\" \/>\n<meta name=\"twitter:site\" content=\"@varesenews\" \/>\n<meta name=\"twitter:label1\" content=\"Scritto da\" \/>\n\t<meta name=\"twitter:data1\" content=\"Redazione VareseNews\" \/>\n\t<meta name=\"twitter:label2\" content=\"Tempo di lettura stimato\" \/>\n\t<meta name=\"twitter:data2\" content=\"4 minuti\" \/>\n<script type=\"application\/ld+json\" class=\"yoast-schema-graph\">{\"@context\":\"https:\/\/schema.org\",\"@graph\":[{\"@type\":\"WebPage\",\"@id\":\"https:\/\/staging.varesenews.it\/2005\/05\/referendum-la-questione-in-gioco-e-l-embrione\/275493\/\",\"url\":\"https:\/\/staging.varesenews.it\/2005\/05\/referendum-la-questione-in-gioco-e-l-embrione\/275493\/\",\"name\":\"Referendum, la questione in gioco \u00e8 l'embrione\",\"isPartOf\":{\"@id\":\"https:\/\/staging.varesenews.it\/#website\"},\"datePublished\":\"2005-05-31T00:00:00+00:00\",\"dateModified\":\"2005-05-31T00:00:00+00:00\",\"author\":{\"@id\":\"https:\/\/staging.varesenews.it\/#\/schema\/person\/fb20c4da0b7b16c291707a20db73e169\"},\"description\":\"di Paolo Conte\",\"breadcrumb\":{\"@id\":\"https:\/\/staging.varesenews.it\/2005\/05\/referendum-la-questione-in-gioco-e-l-embrione\/275493\/#breadcrumb\"},\"inLanguage\":\"it-IT\",\"potentialAction\":[{\"@type\":\"ReadAction\",\"target\":[\"https:\/\/staging.varesenews.it\/2005\/05\/referendum-la-questione-in-gioco-e-l-embrione\/275493\/\"]}]},{\"@type\":\"BreadcrumbList\",\"@id\":\"https:\/\/staging.varesenews.it\/2005\/05\/referendum-la-questione-in-gioco-e-l-embrione\/275493\/#breadcrumb\",\"itemListElement\":[{\"@type\":\"ListItem\",\"position\":1,\"name\":\"Home\",\"item\":\"https:\/\/www.varesenews.it\/\"},{\"@type\":\"ListItem\",\"position\":2,\"name\":\"Referendum, la questione in gioco \u00e8 l&#8217;embrione\"}]},{\"@type\":\"WebSite\",\"@id\":\"https:\/\/staging.varesenews.it\/#website\",\"url\":\"https:\/\/staging.varesenews.it\/\",\"name\":\"VareseNews\",\"description\":\"\",\"potentialAction\":[{\"@type\":\"SearchAction\",\"target\":{\"@type\":\"EntryPoint\",\"urlTemplate\":\"https:\/\/staging.varesenews.it\/?s={search_term_string}\"},\"query-input\":\"required name=search_term_string\"}],\"inLanguage\":\"it-IT\"},{\"@type\":\"Person\",\"@id\":\"https:\/\/staging.varesenews.it\/#\/schema\/person\/fb20c4da0b7b16c291707a20db73e169\",\"name\":\"Redazione VareseNews\",\"image\":{\"@type\":\"ImageObject\",\"inLanguage\":\"it-IT\",\"@id\":\"https:\/\/staging.varesenews.it\/#\/schema\/person\/image\/\",\"url\":\"https:\/\/staging.varesenews.it\/wp-content\/uploads\/2020\/12\/logo_VN_colori_500.png\",\"contentUrl\":\"https:\/\/staging.varesenews.it\/wp-content\/uploads\/2020\/12\/logo_VN_colori_500.png\",\"caption\":\"Redazione VareseNews\"},\"url\":\"https:\/\/staging.varesenews.it\/persona\/redazione1\/\"}]}<\/script>\n<!-- \/ Yoast SEO plugin. -->","yoast_head_json":{"title":"Referendum, la questione in gioco \u00e8 l'embrione","description":"di Paolo Conte","robots":{"index":"noindex","follow":"follow","max-snippet":"max-snippet:-1","max-image-preview":"max-image-preview:large","max-video-preview":"max-video-preview:-1"},"og_locale":"it_IT","og_type":"article","og_title":"Referendum, la questione in gioco \u00e8 l'embrione","og_description":"di Paolo Conte","og_url":"https:\/\/staging.varesenews.it\/2005\/05\/referendum-la-questione-in-gioco-e-l-embrione\/275493\/","og_site_name":"VareseNews","article_publisher":"https:\/\/www.facebook.com\/varesenews","article_published_time":"2005-05-31T00:00:00+00:00","author":"Redazione VareseNews","twitter_card":"summary_large_image","twitter_creator":"@varesenews","twitter_site":"@varesenews","twitter_misc":{"Scritto da":"Redazione VareseNews","Tempo di lettura stimato":"4 minuti"},"schema":{"@context":"https:\/\/schema.org","@graph":[{"@type":"WebPage","@id":"https:\/\/staging.varesenews.it\/2005\/05\/referendum-la-questione-in-gioco-e-l-embrione\/275493\/","url":"https:\/\/staging.varesenews.it\/2005\/05\/referendum-la-questione-in-gioco-e-l-embrione\/275493\/","name":"Referendum, la questione in gioco \u00e8 l'embrione","isPartOf":{"@id":"https:\/\/staging.varesenews.it\/#website"},"datePublished":"2005-05-31T00:00:00+00:00","dateModified":"2005-05-31T00:00:00+00:00","author":{"@id":"https:\/\/staging.varesenews.it\/#\/schema\/person\/fb20c4da0b7b16c291707a20db73e169"},"description":"di Paolo Conte","breadcrumb":{"@id":"https:\/\/staging.varesenews.it\/2005\/05\/referendum-la-questione-in-gioco-e-l-embrione\/275493\/#breadcrumb"},"inLanguage":"it-IT","potentialAction":[{"@type":"ReadAction","target":["https:\/\/staging.varesenews.it\/2005\/05\/referendum-la-questione-in-gioco-e-l-embrione\/275493\/"]}]},{"@type":"BreadcrumbList","@id":"https:\/\/staging.varesenews.it\/2005\/05\/referendum-la-questione-in-gioco-e-l-embrione\/275493\/#breadcrumb","itemListElement":[{"@type":"ListItem","position":1,"name":"Home","item":"https:\/\/www.varesenews.it\/"},{"@type":"ListItem","position":2,"name":"Referendum, la questione in gioco \u00e8 l&#8217;embrione"}]},{"@type":"WebSite","@id":"https:\/\/staging.varesenews.it\/#website","url":"https:\/\/staging.varesenews.it\/","name":"VareseNews","description":"","potentialAction":[{"@type":"SearchAction","target":{"@type":"EntryPoint","urlTemplate":"https:\/\/staging.varesenews.it\/?s={search_term_string}"},"query-input":"required name=search_term_string"}],"inLanguage":"it-IT"},{"@type":"Person","@id":"https:\/\/staging.varesenews.it\/#\/schema\/person\/fb20c4da0b7b16c291707a20db73e169","name":"Redazione VareseNews","image":{"@type":"ImageObject","inLanguage":"it-IT","@id":"https:\/\/staging.varesenews.it\/#\/schema\/person\/image\/","url":"https:\/\/staging.varesenews.it\/wp-content\/uploads\/2020\/12\/logo_VN_colori_500.png","contentUrl":"https:\/\/staging.varesenews.it\/wp-content\/uploads\/2020\/12\/logo_VN_colori_500.png","caption":"Redazione VareseNews"},"url":"https:\/\/staging.varesenews.it\/persona\/redazione1\/"}]}},"post_meta":{"id_old":"23270","argomento":"Lettere al direttore","autore_old":"Paolo Conti"},"photos":[],"_links":{"self":[{"href":"https:\/\/staging.varesenews.it\/swgapi\/v1\/wp\/v2\/posts\/275493"}],"collection":[{"href":"https:\/\/staging.varesenews.it\/swgapi\/v1\/wp\/v2\/posts"}],"about":[{"href":"https:\/\/staging.varesenews.it\/swgapi\/v1\/wp\/v2\/types\/post"}],"author":[{"embeddable":true,"href":"https:\/\/staging.varesenews.it\/swgapi\/v1\/wp\/v2\/users\/10"}],"replies":[{"embeddable":true,"href":"https:\/\/staging.varesenews.it\/swgapi\/v1\/wp\/v2\/comments?post=275493"}],"version-history":[{"count":0,"href":"https:\/\/staging.varesenews.it\/swgapi\/v1\/wp\/v2\/posts\/275493\/revisions"}],"wp:attachment":[{"href":"https:\/\/staging.varesenews.it\/swgapi\/v1\/wp\/v2\/media?parent=275493"}],"wp:term":[{"taxonomy":"category","embeddable":true,"href":"https:\/\/staging.varesenews.it\/swgapi\/v1\/wp\/v2\/categories?post=275493"},{"taxonomy":"post_tag","embeddable":true,"href":"https:\/\/staging.varesenews.it\/swgapi\/v1\/wp\/v2\/tags?post=275493"}],"curies":[{"name":"wp","href":"https:\/\/api.w.org\/{rel}","templated":true}]}}