{"id":275807,"date":"2005-05-28T00:00:00","date_gmt":"2005-05-28T00:00:00","guid":{"rendered":""},"modified":"2005-05-28T00:00:00","modified_gmt":"2005-05-28T00:00:00","slug":"internet-e-il-presente-anche-nella-scuola","status":"publish","type":"post","link":"https:\/\/staging.varesenews.it\/2005\/05\/internet-e-il-presente-anche-nella-scuola\/275807\/","title":{"rendered":"Internet \u00e8 il presente, anche nella scuola"},"content":{"rendered":"<p class=\"MsoNormal\" style=\"MARGIN: 0cm 0cm 0pt\"><font face=\"arial,helvetica,sans-serif\"><img decoding=\"async\" hspace=\"3\" src=\"https:\/\/www3.varesenews.it\/immagini_articoli\/200505\/tavolo_15404.jpg\" align=\"left\" vspace=\"3\" border=\"1\" \/>Si \u00e8 aperta questa mattina al centro convegni Ville Ponti la due giorni di lavori dedicati al mondo del web che si concluder\u00e0 domani pomeriggio con <b>l\u2019assemblea annuale dell\u2019Anso<\/b>, l\u2019associazione nazionale dei giornali on-line. Un\u2019occasione particolarmente importante per Varese per affrontare, con la presenza di esperti di grande livello, una riflessione sulle potenzialit\u00e0 della rete in tre abiti fondamentali come la comunicazione, il business e la scuola.<\/font><\/p>\n<p class=\"MsoNormal\" style=\"MARGIN: 0cm 0cm 0pt\"><font face=\"arial,helvetica,sans-serif\">Il programma di <b>Internet a convegno<\/b> si \u00e8 aperto proprio con un incontro sul rapporto tra internet e la scuola, che ha messo a fuoco le infinite possibilit\u00e0 di lavoro e di spunti creativi per la didattica che la rete offre agli istituti di ogni ordine e grado. <\/font><font face=\"arial,helvetica,sans-serif\"><\/font><\/p>\n<p \/>\n<p class=\"MsoNormal\" style=\"MARGIN: 0cm 0cm 0pt\"><font face=\"arial,helvetica,sans-serif\">Ad aprire il convegno <b>La scuola<span style=\"mso-spacerun: yes\">\u00a0 <\/span>entra in rete<\/b>, i saluti dell\u2019assessore provinciale all\u2019edilizia scolastica <b>Graziella Giacon<\/b>, che ha sottolineato come questo nuovo strumento di comunicazione abbia contribuito a far cambiare in modo sostanziale l\u2019universo della pubblica amministrazione e le modalit\u00e0 di interazione con i cittadini \u201cnon pi\u00f9 destinatari passivi dei messaggi ma interlocutori attivi, che vogliono essere ascoltati. Uno scenario che ha creato u terreno fertile per il cambiamento della stessa amministrazione pubblica\u201d. Insomma, ha concluso l\u2019assessore Giacon \u201cInternet come una rivoluzione carica di positivit\u00e0, una grande occasione per migliorare il mondo e far crescere la democrazia\u201d. <\/font><\/p>\n<p class=\"MsoNormal\" style=\"MARGIN: 0cm 0cm 0pt\"><font face=\"arial,helvetica,sans-serif\">Una rivoluzione che ha fatto prepotentemente il suo ingresso anche nel mondo della scuola. \u201dUn mondo \u2013 ha ricordato il direttore di Varesenews <b>Marco Giovannelli <\/b>\u2013 dove fino a pochi anni fa esistevano ancora pochi computer e rari collegamenti ad Internet, e che nel giro di pochi anni ha saputo appropriarsi di questi strumenti in modo straordinario, cogliendone tutte le potenzialit\u00e0. Internet non \u00e8 il futuro, \u00e8 il presente e il mondo della scuola deve esserne consapevole\u201d.<\/font><font face=\"arial,helvetica,sans-serif\"><\/font><\/p>\n<p \/>\n<p class=\"MsoNormal\" style=\"MARGIN: 0cm 0cm 0pt\"><font face=\"arial,helvetica,sans-serif\"><img decoding=\"async\" hspace=\"3\" src=\"https:\/\/www3.varesenews.it\/immagini_articoli\/200505\/pubblico_13886.jpg\" align=\"right\" vspace=\"3\" border=\"1\" \/>Un rapporto, quello della scuola con la rete, che offre veramente infiniti spunti, come hanno dimostrato le molte testimonianze portate in mattinata da diverse realt\u00e0 della provincia di Varese che hanno raccontato la loro esperienza al convegno.<\/font><\/p>\n<p class=\"MsoNormal\" style=\"MARGIN: 0cm 0cm 0pt\"><font face=\"arial,helvetica,sans-serif\">E\u2019 nata proprio dal Csa (l\u2019ex Provveditorato agli studi) di Varese, ad esempio, l\u2019interessante esperienza di <b>Scuole di montagna<\/b> (www.scuoledimontagna.it) un progetto cofinanziato dall\u2019Obiettivo 2 dell\u2019Unione europea per mettere in rete le scuole pi\u00f9 piccole e disagiate delle realt\u00e0 montane lombarde. \u201cPiccole scuole in localit\u00e0 isolate \u2013 ha spiegato il responsabile del progetto \u201cScuole in rete\u201d del provveditorato di Varese <b>Giuseppe Potente <\/b>\u2013 che grazie ad un sistema integrato di comunicazione, possono essere sempre in collegamento diretto tra loro superando le distanze, le difficolt\u00e0 legate al territorio ma anche i limiti imposti dai numeri spesso troppo esigui\u201d.<\/font><\/p>\n<p class=\"MsoNormal\" style=\"MARGIN: 0cm 0cm 0pt\"><font face=\"arial,helvetica,sans-serif\">Molto interessante la testimonianza dei ragazzi e della professoressa <b>Maria Maddalena Lang\u00e8 <\/b>dell\u2019Itc Tosi di Busto Arsizio, che durante questo anno scolastico hanno partecipato al progetto Hoc del Politecnico di Milano, collaborando all\u2019iniziativa \u201cStori@Lombardia\u201d, una modalit\u00e0 completamente nuova per avvicinarsi allo studio della storia, dove l\u2019analisi dei documenti e la parte \u201cseriosa\u201d dello studio si alternano a momenti di gioco in mondi virtuali a tre dimensioni e dove una chat tra studenti pu\u00f2 diventare parte integrante della didattica.<\/font><font face=\"arial,helvetica,sans-serif\"><\/font><\/p>\n<p \/>\n<p class=\"MsoNormal\" style=\"MARGIN: 0cm 0cm 0pt\"><font face=\"arial,helvetica,sans-serif\">Il professor <b>Ermanno Morosi<\/b>, del Liceo Artistico Frattini di Varese, ha invece toccato un punto potenzialmente dolente del rapporto tra la scuola e Internet, ovvero i \u201cregistri elettronici\u201d, modalit\u00e0 nuova sia per la comunicazione con le famiglie (che possono verificare on-line e in tempo reale voti, rendimento e presenze dei figli) ma anche di \u201cstoricizzazione\u201d del lavoro svolto a scuola. \u201cNella nostra scuola questa nuova modalit\u00e0 viene vissuta senza traumi dagli studenti, che hanno capito che non \u00e8 uno strumento di repressione e che<span style=\"mso-spacerun: yes\">\u00a0 <\/span>\u00e8 una cosa che non va sovraccaricata di significati, cos\u00ec come non c\u2019\u00e8 da temere una violazione della privacy \u2013 ha detto il docente \u2013 \u00e8 solo un altro modo con cui la scuola si adegua alle nuove tecnologie e modalit\u00e0 di comunicazione\u201d.<\/font><\/p>\n<p class=\"MsoNormal\" style=\"MARGIN: 0cm 0cm 0pt\"><font face=\"arial,helvetica,sans-serif\">Oggi sono sempre di pi\u00f9 le scuole che si dotano di un proprio sito Internet, che diventa vetrina per la propria offerta formativa, ma anche utilissimo strumento di lavoro, come ha ben illustrato <b>Marco Ferrario <\/b>dell\u2019Itis Geymonat di Tradate (www.itisgeymonat.va.it), una scuola dove il sito \u00e8 stato studiato in modo da offrire molti contenuti rivolti all\u2019esterno, ma anche spazi per condividere lavori e informazioni di docenti e studenti, con la possibilit\u00e0 di accedervi anche da casa, con un server di posta elettronica proprio, aree dati personali dove archiviare i propri documenti, e un servizio \u201cProntoscuola\u201d per consentire una comunicazione diretta e immediata con le famiglie. <\/font><\/p>\n<p class=\"MsoNormal\" style=\"MARGIN: 0cm 0cm 0pt\"><font face=\"arial,helvetica,sans-serif\">Molto interessante anche la testimonianza portata da <b>Carlo Sigismondi <\/b>dell\u2019Itpa Keynes di Gazzada, che ha raccontato come, proprio attraverso Internet, da un corso di cinese frequentato da alcuni docenti e allievi, sia nato un rapporto di conoscenza e di amicizia con alcuni studenti cinesi, attraverso il portale \u201cEpals.com\u201d, rapporto che, tra l\u2019altro, culminer\u00e0 ad ottobre con una gita scolastica davvero eccezionale, ovviamente in Cina. \u201cMolto per\u00f2 deve essere ancora fatto a livello di dotazioni tecniche nella scuola \u2013 ha ricordato Sigismondi \u2013 perch\u00e9 se \u00e8 vero che ormai l\u2019informatica \u00e8 una realt\u00e0 diffusa in molte scuole, \u00e8 anche vero che ci sono ancora istituti dove c\u2019\u00e8 un solo computer o dove non \u00e8 possibile collegarsi con la classe alla rete\u201d. <\/font><font face=\"arial,helvetica,sans-serif\"><\/font><\/p>\n<p \/>\n<p class=\"MsoNormal\" style=\"MARGIN: 0cm 0cm 0pt\"><font face=\"arial,helvetica,sans-serif\">A concludere l\u2019elenco di \u201ccase history\u201d le due universit\u00e0 varesine, <b>l\u2019Universit\u00e0 dell\u2019Insubria <\/b>e la <b>Liuc di Castellanza<\/b>. <b>Nicoletta Saladini <\/b>e <b>Luca Mondini <\/b>hanno raccontato come una potenziale difficolt\u00e0 iniziale dell\u2019Universit\u00e0 dell\u2019Insubria, ovvero la sua dislocazione molto frammentata sul territorio, con la doppia collocazione a Varese e Como e molte sedi sparse sul territorio sia diventata l\u2019opportunit\u00e0 per dotarsi sin dal principio di una efficiente rete informatica e di un programma di e-learning che oggi consente a tutti gli studenti di seguire diverse lezioni in videoconferenza o di consultare le lezioni e i materiali direttamente da casa.<\/font><\/p>\n<p class=\"MsoNormal\" style=\"MARGIN: 0cm 0cm 0pt\"><font face=\"arial,helvetica,sans-serif\">A chiudere il lungo elenco di testimonianze <b>Piero Cavalieri <\/b>della Libera universit\u00e0 Carlo Cattaneo di Castellanza, che ha puntato l\u2019attenzione sul sito della biblioteca universitaria, (<\/font><a href=\"http:\/\/www.biblio.liuc.it\/\"><font face=\"arial,helvetica,sans-serif\">www.biblio.liuc.it<\/font><\/a><font face=\"arial,helvetica,sans-serif\">) considerata tra i cinque migliori siti di biblioteche in Italia, con oltre quattro milioni e mezzo di pagine scaricate ogni anno.<\/font><\/p>\n<p class=\"MsoNormal\" style=\"MARGIN: 0cm 0cm 0pt\"><font face=\"arial,helvetica,sans-serif\">Una panoramica certo non esaustiva ma molto significativa del rapporto tra Internet e il mondo della scuola che, in provincia di Varese, sta dispiegando con punte di vera eccellenza le proprie potenzialit\u00e0.<\/font><\/p>\n<p><span style=\"FONT-SIZE: 9pt; FONT-FAMILY: Verdana; mso-fareast-font-family: \"><font face=\"arial,helvetica,sans-serif\" size=\"3\">Oggi pomeriggio l\u2019attenzione si sposta sull\u2019economia, con il convegno \u201cWeb &amp; business: un tandem per lo sviluppo\u201d, che avr\u00e0 inizio alle 14.45.<\/font><\/span> <\/p>\n","protected":false},"excerpt":{"rendered":"<p>Iniziata sabato mattina la due giorni dedicata ad Internet che si concluder\u00e0 domani con l\u2019assemblea annuale dell\u2019Associazione giornali on line<\/p>\n","protected":false},"author":10,"featured_media":0,"comment_status":"open","ping_status":"open","sticky":false,"template":"","format":"standard","meta":{"footnotes":""},"categories":[2],"tags":[],"acf":[],"yoast_head":"<!-- This site is optimized with the Yoast SEO plugin v20.1 - https:\/\/yoast.com\/wordpress\/plugins\/seo\/ -->\n<title>Internet \u00e8 il presente, anche nella scuola<\/title>\n<meta name=\"description\" content=\"Iniziata sabato mattina la due giorni dedicata ad Internet che si concluder\u00e0 domani con l\u2019assemblea annuale dell\u2019Associazione giornali on line\" \/>\n<meta name=\"robots\" content=\"noindex, follow, max-snippet:-1, max-image-preview:large, max-video-preview:-1\" \/>\n<meta property=\"og:locale\" content=\"it_IT\" \/>\n<meta property=\"og:type\" content=\"article\" \/>\n<meta property=\"og:title\" content=\"Internet \u00e8 il presente, anche nella scuola\" \/>\n<meta property=\"og:description\" content=\"Iniziata sabato mattina la due giorni dedicata ad Internet che si concluder\u00e0 domani con l\u2019assemblea annuale dell\u2019Associazione giornali on line\" \/>\n<meta property=\"og:url\" content=\"https:\/\/staging.varesenews.it\/2005\/05\/internet-e-il-presente-anche-nella-scuola\/275807\/\" \/>\n<meta property=\"og:site_name\" content=\"VareseNews\" \/>\n<meta property=\"article:publisher\" content=\"https:\/\/www.facebook.com\/varesenews\" \/>\n<meta property=\"article:published_time\" content=\"2005-05-28T00:00:00+00:00\" \/>\n<meta property=\"og:image\" content=\"https:\/\/www3.varesenews.it\/immagini_articoli\/200505\/tavolo_15404.jpg\" \/>\n<meta name=\"author\" content=\"Redazione VareseNews\" \/>\n<meta name=\"twitter:card\" content=\"summary_large_image\" \/>\n<meta name=\"twitter:creator\" content=\"@varesenews\" \/>\n<meta name=\"twitter:site\" content=\"@varesenews\" \/>\n<meta name=\"twitter:label1\" content=\"Scritto da\" \/>\n\t<meta name=\"twitter:data1\" content=\"Redazione VareseNews\" \/>\n\t<meta name=\"twitter:label2\" content=\"Tempo di lettura stimato\" \/>\n\t<meta name=\"twitter:data2\" content=\"5 minuti\" \/>\n<script type=\"application\/ld+json\" class=\"yoast-schema-graph\">{\"@context\":\"https:\/\/schema.org\",\"@graph\":[{\"@type\":\"WebPage\",\"@id\":\"https:\/\/staging.varesenews.it\/2005\/05\/internet-e-il-presente-anche-nella-scuola\/275807\/\",\"url\":\"https:\/\/staging.varesenews.it\/2005\/05\/internet-e-il-presente-anche-nella-scuola\/275807\/\",\"name\":\"Internet \u00e8 il presente, anche nella scuola\",\"isPartOf\":{\"@id\":\"https:\/\/staging.varesenews.it\/#website\"},\"datePublished\":\"2005-05-28T00:00:00+00:00\",\"dateModified\":\"2005-05-28T00:00:00+00:00\",\"author\":{\"@id\":\"https:\/\/staging.varesenews.it\/#\/schema\/person\/fb20c4da0b7b16c291707a20db73e169\"},\"description\":\"Iniziata sabato mattina la due giorni dedicata ad Internet che si concluder\u00e0 domani con l\u2019assemblea annuale dell\u2019Associazione giornali on line\",\"breadcrumb\":{\"@id\":\"https:\/\/staging.varesenews.it\/2005\/05\/internet-e-il-presente-anche-nella-scuola\/275807\/#breadcrumb\"},\"inLanguage\":\"it-IT\",\"potentialAction\":[{\"@type\":\"ReadAction\",\"target\":[\"https:\/\/staging.varesenews.it\/2005\/05\/internet-e-il-presente-anche-nella-scuola\/275807\/\"]}]},{\"@type\":\"BreadcrumbList\",\"@id\":\"https:\/\/staging.varesenews.it\/2005\/05\/internet-e-il-presente-anche-nella-scuola\/275807\/#breadcrumb\",\"itemListElement\":[{\"@type\":\"ListItem\",\"position\":1,\"name\":\"Home\",\"item\":\"https:\/\/www.varesenews.it\/\"},{\"@type\":\"ListItem\",\"position\":2,\"name\":\"Internet \u00e8 il presente, anche nella scuola\"}]},{\"@type\":\"WebSite\",\"@id\":\"https:\/\/staging.varesenews.it\/#website\",\"url\":\"https:\/\/staging.varesenews.it\/\",\"name\":\"VareseNews\",\"description\":\"\",\"potentialAction\":[{\"@type\":\"SearchAction\",\"target\":{\"@type\":\"EntryPoint\",\"urlTemplate\":\"https:\/\/staging.varesenews.it\/?s={search_term_string}\"},\"query-input\":\"required name=search_term_string\"}],\"inLanguage\":\"it-IT\"},{\"@type\":\"Person\",\"@id\":\"https:\/\/staging.varesenews.it\/#\/schema\/person\/fb20c4da0b7b16c291707a20db73e169\",\"name\":\"Redazione VareseNews\",\"image\":{\"@type\":\"ImageObject\",\"inLanguage\":\"it-IT\",\"@id\":\"https:\/\/staging.varesenews.it\/#\/schema\/person\/image\/\",\"url\":\"https:\/\/staging.varesenews.it\/wp-content\/uploads\/2020\/12\/logo_VN_colori_500.png\",\"contentUrl\":\"https:\/\/staging.varesenews.it\/wp-content\/uploads\/2020\/12\/logo_VN_colori_500.png\",\"caption\":\"Redazione VareseNews\"},\"url\":\"https:\/\/staging.varesenews.it\/persona\/redazione1\/\"}]}<\/script>\n<!-- \/ Yoast SEO plugin. -->","yoast_head_json":{"title":"Internet \u00e8 il presente, anche nella scuola","description":"Iniziata sabato mattina la due giorni dedicata ad Internet che si concluder\u00e0 domani con l\u2019assemblea annuale dell\u2019Associazione giornali on line","robots":{"index":"noindex","follow":"follow","max-snippet":"max-snippet:-1","max-image-preview":"max-image-preview:large","max-video-preview":"max-video-preview:-1"},"og_locale":"it_IT","og_type":"article","og_title":"Internet \u00e8 il presente, anche nella scuola","og_description":"Iniziata sabato mattina la due giorni dedicata ad Internet che si concluder\u00e0 domani con l\u2019assemblea annuale dell\u2019Associazione giornali on line","og_url":"https:\/\/staging.varesenews.it\/2005\/05\/internet-e-il-presente-anche-nella-scuola\/275807\/","og_site_name":"VareseNews","article_publisher":"https:\/\/www.facebook.com\/varesenews","article_published_time":"2005-05-28T00:00:00+00:00","og_image":[{"url":"https:\/\/www3.varesenews.it\/immagini_articoli\/200505\/tavolo_15404.jpg"}],"author":"Redazione VareseNews","twitter_card":"summary_large_image","twitter_creator":"@varesenews","twitter_site":"@varesenews","twitter_misc":{"Scritto da":"Redazione VareseNews","Tempo di lettura stimato":"5 minuti"},"schema":{"@context":"https:\/\/schema.org","@graph":[{"@type":"WebPage","@id":"https:\/\/staging.varesenews.it\/2005\/05\/internet-e-il-presente-anche-nella-scuola\/275807\/","url":"https:\/\/staging.varesenews.it\/2005\/05\/internet-e-il-presente-anche-nella-scuola\/275807\/","name":"Internet \u00e8 il presente, anche nella scuola","isPartOf":{"@id":"https:\/\/staging.varesenews.it\/#website"},"datePublished":"2005-05-28T00:00:00+00:00","dateModified":"2005-05-28T00:00:00+00:00","author":{"@id":"https:\/\/staging.varesenews.it\/#\/schema\/person\/fb20c4da0b7b16c291707a20db73e169"},"description":"Iniziata sabato mattina la due giorni dedicata ad Internet che si concluder\u00e0 domani con l\u2019assemblea annuale dell\u2019Associazione giornali on line","breadcrumb":{"@id":"https:\/\/staging.varesenews.it\/2005\/05\/internet-e-il-presente-anche-nella-scuola\/275807\/#breadcrumb"},"inLanguage":"it-IT","potentialAction":[{"@type":"ReadAction","target":["https:\/\/staging.varesenews.it\/2005\/05\/internet-e-il-presente-anche-nella-scuola\/275807\/"]}]},{"@type":"BreadcrumbList","@id":"https:\/\/staging.varesenews.it\/2005\/05\/internet-e-il-presente-anche-nella-scuola\/275807\/#breadcrumb","itemListElement":[{"@type":"ListItem","position":1,"name":"Home","item":"https:\/\/www.varesenews.it\/"},{"@type":"ListItem","position":2,"name":"Internet \u00e8 il presente, anche nella scuola"}]},{"@type":"WebSite","@id":"https:\/\/staging.varesenews.it\/#website","url":"https:\/\/staging.varesenews.it\/","name":"VareseNews","description":"","potentialAction":[{"@type":"SearchAction","target":{"@type":"EntryPoint","urlTemplate":"https:\/\/staging.varesenews.it\/?s={search_term_string}"},"query-input":"required name=search_term_string"}],"inLanguage":"it-IT"},{"@type":"Person","@id":"https:\/\/staging.varesenews.it\/#\/schema\/person\/fb20c4da0b7b16c291707a20db73e169","name":"Redazione VareseNews","image":{"@type":"ImageObject","inLanguage":"it-IT","@id":"https:\/\/staging.varesenews.it\/#\/schema\/person\/image\/","url":"https:\/\/staging.varesenews.it\/wp-content\/uploads\/2020\/12\/logo_VN_colori_500.png","contentUrl":"https:\/\/staging.varesenews.it\/wp-content\/uploads\/2020\/12\/logo_VN_colori_500.png","caption":"Redazione VareseNews"},"url":"https:\/\/staging.varesenews.it\/persona\/redazione1\/"}]}},"post_meta":{"id_old":"22909","argomento":"Varese","autore_old":"Mariangela Gerletti"},"photos":[],"_links":{"self":[{"href":"https:\/\/staging.varesenews.it\/swgapi\/v1\/wp\/v2\/posts\/275807"}],"collection":[{"href":"https:\/\/staging.varesenews.it\/swgapi\/v1\/wp\/v2\/posts"}],"about":[{"href":"https:\/\/staging.varesenews.it\/swgapi\/v1\/wp\/v2\/types\/post"}],"author":[{"embeddable":true,"href":"https:\/\/staging.varesenews.it\/swgapi\/v1\/wp\/v2\/users\/10"}],"replies":[{"embeddable":true,"href":"https:\/\/staging.varesenews.it\/swgapi\/v1\/wp\/v2\/comments?post=275807"}],"version-history":[{"count":0,"href":"https:\/\/staging.varesenews.it\/swgapi\/v1\/wp\/v2\/posts\/275807\/revisions"}],"wp:attachment":[{"href":"https:\/\/staging.varesenews.it\/swgapi\/v1\/wp\/v2\/media?parent=275807"}],"wp:term":[{"taxonomy":"category","embeddable":true,"href":"https:\/\/staging.varesenews.it\/swgapi\/v1\/wp\/v2\/categories?post=275807"},{"taxonomy":"post_tag","embeddable":true,"href":"https:\/\/staging.varesenews.it\/swgapi\/v1\/wp\/v2\/tags?post=275807"}],"curies":[{"name":"wp","href":"https:\/\/api.w.org\/{rel}","templated":true}]}}