{"id":277220,"date":"2005-04-27T00:00:00","date_gmt":"2005-04-27T00:00:00","guid":{"rendered":""},"modified":"2005-04-27T00:00:00","modified_gmt":"2005-04-27T00:00:00","slug":"volare-raffica-di-arresti-e-indagati-eccellenti","status":"publish","type":"post","link":"https:\/\/staging.varesenews.it\/2005\/04\/volare-raffica-di-arresti-e-indagati-eccellenti\/277220\/","title":{"rendered":"Volare: raffica di arresti e &#8220;indagati eccellenti&#8221;"},"content":{"rendered":"<p class=\"MsoNormal\" style=\"TEXT-ALIGN: justify\"><span style=\"FONT-FAMILY: Arial\"><\/span><span style=\"COLOR: black; FONT-FAMILY: Arial\"><font face=\"Times New Roman\"><\/font><\/span><font face=\"Arial\" size=\"2\"><\/font><\/p>\n<p style=\"TEXT-ALIGN: justify\"><font size=\"3\"><font face=\"Arial\">Man mano che passano le ore aumenta il numero dei nomi illustri coinvolti nell&#8217;indagine sul crack Volare: oltre all&#8217;ex presidente di Sea e di Confindustria <b>Giorgio Fossa<\/b>, ci sarebbe infatti anche l&#8217;ex<\/font> <font face=\"Arial\">ministro dei Trasporti <b>Carlo Bernini <\/b>nell&#8217;elenco delle persone<\/font> <font face=\"Arial\">indagate nell&#8217;inchiesta della Procura di Busto Arsizio. L&#8217;informazione di garanzia all&#8217;ex ministro gli sarebbe stata recapitata in qualita&#8217; di presidente del Cda di My Way Airlines, e le ipotesi di reato sono quelle di bancarotta fraudolenta e falso in bilancio.<br \/><\/font><\/font><font face=\"Arial\" size=\"3\"><br \/><\/font>S<font face=\"Arial\" size=\"3\">ono stati resi noti inoltre i nomi di altri due degli indagati ora in obbligo di dimora: si tratta di <b>Rita Mengozzi<\/b>, amministratore di diritto di Triskel Srl (tour operator riminese legata a Volare) e al contempo socia di maggioranza della capogruppo di MyAir, e <b>Vittoriano Scotti<\/b>, <b>presidente del consiglio di amministrazione di Teorema Tour<\/b>.<\/font><\/p>\n<p style=\"TEXT-ALIGN: justify\"><font face=\"Arial\"><img decoding=\"async\" hspace=\"3\" src=\"https:\/\/www3.varesenews.it\/immagini_articoli\/200411\/gambaro_17443.jpg\" align=\"left\" vspace=\"3\" border=\"0\" \/>Si allunga cos\u00ec la lista anche dei nomi dei fermati, di cui questa mattina se ne conoscevano solo tre<\/font><span class=\"articolo_corpo\"><font face=\"Arial\"><span style=\"COLOR: black\">, nell&#8217;ambito dell&#8217;inchiesta condotta dalla Procura di Busto Arsizio sul <strong>crack<\/strong> del gruppo V<\/span><\/font><span style=\"COLOR: black; FONT-FAMILY: Arial\">olare. I nomi resi noti stamattina nel corso della conferenza stampa in Procura a Busto Arsizio sono: <strong><span style=\"FONT-FAMILY: Arial\">Giuliano Martinelli<\/span><\/strong> ex direttore commerciale della compagnia fallita<strong><span style=\"FONT-FAMILY: Arial\">\u00a0<\/span><span style=\"FONT-WEIGHT: normal; FONT-FAMILY: Arial\">e considerato dagli inquirenti<\/span><span style=\"FONT-FAMILY: Arial\"> l&#8217;amministratore di fatto <\/span><span style=\"FONT-WEIGHT: normal; FONT-FAMILY: Arial\">di molte societ\u00e0 del gruppo fallito<\/span><span style=\"FONT-FAMILY: Arial\">, Gino Zoccai, <\/span><span style=\"FONT-WEIGHT: normal; FONT-FAMILY: Arial\">l&#8217;imprenditore vicentino fondatore ed ex presidente del gruppo Volare, e <\/span><span style=\"FONT-FAMILY: Arial\">Mauro Gambaro <font size=\"2\">(nella foto)<\/font><\/span><\/strong>. Quest&#8217;ultimo, <\/span><span class=\"testobig\" style=\"FONT-FAMILY: Arial\">ex direttore generale di Interbanca (<b>non<\/b> coinvolta nelle indagini, ndr) e ultimo presidente di Volare prima del fallimento, \u00e8 anche amministratore delegato e direttore generale dell&#8217;<b>Inter<\/b> (anch&#8217;essa <b>del tutto estranea<\/b> ai fatti)<\/span><span style=\"COLOR: black; FONT-FAMILY: Arial\">. Zoccai e Martinelli sono stati tradotti in carcere, Gambaro \u00e8 invece agli arresti domiciliari. In seguito, nel pmeriggio \u00e8 stato arrestato anche <span style=\"FONT-WEIGHT: bold\">Vincenzo Soddu<\/span>, ex amministratore delegato di Volare. Altri nomi &quot;di peso&quot; non sono ancora stati resi ufficialmente noti dagli inquirenti, per quanto circolino voci insistenti e precise: non sembrano finite perci\u00f2 le<span style=\"FONT-FAMILY: Arial\"> <strong>novit\u00e0<\/strong><\/span>. <\/span><\/span><\/p>\n<p class=\"MsoNormal\" style=\"TEXT-ALIGN: justify\"><span style=\"COLOR: black; FONT-FAMILY: Arial\">Le misure cautelari sono state chieste dal procuratore della Repubblica di Busto Arsizio, <b>Antonio Pizzi<\/b> (da pochi giorni trasferito alla Procura della Repubblica di Monza, ma che aveva fatto richiesta di restare <b>applicato<\/b> alle indagini sul crac Volare) e dal pm <b>Roberto Craveia<\/b>, sono state firmate dal gip <b>Adet Toni Novik<\/b>. <\/span><span style=\"FONT-FAMILY: Arial\">Gli arresti e le perquisizioni sono avvenuti nelle citt\u00e0 e nelle province di Milano, Varese, Vicenza, Rimini e Roma. Le Fiamme Gialle di Varese hanno effettuato <b>24 perquisizioni<\/b> in abitazioni e uffici di societ\u00e0; <strong>in tutto, sono 49 le persone iscritte nel registro degli indagati.<\/strong><\/span><\/p>\n<p class=\"MsoNormal\" style=\"TEXT-ALIGN: justify\"><span style=\"FONT-FAMILY: Arial\">I personaggi coinvolti nell&#8217;inchiesta hanno rivestito cariche decisionali e di controllo all&#8217;interno del gruppo Volare o in societ\u00e0 collegate, a vario titolo, al <span style=\"FONT-STYLE: italic\">management<\/span> della compagnia area stessa, il cui stato di insolvenza \u00e8 stato dichiarato alla fine del 2004. Ora il gruppo \u00e8 commissariato. I fatti contestati vanno dal 2001 al 2004. I reati contestati agli arrestati sono gravi: <strong>falso in bilancio, distrazione di fondi, mezzi e personale, bancarotta per distrazione allo scopo di fondare una nuova societ\u00e0<\/strong>, <strong>Myair.com<\/strong>, con la stessa struttura della compagnia commissariata, come hanno spiegato Pizzi e Craveia nella conferenza stampa indetta in mattinata. <\/span><\/p>\n<p class=\"MsoNormal\" style=\"TEXT-ALIGN: justify\"><span style=\"FONT-FAMILY: Arial\">\u00abI controlli da noi affidati alla societ\u00e0 di revisione di bilanci Kpmg hanno subito evidenziato <b>gravissimi falsi in bilancio<\/b>\u00bb ha detto il pm Craveia. \u00abPer quanto riguarda Volare abbiamo ricostruito le vicende societarie fin dall&#8217;inizio, per quanto attiene invece <b>AirEurope<\/b> (in mano a Volare dal 2002 all&#8217;anno scorso, ndr) dall&#8217;uscita di SwissAir dalla compagine sociale. Dal 2001 i bilanci del gruppo Volare sono stati <b>continuamente truccati\u00bb<\/b>: ci\u00f2 avveniva<b>\u00a0<\/b>per ricavare il denaro con cui costituire MyWay, tramite vari sistemi. Si \u00e8 fatto ricorso alla vendita e al riacquisto di materiali rotabili, con la quale si creavano <b>ricavi fittizi<\/b> per mascherare le <b>enormi perdite<\/b> del gruppo; a<b> travasi dolosi di denaro<\/b> tra le varie societ\u00e0 del gruppo onde riallineare i patrimoni sociali per evitare la di dover immettere nuove risorse; alla <b>sottrazione di fondi<\/b> attraverso l&#8217;acquisto, fittizio, di quote in fantomatiche societ\u00e0; al <b>dirottamento di ingenti somme<\/b> su societ\u00e0 riconducibili, in ultima analisi, al &quot;gruppo storico&quot; dei dirigenti di Volare; infine, in totale contrasto con ogni principio contabile, alla <b>capitalizzazione di ingenti costi<\/b> per la ristrutturazione della flotta, sempre con lo scopo di mascherare le perdite.<\/span><\/p>\n<p class=\"MsoNormal\" style=\"TEXT-ALIGN: justify\"><span style=\"FONT-FAMILY: Arial\">\u00abVolare per anni<b> ha venduto sottocosto<\/b>, tentando infine di <b>rifilare a terzi<\/b> le societ\u00e0 ormai ormai decotte\u00bb spiega ancora il pm Craveia. \u00abUn anno fa, con una situazione finanziaria ormai <b>insostenibile<\/b>, si \u00e8 creato il gruppo <b>MyWay<\/b> (la holding della compagnia <b>MyAir<\/b>, ndr). <b>Mezzi, fondi e personale sono stati distratti da Volare per fondare questa nuova societ\u00e0<\/b>, identica nella struttura al gruppo in fallimento: <b>sindaci, professionisti e dirigenti<\/b> della societ\u00e0 hanno <b>agevolato<\/b> tale condotta illegale. Parliamo di <b>un &quot;buco&quot; da 500 milioni di euro<\/b>, frutto non solo di malversazioni ma anche di &quot;semplice&quot; <b>cattiva gestione<\/b>.<br \/>L&#8217;indagine, comunque, \u00e8 <b>tutt&#8217;altro che chiusa<\/b>\u00bb. Craveia ha inoltre fatto presente che anche la Multiservizi Telematici di Sassari, il call center per le prenotazioni di Volare, \u00e8 stato dichiarato insolvente ed \u00e8 stato commissariato. Anche il procuratore Pizzi non \u00e8 stato tenero nel giudizio: \u00abIl dissesto di Volare \u00e8 stato frutto di incompetenza, <b>malafede<\/b> e incapacit\u00e0 da parte di un gruppo di potere\u00bb. A rimetterci, naturalmente, sono state le famiglie di <b>1300 lavoratori<\/b>.<\/span><\/p>\n<p class=\"MsoNormal\" style=\"MARGIN: 0cm 0cm 0pt\"><font face=\"arial,helvetica,sans-serif\"><strong>Per quanto riguarda la posizione di Fossa<\/strong>, iscritto nel <strong>registro degli indagati<\/strong>, notizie di agenzia rivelano che l&#8217;ex presidente di Sea e di Confindustria, e che per alcuni<span>\u00a0<\/span>mesi ha guidato il gruppo Volare, e&#8217; indagato per fatti marginali e la sua iscrizione sarebbe un atto dovuto. Anche per lui comunque le ipotesi<span>\u00a0<\/span>di reato sono <strong>falso in bilancio e bancarotta fraudolenta.<\/strong><\/font><\/p>\n","protected":false},"excerpt":{"rendered":"<p>Arresteti gli ultimi due presidenti e indagati anche Giorgio Fossa e l&#8217;ex ministro Bernini. Crac da 500 milioni per il gruppo al quale mezzi, fondi e personale furono sottratti per fondare il gruppo-clone MyWay<\/p>\n","protected":false},"author":10,"featured_media":0,"comment_status":"open","ping_status":"open","sticky":false,"template":"","format":"standard","meta":{"footnotes":""},"categories":[4],"tags":[],"acf":[],"yoast_head":"<!-- This site is optimized with the Yoast SEO plugin v20.1 - https:\/\/yoast.com\/wordpress\/plugins\/seo\/ -->\n<title>Volare: raffica di arresti e &quot;indagati eccellenti&quot;<\/title>\n<meta name=\"description\" content=\"Arresteti gli ultimi due presidenti e indagati anche Giorgio Fossa e l&#039;ex ministro Bernini. Crac da 500 milioni per il gruppo al quale mezzi, fondi e personale furono sottratti per fondare il gruppo-clone MyWay\" \/>\n<meta name=\"robots\" content=\"noindex, follow, max-snippet:-1, max-image-preview:large, max-video-preview:-1\" \/>\n<meta property=\"og:locale\" content=\"it_IT\" \/>\n<meta property=\"og:type\" content=\"article\" \/>\n<meta property=\"og:title\" content=\"Volare: raffica di arresti e &quot;indagati eccellenti&quot;\" \/>\n<meta property=\"og:description\" content=\"Arresteti gli ultimi due presidenti e indagati anche Giorgio Fossa e l&#039;ex ministro Bernini. Crac da 500 milioni per il gruppo al quale mezzi, fondi e personale furono sottratti per fondare il gruppo-clone MyWay\" \/>\n<meta property=\"og:url\" content=\"https:\/\/staging.varesenews.it\/2005\/04\/volare-raffica-di-arresti-e-indagati-eccellenti\/277220\/\" \/>\n<meta property=\"og:site_name\" content=\"VareseNews\" \/>\n<meta property=\"article:publisher\" content=\"https:\/\/www.facebook.com\/varesenews\" \/>\n<meta property=\"article:published_time\" content=\"2005-04-27T00:00:00+00:00\" \/>\n<meta property=\"og:image\" content=\"https:\/\/www3.varesenews.it\/immagini_articoli\/200411\/gambaro_17443.jpg\" \/>\n<meta name=\"author\" content=\"Redazione VareseNews\" \/>\n<meta name=\"twitter:card\" content=\"summary_large_image\" \/>\n<meta name=\"twitter:creator\" content=\"@varesenews\" \/>\n<meta name=\"twitter:site\" content=\"@varesenews\" \/>\n<meta name=\"twitter:label1\" content=\"Scritto da\" \/>\n\t<meta name=\"twitter:data1\" content=\"Redazione VareseNews\" \/>\n\t<meta name=\"twitter:label2\" content=\"Tempo di lettura stimato\" \/>\n\t<meta name=\"twitter:data2\" content=\"5 minuti\" \/>\n<script type=\"application\/ld+json\" class=\"yoast-schema-graph\">{\"@context\":\"https:\/\/schema.org\",\"@graph\":[{\"@type\":\"WebPage\",\"@id\":\"https:\/\/staging.varesenews.it\/2005\/04\/volare-raffica-di-arresti-e-indagati-eccellenti\/277220\/\",\"url\":\"https:\/\/staging.varesenews.it\/2005\/04\/volare-raffica-di-arresti-e-indagati-eccellenti\/277220\/\",\"name\":\"Volare: raffica di arresti e \\\"indagati eccellenti\\\"\",\"isPartOf\":{\"@id\":\"https:\/\/staging.varesenews.it\/#website\"},\"datePublished\":\"2005-04-27T00:00:00+00:00\",\"dateModified\":\"2005-04-27T00:00:00+00:00\",\"author\":{\"@id\":\"https:\/\/staging.varesenews.it\/#\/schema\/person\/fb20c4da0b7b16c291707a20db73e169\"},\"description\":\"Arresteti gli ultimi due presidenti e indagati anche Giorgio Fossa e l'ex ministro Bernini. Crac da 500 milioni per il gruppo al quale mezzi, fondi e personale furono sottratti per fondare il gruppo-clone MyWay\",\"breadcrumb\":{\"@id\":\"https:\/\/staging.varesenews.it\/2005\/04\/volare-raffica-di-arresti-e-indagati-eccellenti\/277220\/#breadcrumb\"},\"inLanguage\":\"it-IT\",\"potentialAction\":[{\"@type\":\"ReadAction\",\"target\":[\"https:\/\/staging.varesenews.it\/2005\/04\/volare-raffica-di-arresti-e-indagati-eccellenti\/277220\/\"]}]},{\"@type\":\"BreadcrumbList\",\"@id\":\"https:\/\/staging.varesenews.it\/2005\/04\/volare-raffica-di-arresti-e-indagati-eccellenti\/277220\/#breadcrumb\",\"itemListElement\":[{\"@type\":\"ListItem\",\"position\":1,\"name\":\"Home\",\"item\":\"https:\/\/www.varesenews.it\/\"},{\"@type\":\"ListItem\",\"position\":2,\"name\":\"Volare: raffica di arresti e &#8220;indagati eccellenti&#8221;\"}]},{\"@type\":\"WebSite\",\"@id\":\"https:\/\/staging.varesenews.it\/#website\",\"url\":\"https:\/\/staging.varesenews.it\/\",\"name\":\"VareseNews\",\"description\":\"\",\"potentialAction\":[{\"@type\":\"SearchAction\",\"target\":{\"@type\":\"EntryPoint\",\"urlTemplate\":\"https:\/\/staging.varesenews.it\/?s={search_term_string}\"},\"query-input\":\"required name=search_term_string\"}],\"inLanguage\":\"it-IT\"},{\"@type\":\"Person\",\"@id\":\"https:\/\/staging.varesenews.it\/#\/schema\/person\/fb20c4da0b7b16c291707a20db73e169\",\"name\":\"Redazione VareseNews\",\"image\":{\"@type\":\"ImageObject\",\"inLanguage\":\"it-IT\",\"@id\":\"https:\/\/staging.varesenews.it\/#\/schema\/person\/image\/\",\"url\":\"https:\/\/staging.varesenews.it\/wp-content\/uploads\/2020\/12\/logo_VN_colori_500.png\",\"contentUrl\":\"https:\/\/staging.varesenews.it\/wp-content\/uploads\/2020\/12\/logo_VN_colori_500.png\",\"caption\":\"Redazione VareseNews\"},\"url\":\"https:\/\/staging.varesenews.it\/persona\/redazione1\/\"}]}<\/script>\n<!-- \/ Yoast SEO plugin. -->","yoast_head_json":{"title":"Volare: raffica di arresti e \"indagati eccellenti\"","description":"Arresteti gli ultimi due presidenti e indagati anche Giorgio Fossa e l'ex ministro Bernini. Crac da 500 milioni per il gruppo al quale mezzi, fondi e personale furono sottratti per fondare il gruppo-clone MyWay","robots":{"index":"noindex","follow":"follow","max-snippet":"max-snippet:-1","max-image-preview":"max-image-preview:large","max-video-preview":"max-video-preview:-1"},"og_locale":"it_IT","og_type":"article","og_title":"Volare: raffica di arresti e \"indagati eccellenti\"","og_description":"Arresteti gli ultimi due presidenti e indagati anche Giorgio Fossa e l'ex ministro Bernini. Crac da 500 milioni per il gruppo al quale mezzi, fondi e personale furono sottratti per fondare il gruppo-clone MyWay","og_url":"https:\/\/staging.varesenews.it\/2005\/04\/volare-raffica-di-arresti-e-indagati-eccellenti\/277220\/","og_site_name":"VareseNews","article_publisher":"https:\/\/www.facebook.com\/varesenews","article_published_time":"2005-04-27T00:00:00+00:00","og_image":[{"url":"https:\/\/www3.varesenews.it\/immagini_articoli\/200411\/gambaro_17443.jpg"}],"author":"Redazione VareseNews","twitter_card":"summary_large_image","twitter_creator":"@varesenews","twitter_site":"@varesenews","twitter_misc":{"Scritto da":"Redazione VareseNews","Tempo di lettura stimato":"5 minuti"},"schema":{"@context":"https:\/\/schema.org","@graph":[{"@type":"WebPage","@id":"https:\/\/staging.varesenews.it\/2005\/04\/volare-raffica-di-arresti-e-indagati-eccellenti\/277220\/","url":"https:\/\/staging.varesenews.it\/2005\/04\/volare-raffica-di-arresti-e-indagati-eccellenti\/277220\/","name":"Volare: raffica di arresti e \"indagati eccellenti\"","isPartOf":{"@id":"https:\/\/staging.varesenews.it\/#website"},"datePublished":"2005-04-27T00:00:00+00:00","dateModified":"2005-04-27T00:00:00+00:00","author":{"@id":"https:\/\/staging.varesenews.it\/#\/schema\/person\/fb20c4da0b7b16c291707a20db73e169"},"description":"Arresteti gli ultimi due presidenti e indagati anche Giorgio Fossa e l'ex ministro Bernini. Crac da 500 milioni per il gruppo al quale mezzi, fondi e personale furono sottratti per fondare il gruppo-clone MyWay","breadcrumb":{"@id":"https:\/\/staging.varesenews.it\/2005\/04\/volare-raffica-di-arresti-e-indagati-eccellenti\/277220\/#breadcrumb"},"inLanguage":"it-IT","potentialAction":[{"@type":"ReadAction","target":["https:\/\/staging.varesenews.it\/2005\/04\/volare-raffica-di-arresti-e-indagati-eccellenti\/277220\/"]}]},{"@type":"BreadcrumbList","@id":"https:\/\/staging.varesenews.it\/2005\/04\/volare-raffica-di-arresti-e-indagati-eccellenti\/277220\/#breadcrumb","itemListElement":[{"@type":"ListItem","position":1,"name":"Home","item":"https:\/\/www.varesenews.it\/"},{"@type":"ListItem","position":2,"name":"Volare: raffica di arresti e &#8220;indagati eccellenti&#8221;"}]},{"@type":"WebSite","@id":"https:\/\/staging.varesenews.it\/#website","url":"https:\/\/staging.varesenews.it\/","name":"VareseNews","description":"","potentialAction":[{"@type":"SearchAction","target":{"@type":"EntryPoint","urlTemplate":"https:\/\/staging.varesenews.it\/?s={search_term_string}"},"query-input":"required name=search_term_string"}],"inLanguage":"it-IT"},{"@type":"Person","@id":"https:\/\/staging.varesenews.it\/#\/schema\/person\/fb20c4da0b7b16c291707a20db73e169","name":"Redazione VareseNews","image":{"@type":"ImageObject","inLanguage":"it-IT","@id":"https:\/\/staging.varesenews.it\/#\/schema\/person\/image\/","url":"https:\/\/staging.varesenews.it\/wp-content\/uploads\/2020\/12\/logo_VN_colori_500.png","contentUrl":"https:\/\/staging.varesenews.it\/wp-content\/uploads\/2020\/12\/logo_VN_colori_500.png","caption":"Redazione VareseNews"},"url":"https:\/\/staging.varesenews.it\/persona\/redazione1\/"}]}},"post_meta":{"id_old":"21029","argomento":"Busto Arsizio","autore_old":"S.R., T.G., SdA"},"photos":[],"_links":{"self":[{"href":"https:\/\/staging.varesenews.it\/swgapi\/v1\/wp\/v2\/posts\/277220"}],"collection":[{"href":"https:\/\/staging.varesenews.it\/swgapi\/v1\/wp\/v2\/posts"}],"about":[{"href":"https:\/\/staging.varesenews.it\/swgapi\/v1\/wp\/v2\/types\/post"}],"author":[{"embeddable":true,"href":"https:\/\/staging.varesenews.it\/swgapi\/v1\/wp\/v2\/users\/10"}],"replies":[{"embeddable":true,"href":"https:\/\/staging.varesenews.it\/swgapi\/v1\/wp\/v2\/comments?post=277220"}],"version-history":[{"count":0,"href":"https:\/\/staging.varesenews.it\/swgapi\/v1\/wp\/v2\/posts\/277220\/revisions"}],"wp:attachment":[{"href":"https:\/\/staging.varesenews.it\/swgapi\/v1\/wp\/v2\/media?parent=277220"}],"wp:term":[{"taxonomy":"category","embeddable":true,"href":"https:\/\/staging.varesenews.it\/swgapi\/v1\/wp\/v2\/categories?post=277220"},{"taxonomy":"post_tag","embeddable":true,"href":"https:\/\/staging.varesenews.it\/swgapi\/v1\/wp\/v2\/tags?post=277220"}],"curies":[{"name":"wp","href":"https:\/\/api.w.org\/{rel}","templated":true}]}}