{"id":277319,"date":"2005-04-23T00:00:00","date_gmt":"2005-04-23T00:00:00","guid":{"rendered":""},"modified":"2005-04-23T00:00:00","modified_gmt":"2005-04-23T00:00:00","slug":"il-giorno-del-ringraziamento","status":"publish","type":"post","link":"https:\/\/staging.varesenews.it\/2005\/04\/il-giorno-del-ringraziamento\/277319\/","title":{"rendered":"Il giorno del ringraziamento"},"content":{"rendered":"<p>Gli epocali avvenimenti della settimana hanno scatenato l\u2019ingegno delle redazioni dei giornali. Cos\u00ec, in questi giorni, era uno spasso correre di buon mattino all\u2019edicola per vedere cosa avesse messo al mondo la carta stampata. Ecco un piccolo florilegio di quanto comparso sulle prime pagine dei quotidiani. Sull\u2019elezione di papa Benedetto XVI: \u201cIl pastore tedesco\u201d (Il manifesto, titolo di prima pagina); \u201cSe sbaglio, non mi corigerete!\u201d (vignetta di Giannelli, Il Corriere della Sera). Sulla crisi di governo: \u201cAscoltaci o signore (di Arcore)\u201d (Libero, titolo di prima pagina); \u201cImprovvise e inspiegabili dimissioni di Berlusconi\u201d (La Padania, titolo di prima pagina).<\/p>\n<p>VIVA LA DIGA \u2013 Il presidente della Provincia Marco Reguzzoni ha ragione di arrabbiarsi perch\u00e9 dalla sera alla mattina ha scoperto che non ci sono pi\u00f9 i soldi promessi per costruire la diga sull\u2019Olona, che dovrebbe prevenire le esondazioni del fiume. Sostenendo che la colpa \u00e8 della burocrazia romana rischia per\u00f2 di sparare al bersaglio sbagliato. Verrebbe subito da chiedersi come mai, quando i soldi ci sono il merito \u00e8 dei parlamentari leghisti che li hanno scovati e quando invece spariscono la colpa \u00e8 di qualche ragioniere ministeriale che ce l\u2019ha col Nord. Sarebbe consolante credere che i nostri guai dipendano solo da eccesso di zelo o scarsa solerzia dalle parti del Colosseo, ma la realt\u00e0 ce l\u2019hanno messa davanti inchieste comparse sul Sole 24 Ore e su Repubblica: bambole, per le opere pubbliche non c\u2019\u00e8 una lira, mancano i soldi per la Salerno \u2013 Reggio Calabria, per l\u2019alta velocit\u00e0 ferroviaria e persino per un cantiere come il Mose, che dovrebbe mettere al riparo Venezia (Venezia!) da inondazioni ben pi\u00f9 dannose di quelle dell\u2019Olona.<\/p>\n<p>VOLEVAMO BEN DIRE! \u2013 Ok, un discorso sulla privatizzazione di una societ\u00e0 di autobus non \u00e8 esattamente quello che ci vuole per sedurre una donna seduti la sera in riva al mare. Per\u00f2 un dubbio ci rode. Dunque, un annetto fa il Comune di Varese organizza una gara per appaltare il servizio svolto da Avt. C\u2019\u00e8 una procedura solenne, c\u2019\u00e8 una commissione che giudica, ci sono insomma tutti i crismi di trasparenza necessari quando si parla di un bene pubblico. Adesso si scopre che la cordata vincitrice della gara, spaventata dai costi, ha ringraziato e si \u00e8 fatta da parte; cos\u00ec Avt \u2013 se abbiamo capito bene \u2013 ha cominciato una trattativa privata con singole aziende, come se invece di un\u2019azienda pubblica che vale milioni di euro dovesse piazzare una Punto usata. Pensavano, qui a bottega, di essere stati gli unici a stupirsi e gi\u00e0 temevamo di aver preso un abbaglio. Poi \u00e8 intervenuto Dario Balotta, segretario regionale della Cisl, che ha sollevato la questione esattamente in questi termini. Nessun altro ha qualcosa da dire?<\/p>\n<p>CONSIGLI PER GLI ACQUISTI \u2013 Un ipotetico giornalista del 3000, che indagasse sulle stranezze di Varese e della societ\u00e0 che la accompagnava mille anni prima potrebbe arrovellarsi attorno a questo quesito: come era possibile che nel 2005 i giornali riportassero notizie sull\u2019impoverimento delle famiglie, sulla crisi dei consumi e contemporaneamente in citt\u00e0 venisse annunciata l\u2019apertura di un negozio dove in vetrina compare un reggiseno del costo di 175 euro? Perdonate l\u2019impertinenza: ma che diavolo di attributi deve avere, una donna, per infilarli dentro un coso che costa quanto mezza pensione sociale dell\u2019Inps?<\/p>\n<p>E PER FINIRE, GRAZIE \u2013 Niente, paura, non siamo degli ingrati, non ci siamo dimenticati di quanti, in questi giorni ci hanno fatto pervenire la loro solidariet\u00e0 per la ben nota polemica che ha contrapposto il qui presente con il sindaco Fumagalli. Approfitto del piccolo privilegio che mi concede il direttore Giovannelli per ringraziare tutti quanti hanno scritto prendendo le difese di Varesenews: i messaggi hanno fatto sentire il nostro lavoro un po\u2019 meno inutile e un po\u2019 meno solitario. Grazie anche a quanti hanno solidarizzato privatamente, via telefono o di persona. Non avete idea di quanti leghisti ci siano tra loro! Post scriptum: tranquilli, a questo punto \u00e8 ben difficile che il sindaco salga sull\u2019aereo per la Cina. Ma a Palazzo Estense la storiella la sapevano ormai anche i muri!<\/p>\n","protected":false},"excerpt":{"rendered":"<p>Gli epocali avvenimenti della settimana hanno scatenato l\u2019ingegno delle redazioni dei giornali. Cos\u00ec, in questi giorni, era uno spasso correre<\/p>\n","protected":false},"author":10,"featured_media":0,"comment_status":"open","ping_status":"open","sticky":false,"template":"","format":"standard","meta":{"footnotes":""},"categories":[44667],"tags":[],"acf":[],"yoast_head":"<!-- This site is optimized with the Yoast SEO plugin v20.1 - https:\/\/yoast.com\/wordpress\/plugins\/seo\/ -->\n<title>Il giorno del ringraziamento<\/title>\n<meta name=\"description\" content=\"Gli epocali avvenimenti della settimana hanno scatenato l\u2019ingegno delle redazioni dei giornali. Cos\u00ec, in questi giorni, era uno spasso correre di buon\" \/>\n<meta name=\"robots\" content=\"noindex, follow, max-snippet:-1, max-image-preview:large, max-video-preview:-1\" \/>\n<meta property=\"og:locale\" content=\"it_IT\" \/>\n<meta property=\"og:type\" content=\"article\" \/>\n<meta property=\"og:title\" content=\"Il giorno del ringraziamento\" \/>\n<meta property=\"og:description\" content=\"Gli epocali avvenimenti della settimana hanno scatenato l\u2019ingegno delle redazioni dei giornali. Cos\u00ec, in questi giorni, era uno spasso correre di buon\" \/>\n<meta property=\"og:url\" content=\"https:\/\/staging.varesenews.it\/2005\/04\/il-giorno-del-ringraziamento\/277319\/\" \/>\n<meta property=\"og:site_name\" content=\"VareseNews\" \/>\n<meta property=\"article:publisher\" content=\"https:\/\/www.facebook.com\/varesenews\" \/>\n<meta property=\"article:published_time\" content=\"2005-04-23T00:00:00+00:00\" \/>\n<meta name=\"author\" content=\"Redazione VareseNews\" \/>\n<meta name=\"twitter:card\" content=\"summary_large_image\" \/>\n<meta name=\"twitter:creator\" content=\"@varesenews\" \/>\n<meta name=\"twitter:site\" content=\"@varesenews\" \/>\n<meta name=\"twitter:label1\" content=\"Scritto da\" \/>\n\t<meta name=\"twitter:data1\" content=\"Redazione VareseNews\" \/>\n\t<meta name=\"twitter:label2\" content=\"Tempo di lettura stimato\" \/>\n\t<meta name=\"twitter:data2\" content=\"3 minuti\" \/>\n<script type=\"application\/ld+json\" class=\"yoast-schema-graph\">{\"@context\":\"https:\/\/schema.org\",\"@graph\":[{\"@type\":\"WebPage\",\"@id\":\"https:\/\/staging.varesenews.it\/2005\/04\/il-giorno-del-ringraziamento\/277319\/\",\"url\":\"https:\/\/staging.varesenews.it\/2005\/04\/il-giorno-del-ringraziamento\/277319\/\",\"name\":\"Il giorno del ringraziamento\",\"isPartOf\":{\"@id\":\"https:\/\/staging.varesenews.it\/#website\"},\"datePublished\":\"2005-04-23T00:00:00+00:00\",\"dateModified\":\"2005-04-23T00:00:00+00:00\",\"author\":{\"@id\":\"https:\/\/staging.varesenews.it\/#\/schema\/person\/fb20c4da0b7b16c291707a20db73e169\"},\"description\":\"Gli epocali avvenimenti della settimana hanno scatenato l\u2019ingegno delle redazioni dei giornali. Cos\u00ec, in questi giorni, era uno spasso correre di buon\",\"breadcrumb\":{\"@id\":\"https:\/\/staging.varesenews.it\/2005\/04\/il-giorno-del-ringraziamento\/277319\/#breadcrumb\"},\"inLanguage\":\"it-IT\",\"potentialAction\":[{\"@type\":\"ReadAction\",\"target\":[\"https:\/\/staging.varesenews.it\/2005\/04\/il-giorno-del-ringraziamento\/277319\/\"]}]},{\"@type\":\"BreadcrumbList\",\"@id\":\"https:\/\/staging.varesenews.it\/2005\/04\/il-giorno-del-ringraziamento\/277319\/#breadcrumb\",\"itemListElement\":[{\"@type\":\"ListItem\",\"position\":1,\"name\":\"Home\",\"item\":\"https:\/\/www.varesenews.it\/\"},{\"@type\":\"ListItem\",\"position\":2,\"name\":\"Il giorno del ringraziamento\"}]},{\"@type\":\"WebSite\",\"@id\":\"https:\/\/staging.varesenews.it\/#website\",\"url\":\"https:\/\/staging.varesenews.it\/\",\"name\":\"VareseNews\",\"description\":\"\",\"potentialAction\":[{\"@type\":\"SearchAction\",\"target\":{\"@type\":\"EntryPoint\",\"urlTemplate\":\"https:\/\/staging.varesenews.it\/?s={search_term_string}\"},\"query-input\":\"required name=search_term_string\"}],\"inLanguage\":\"it-IT\"},{\"@type\":\"Person\",\"@id\":\"https:\/\/staging.varesenews.it\/#\/schema\/person\/fb20c4da0b7b16c291707a20db73e169\",\"name\":\"Redazione VareseNews\",\"image\":{\"@type\":\"ImageObject\",\"inLanguage\":\"it-IT\",\"@id\":\"https:\/\/staging.varesenews.it\/#\/schema\/person\/image\/\",\"url\":\"https:\/\/staging.varesenews.it\/wp-content\/uploads\/2020\/12\/logo_VN_colori_500.png\",\"contentUrl\":\"https:\/\/staging.varesenews.it\/wp-content\/uploads\/2020\/12\/logo_VN_colori_500.png\",\"caption\":\"Redazione VareseNews\"},\"url\":\"https:\/\/staging.varesenews.it\/persona\/redazione1\/\"}]}<\/script>\n<!-- \/ Yoast SEO plugin. -->","yoast_head_json":{"title":"Il giorno del ringraziamento","description":"Gli epocali avvenimenti della settimana hanno scatenato l\u2019ingegno delle redazioni dei giornali. Cos\u00ec, in questi giorni, era uno spasso correre di buon","robots":{"index":"noindex","follow":"follow","max-snippet":"max-snippet:-1","max-image-preview":"max-image-preview:large","max-video-preview":"max-video-preview:-1"},"og_locale":"it_IT","og_type":"article","og_title":"Il giorno del ringraziamento","og_description":"Gli epocali avvenimenti della settimana hanno scatenato l\u2019ingegno delle redazioni dei giornali. Cos\u00ec, in questi giorni, era uno spasso correre di buon","og_url":"https:\/\/staging.varesenews.it\/2005\/04\/il-giorno-del-ringraziamento\/277319\/","og_site_name":"VareseNews","article_publisher":"https:\/\/www.facebook.com\/varesenews","article_published_time":"2005-04-23T00:00:00+00:00","author":"Redazione VareseNews","twitter_card":"summary_large_image","twitter_creator":"@varesenews","twitter_site":"@varesenews","twitter_misc":{"Scritto da":"Redazione VareseNews","Tempo di lettura stimato":"3 minuti"},"schema":{"@context":"https:\/\/schema.org","@graph":[{"@type":"WebPage","@id":"https:\/\/staging.varesenews.it\/2005\/04\/il-giorno-del-ringraziamento\/277319\/","url":"https:\/\/staging.varesenews.it\/2005\/04\/il-giorno-del-ringraziamento\/277319\/","name":"Il giorno del ringraziamento","isPartOf":{"@id":"https:\/\/staging.varesenews.it\/#website"},"datePublished":"2005-04-23T00:00:00+00:00","dateModified":"2005-04-23T00:00:00+00:00","author":{"@id":"https:\/\/staging.varesenews.it\/#\/schema\/person\/fb20c4da0b7b16c291707a20db73e169"},"description":"Gli epocali avvenimenti della settimana hanno scatenato l\u2019ingegno delle redazioni dei giornali. Cos\u00ec, in questi giorni, era uno spasso correre di buon","breadcrumb":{"@id":"https:\/\/staging.varesenews.it\/2005\/04\/il-giorno-del-ringraziamento\/277319\/#breadcrumb"},"inLanguage":"it-IT","potentialAction":[{"@type":"ReadAction","target":["https:\/\/staging.varesenews.it\/2005\/04\/il-giorno-del-ringraziamento\/277319\/"]}]},{"@type":"BreadcrumbList","@id":"https:\/\/staging.varesenews.it\/2005\/04\/il-giorno-del-ringraziamento\/277319\/#breadcrumb","itemListElement":[{"@type":"ListItem","position":1,"name":"Home","item":"https:\/\/www.varesenews.it\/"},{"@type":"ListItem","position":2,"name":"Il giorno del ringraziamento"}]},{"@type":"WebSite","@id":"https:\/\/staging.varesenews.it\/#website","url":"https:\/\/staging.varesenews.it\/","name":"VareseNews","description":"","potentialAction":[{"@type":"SearchAction","target":{"@type":"EntryPoint","urlTemplate":"https:\/\/staging.varesenews.it\/?s={search_term_string}"},"query-input":"required name=search_term_string"}],"inLanguage":"it-IT"},{"@type":"Person","@id":"https:\/\/staging.varesenews.it\/#\/schema\/person\/fb20c4da0b7b16c291707a20db73e169","name":"Redazione VareseNews","image":{"@type":"ImageObject","inLanguage":"it-IT","@id":"https:\/\/staging.varesenews.it\/#\/schema\/person\/image\/","url":"https:\/\/staging.varesenews.it\/wp-content\/uploads\/2020\/12\/logo_VN_colori_500.png","contentUrl":"https:\/\/staging.varesenews.it\/wp-content\/uploads\/2020\/12\/logo_VN_colori_500.png","caption":"Redazione VareseNews"},"url":"https:\/\/staging.varesenews.it\/persona\/redazione1\/"}]}},"post_meta":{"id_old":"20897","autore_old":"Claudio Del Frate"},"photos":[],"_links":{"self":[{"href":"https:\/\/staging.varesenews.it\/swgapi\/v1\/wp\/v2\/posts\/277319"}],"collection":[{"href":"https:\/\/staging.varesenews.it\/swgapi\/v1\/wp\/v2\/posts"}],"about":[{"href":"https:\/\/staging.varesenews.it\/swgapi\/v1\/wp\/v2\/types\/post"}],"author":[{"embeddable":true,"href":"https:\/\/staging.varesenews.it\/swgapi\/v1\/wp\/v2\/users\/10"}],"replies":[{"embeddable":true,"href":"https:\/\/staging.varesenews.it\/swgapi\/v1\/wp\/v2\/comments?post=277319"}],"version-history":[{"count":0,"href":"https:\/\/staging.varesenews.it\/swgapi\/v1\/wp\/v2\/posts\/277319\/revisions"}],"wp:attachment":[{"href":"https:\/\/staging.varesenews.it\/swgapi\/v1\/wp\/v2\/media?parent=277319"}],"wp:term":[{"taxonomy":"category","embeddable":true,"href":"https:\/\/staging.varesenews.it\/swgapi\/v1\/wp\/v2\/categories?post=277319"},{"taxonomy":"post_tag","embeddable":true,"href":"https:\/\/staging.varesenews.it\/swgapi\/v1\/wp\/v2\/tags?post=277319"}],"curies":[{"name":"wp","href":"https:\/\/api.w.org\/{rel}","templated":true}]}}