{"id":277478,"date":"2005-04-19T00:00:00","date_gmt":"2005-04-19T00:00:00","guid":{"rendered":""},"modified":"2005-04-19T00:00:00","modified_gmt":"2005-04-19T00:00:00","slug":"visite-gratuite-per-combattere-la-sordita","status":"publish","type":"post","link":"https:\/\/staging.varesenews.it\/2005\/04\/visite-gratuite-per-combattere-la-sordita\/277478\/","title":{"rendered":"Visite gratuite per combattere la sordit\u00e0"},"content":{"rendered":"<p><font face=\"arial,helvetica,sans-serif\"><img decoding=\"async\" hspace=\"3\" src=\"https:\/\/www3.varesenews.it\/immagini_articoli\/200409\/esameburdo.jpg\" align=\"left\" vspace=\"3\" border=\"0\" \/>La sordit\u00e0 costituisce un problema medico e sociale in parte ancora irrisolto e in costante aumento. Per sensibilizzare l&#8217;opinione pubblica e migliorare la consapevolezza del disturbo \u00e8 stata organizzata la <strong>Giornata per la Prevenzione e la Lotta alla Sordit\u00e0<\/strong>. <\/font><\/p>\n<p><font face=\"arial,helvetica,sans-serif\">Il <strong>reparto di Audiologia dell&#8217;ospedale di Circolo di Varese<\/strong>, diretto dal <strong>dottor Sandro Burdo<\/strong>, ha aderito, insieme ad altri 150 ospedali distribuiti su tutto il territorio nazionale, alla giornata organizzata dall\u2019<strong>A.I.R.S., Associazione Italiana per la Ricerca sulla Sordit\u00e0- Onlus<\/strong>, con l\u2019obiettivo di aumentare il livello di conoscenza delle opportunit\u00e0 di prevenzione.<br \/><\/font><font face=\"arial,helvetica,sans-serif\"><br \/>Sono oltre <strong>sette milioni gli italiani<\/strong> che soffrono di disturbi uditivi, pi\u00f9 di mezzo milione le persone adulte con sordit\u00e0 grave invalidante e conseguente handicap di rilevanza sociale.<strong> Un<\/strong> <strong>bambino su mille<\/strong> nasce con gravi problemi di udito e un numero maggiore soffre di sordit\u00e0 \u00a0temporanea indotta da fatti catarrali.<\/font><\/p>\n<p><font face=\"arial,helvetica,sans-serif\">Nell&#8217;ambulatorio di audiologia si effettueranno visite\u00a0audiometriche: \u00abOltre agli esami di base &#8211; spiega il dottor Burdo &#8211; personale della Fondazione sar\u00e0 a disposizione anche per controlli pi\u00f9 approfonditi\u00bb.<\/font><\/p>\n<p><font face=\"arial,helvetica,sans-serif\">Le <strong>visite gratuite<\/strong>\u00a0si effettueranno nella giornata del <strong>20 aprile<\/strong> su appuntamento al numero <strong>0332 278203<\/strong>.<\/p>\n<p>La \u201cGiornata\u201d si svolge sotto l\u2019Alto Patronato del Presidente della Repubblica e con il Patrocinio della Societ\u00e0 Italiana di Audiologia e Foniatria, della Presidenza del Consiglio dei Ministri, del Ministero della Salute, del Ministero dell\u2019Istruzione, dell\u2019Universit\u00e0 e della Ricerca, del Ministero dell\u2019Ambiente e Tutela del Territorio, del Ministero delle Comunicazioni, del Segretariato Sociale RAI, della Regione Lombardia, dell\u2019E.N.S.Onlus &#8211; Ente Nazionale Sordomuti e sotto gli auspici della Societ\u00e0 Italiana di Otorinolaringologia.<\/p>\n<p>Per informazioni sulla \u201cGiornata Nazionale per la Prevenzione e la Lotta alla Sordita\u201de sugli ospedali che aderiscono all\u2019iniziativa contattare il n. 0644361978 o visitare il sito <\/font><a href=\"http:\/\/www.farmacia.it\/news\/\u201dhttp:\/\/www.associazioneairs.it\u201dtarget=\"><font face=\"arial,helvetica,sans-serif\">www.associazioneairs.it<\/font><\/a><font face=\"arial,helvetica,sans-serif\"> .<\/p>\n<p>L\u2019A.I.R.S-Onlus \u00e9 nata nel 1995 per promuovere le conoscenze mediche e scientifiche e i programmi di prevenzione nonch\u00e9 per finanziare la ricerca sulla sordit\u00e0 e sui pi\u00f9 gravi disturbi uditivi. Aderiscono all\u2019Associazione e ne fanno parte integrante 35 fra le maggiori strutture cliniche e di ricerca universitarie e ospedaliere su tutto il territorio nazionale.<br \/><\/font><\/p>\n","protected":false},"excerpt":{"rendered":"<p>Si celebra mercoled\u00ec 20 aprile la Giornata per la prevenzione e la lotta alla sordit\u00e0. L&#8217;ospedale di Circolo aderisce all&#8217;iniziativa<\/p>\n","protected":false},"author":10,"featured_media":0,"comment_status":"open","ping_status":"open","sticky":false,"template":"","format":"standard","meta":{"footnotes":""},"categories":[24],"tags":[],"acf":[],"yoast_head":"<!-- This site is optimized with the Yoast SEO plugin v20.1 - https:\/\/yoast.com\/wordpress\/plugins\/seo\/ -->\n<title>Visite gratuite per combattere la sordit\u00e0<\/title>\n<meta name=\"description\" content=\"Si celebra mercoled\u00ec 20 aprile la Giornata per la prevenzione e la lotta alla sordit\u00e0. L&#039;ospedale di Circolo aderisce all&#039;iniziativa\" \/>\n<meta name=\"robots\" content=\"noindex, follow, max-snippet:-1, max-image-preview:large, max-video-preview:-1\" \/>\n<meta property=\"og:locale\" content=\"it_IT\" \/>\n<meta property=\"og:type\" content=\"article\" \/>\n<meta property=\"og:title\" content=\"Visite gratuite per combattere la sordit\u00e0\" \/>\n<meta property=\"og:description\" content=\"Si celebra mercoled\u00ec 20 aprile la Giornata per la prevenzione e la lotta alla sordit\u00e0. L&#039;ospedale di Circolo aderisce all&#039;iniziativa\" \/>\n<meta property=\"og:url\" content=\"https:\/\/staging.varesenews.it\/2005\/04\/visite-gratuite-per-combattere-la-sordita\/277478\/\" \/>\n<meta property=\"og:site_name\" content=\"VareseNews\" \/>\n<meta property=\"article:publisher\" content=\"https:\/\/www.facebook.com\/varesenews\" \/>\n<meta property=\"article:published_time\" content=\"2005-04-19T00:00:00+00:00\" \/>\n<meta property=\"og:image\" content=\"https:\/\/www3.varesenews.it\/immagini_articoli\/200409\/esameburdo.jpg\" \/>\n<meta name=\"author\" content=\"Redazione VareseNews\" \/>\n<meta name=\"twitter:card\" content=\"summary_large_image\" \/>\n<meta name=\"twitter:creator\" content=\"@varesenews\" \/>\n<meta name=\"twitter:site\" content=\"@varesenews\" \/>\n<meta name=\"twitter:label1\" content=\"Scritto da\" \/>\n\t<meta name=\"twitter:data1\" content=\"Redazione VareseNews\" \/>\n\t<meta name=\"twitter:label2\" content=\"Tempo di lettura stimato\" \/>\n\t<meta name=\"twitter:data2\" content=\"2 minuti\" \/>\n<script type=\"application\/ld+json\" class=\"yoast-schema-graph\">{\"@context\":\"https:\/\/schema.org\",\"@graph\":[{\"@type\":\"WebPage\",\"@id\":\"https:\/\/staging.varesenews.it\/2005\/04\/visite-gratuite-per-combattere-la-sordita\/277478\/\",\"url\":\"https:\/\/staging.varesenews.it\/2005\/04\/visite-gratuite-per-combattere-la-sordita\/277478\/\",\"name\":\"Visite gratuite per combattere la sordit\u00e0\",\"isPartOf\":{\"@id\":\"https:\/\/staging.varesenews.it\/#website\"},\"datePublished\":\"2005-04-19T00:00:00+00:00\",\"dateModified\":\"2005-04-19T00:00:00+00:00\",\"author\":{\"@id\":\"https:\/\/staging.varesenews.it\/#\/schema\/person\/fb20c4da0b7b16c291707a20db73e169\"},\"description\":\"Si celebra mercoled\u00ec 20 aprile la Giornata per la prevenzione e la lotta alla sordit\u00e0. L'ospedale di Circolo aderisce all'iniziativa\",\"breadcrumb\":{\"@id\":\"https:\/\/staging.varesenews.it\/2005\/04\/visite-gratuite-per-combattere-la-sordita\/277478\/#breadcrumb\"},\"inLanguage\":\"it-IT\",\"potentialAction\":[{\"@type\":\"ReadAction\",\"target\":[\"https:\/\/staging.varesenews.it\/2005\/04\/visite-gratuite-per-combattere-la-sordita\/277478\/\"]}]},{\"@type\":\"BreadcrumbList\",\"@id\":\"https:\/\/staging.varesenews.it\/2005\/04\/visite-gratuite-per-combattere-la-sordita\/277478\/#breadcrumb\",\"itemListElement\":[{\"@type\":\"ListItem\",\"position\":1,\"name\":\"Home\",\"item\":\"https:\/\/www.varesenews.it\/\"},{\"@type\":\"ListItem\",\"position\":2,\"name\":\"Visite gratuite per combattere la sordit\u00e0\"}]},{\"@type\":\"WebSite\",\"@id\":\"https:\/\/staging.varesenews.it\/#website\",\"url\":\"https:\/\/staging.varesenews.it\/\",\"name\":\"VareseNews\",\"description\":\"\",\"potentialAction\":[{\"@type\":\"SearchAction\",\"target\":{\"@type\":\"EntryPoint\",\"urlTemplate\":\"https:\/\/staging.varesenews.it\/?s={search_term_string}\"},\"query-input\":\"required name=search_term_string\"}],\"inLanguage\":\"it-IT\"},{\"@type\":\"Person\",\"@id\":\"https:\/\/staging.varesenews.it\/#\/schema\/person\/fb20c4da0b7b16c291707a20db73e169\",\"name\":\"Redazione VareseNews\",\"image\":{\"@type\":\"ImageObject\",\"inLanguage\":\"it-IT\",\"@id\":\"https:\/\/staging.varesenews.it\/#\/schema\/person\/image\/\",\"url\":\"https:\/\/staging.varesenews.it\/wp-content\/uploads\/2020\/12\/logo_VN_colori_500.png\",\"contentUrl\":\"https:\/\/staging.varesenews.it\/wp-content\/uploads\/2020\/12\/logo_VN_colori_500.png\",\"caption\":\"Redazione VareseNews\"},\"url\":\"https:\/\/staging.varesenews.it\/persona\/redazione1\/\"}]}<\/script>\n<!-- \/ Yoast SEO plugin. -->","yoast_head_json":{"title":"Visite gratuite per combattere la sordit\u00e0","description":"Si celebra mercoled\u00ec 20 aprile la Giornata per la prevenzione e la lotta alla sordit\u00e0. L'ospedale di Circolo aderisce all'iniziativa","robots":{"index":"noindex","follow":"follow","max-snippet":"max-snippet:-1","max-image-preview":"max-image-preview:large","max-video-preview":"max-video-preview:-1"},"og_locale":"it_IT","og_type":"article","og_title":"Visite gratuite per combattere la sordit\u00e0","og_description":"Si celebra mercoled\u00ec 20 aprile la Giornata per la prevenzione e la lotta alla sordit\u00e0. L'ospedale di Circolo aderisce all'iniziativa","og_url":"https:\/\/staging.varesenews.it\/2005\/04\/visite-gratuite-per-combattere-la-sordita\/277478\/","og_site_name":"VareseNews","article_publisher":"https:\/\/www.facebook.com\/varesenews","article_published_time":"2005-04-19T00:00:00+00:00","og_image":[{"url":"https:\/\/www3.varesenews.it\/immagini_articoli\/200409\/esameburdo.jpg"}],"author":"Redazione VareseNews","twitter_card":"summary_large_image","twitter_creator":"@varesenews","twitter_site":"@varesenews","twitter_misc":{"Scritto da":"Redazione VareseNews","Tempo di lettura stimato":"2 minuti"},"schema":{"@context":"https:\/\/schema.org","@graph":[{"@type":"WebPage","@id":"https:\/\/staging.varesenews.it\/2005\/04\/visite-gratuite-per-combattere-la-sordita\/277478\/","url":"https:\/\/staging.varesenews.it\/2005\/04\/visite-gratuite-per-combattere-la-sordita\/277478\/","name":"Visite gratuite per combattere la sordit\u00e0","isPartOf":{"@id":"https:\/\/staging.varesenews.it\/#website"},"datePublished":"2005-04-19T00:00:00+00:00","dateModified":"2005-04-19T00:00:00+00:00","author":{"@id":"https:\/\/staging.varesenews.it\/#\/schema\/person\/fb20c4da0b7b16c291707a20db73e169"},"description":"Si celebra mercoled\u00ec 20 aprile la Giornata per la prevenzione e la lotta alla sordit\u00e0. L'ospedale di Circolo aderisce all'iniziativa","breadcrumb":{"@id":"https:\/\/staging.varesenews.it\/2005\/04\/visite-gratuite-per-combattere-la-sordita\/277478\/#breadcrumb"},"inLanguage":"it-IT","potentialAction":[{"@type":"ReadAction","target":["https:\/\/staging.varesenews.it\/2005\/04\/visite-gratuite-per-combattere-la-sordita\/277478\/"]}]},{"@type":"BreadcrumbList","@id":"https:\/\/staging.varesenews.it\/2005\/04\/visite-gratuite-per-combattere-la-sordita\/277478\/#breadcrumb","itemListElement":[{"@type":"ListItem","position":1,"name":"Home","item":"https:\/\/www.varesenews.it\/"},{"@type":"ListItem","position":2,"name":"Visite gratuite per combattere la sordit\u00e0"}]},{"@type":"WebSite","@id":"https:\/\/staging.varesenews.it\/#website","url":"https:\/\/staging.varesenews.it\/","name":"VareseNews","description":"","potentialAction":[{"@type":"SearchAction","target":{"@type":"EntryPoint","urlTemplate":"https:\/\/staging.varesenews.it\/?s={search_term_string}"},"query-input":"required name=search_term_string"}],"inLanguage":"it-IT"},{"@type":"Person","@id":"https:\/\/staging.varesenews.it\/#\/schema\/person\/fb20c4da0b7b16c291707a20db73e169","name":"Redazione VareseNews","image":{"@type":"ImageObject","inLanguage":"it-IT","@id":"https:\/\/staging.varesenews.it\/#\/schema\/person\/image\/","url":"https:\/\/staging.varesenews.it\/wp-content\/uploads\/2020\/12\/logo_VN_colori_500.png","contentUrl":"https:\/\/staging.varesenews.it\/wp-content\/uploads\/2020\/12\/logo_VN_colori_500.png","caption":"Redazione VareseNews"},"url":"https:\/\/staging.varesenews.it\/persona\/redazione1\/"}]}},"post_meta":{"id_old":"20687","argomento":"Varese"},"photos":[],"_links":{"self":[{"href":"https:\/\/staging.varesenews.it\/swgapi\/v1\/wp\/v2\/posts\/277478"}],"collection":[{"href":"https:\/\/staging.varesenews.it\/swgapi\/v1\/wp\/v2\/posts"}],"about":[{"href":"https:\/\/staging.varesenews.it\/swgapi\/v1\/wp\/v2\/types\/post"}],"author":[{"embeddable":true,"href":"https:\/\/staging.varesenews.it\/swgapi\/v1\/wp\/v2\/users\/10"}],"replies":[{"embeddable":true,"href":"https:\/\/staging.varesenews.it\/swgapi\/v1\/wp\/v2\/comments?post=277478"}],"version-history":[{"count":0,"href":"https:\/\/staging.varesenews.it\/swgapi\/v1\/wp\/v2\/posts\/277478\/revisions"}],"wp:attachment":[{"href":"https:\/\/staging.varesenews.it\/swgapi\/v1\/wp\/v2\/media?parent=277478"}],"wp:term":[{"taxonomy":"category","embeddable":true,"href":"https:\/\/staging.varesenews.it\/swgapi\/v1\/wp\/v2\/categories?post=277478"},{"taxonomy":"post_tag","embeddable":true,"href":"https:\/\/staging.varesenews.it\/swgapi\/v1\/wp\/v2\/tags?post=277478"}],"curies":[{"name":"wp","href":"https:\/\/api.w.org\/{rel}","templated":true}]}}