{"id":277542,"date":"2005-04-16T00:00:00","date_gmt":"2005-04-16T00:00:00","guid":{"rendered":""},"modified":"2005-04-16T00:00:00","modified_gmt":"2005-04-16T00:00:00","slug":"varese-per-l-oncologia-compie-un-anno","status":"publish","type":"post","link":"https:\/\/staging.varesenews.it\/2005\/04\/varese-per-l-oncologia-compie-un-anno\/277542\/","title":{"rendered":"Varese per l\u2019oncologia compie un anno"},"content":{"rendered":"<p class=\"MsoNormal\" style=\"MARGIN: 0cm 0cm 0pt\"><span style=\"FONT-FAMILY: Arial\"><img decoding=\"async\" hspace=\"3\" src=\"https:\/\/www3.varesenews.it\/immagini_articoli\/200504\/vareseoncologia.jpg\" align=\"left\" vspace=\"3\" border=\"0\" \/>\u00abLe notizie sono tre. Primo, i nostri 600 iscritti in un anno. Poi un modernissimo macchinario in grado di permettere il trapianto di cellule staminali. Terzo, una convenzione che abbiamo firmato con una cooperativa di infermieri professionali per garantire, a seconda delle esigenze, l\u2019assistenza a chi subisce un trapianto\u00bb. Non fa giri di parole \u2013 anche se ne \u00e8 capace, vista la sua professione \u2013 Gianni Spart\u00e0, penna di punta del giornalismo varesino, che nella mattina di sabato ha indossato le vesti di Presidente dell\u2019associazione \u201cVarese per l\u2019oncologia\u201d.<\/p>\n<p>Un appuntamento \u2013 l\u2019assemblea ordinaria \u2013 anche per tirare le somme da un anno a questa parte, quando l\u2019associazione venne fondata e che di mese in mese ha toccato risultati del tutto soddisfacenti per gli obiettivi che si pone: lo studio e la cura dei tumori.<br \/>In tutto i soci che hanno sostenuto questo fine sono stati oltre 600, \u00abe questo \u2013 ha commentato Sopart\u00e0 nella sala congressi di Villa Recalcati, piena per l\u2019occasione \u2013 \u00e8 gi\u00e0 un risultato importante\u00bb.<br \/>Ma certamente sono altre le tappe che nella pratica, renderanno possibile un passo avanti nella lotta contro i tumori. Sfruttando una donazione dell\u2019Ail, l\u2019Associazione per la lotta alle leucemie, sono state acquistate strumentazioni all\u2019avanguardia tali da permettere, al reparto di ematologia dell\u2019ospedale di Circolo di Varese, i <a href=\"\/sanita\/articolo.php?id=20429\">trapianti di cellule staminali<\/a>. \u00abCi\u00f2 che a Varese era impossibile un anno fa ora \u00e8 possibile. Ne siamo fieri, \u00e8 ovvio, ma sappiamo che \u00e8 il primo passo, dovuto da tempo in un ospedale di grandi tradizioni come il nostro \u2013 ha commentato Spart\u00e0\u00bb.<\/p>\n<p>Un punto a favore dell\u2019assistenza ai malati, specialmente in un periodo in cui l\u2019organico di infermieri piange, \u00e8 una convenzione accesa tra l\u2019associazione e una agenzia di infermieri professionali, la \u201cCalzoni e Associati\u201d che permetter\u00e0 l\u2019impiego di personale qualificato a seconda delle esigenze di reparto per la cura del malato oncologico nella struttura pubblica. Un risultato che non solo si \u00e8 reso possibile grazie all\u2019autorizzazione da parete della direzione dell\u2019Azienda ospedaliera, ma che \u00e8 stata colta dallo stesso Rotasperti (direttore dell\u2019Azienda ospedaliera di Circolo) in modo del tutto \u00abpositivo\u00bb. Ma c\u2019\u00e8 di pi\u00f9. Il direttore non esclude che la stessa formula battezzata da Varese per l\u2019Onocologia venga \u00abapplicata anche in altri reparti\u00bb.<\/p>\n<p>Il numero di infermieri professionali emessi a disposizione non \u00e8 fisso. Si tratta di un vero e proprio impiego a \u201cgettone\u201d ossia secondo le esigenze di reparto, rispettando criteri di flessibilit\u00e0.<\/span><\/p>\n<p \/><span style=\"FONT-SIZE: 12pt; FONT-FAMILY: Arial; mso-fareast-font-family: \">\u00abAbbiamo bisogno di volontari \u2013 ha concluso Gianni Spart\u00e0 \u2013 e se qualcuno ci vuole aiutare lo faccia andando oltre il rinnovo della tessera: di lavoro ce n\u2019\u00e8 per tutti e posso assicurarvi che l\u2019esperienza ha un ritorno in termini di gratificazione personale e di impatto sociale\u00bb. <\/span><\/p>\n","protected":false},"excerpt":{"rendered":"<p>Seicento iscritti in 12 mesi di attivit\u00e0. Risultato: nuovi macchinari e infermieri per l\u2019assistenza dei malati. Rotasperti: \u00abSoddisfatto, un modello da imitare\u00bb<\/p>\n","protected":false},"author":10,"featured_media":0,"comment_status":"open","ping_status":"open","sticky":false,"template":"","format":"standard","meta":{"footnotes":""},"categories":[2],"tags":[],"acf":[],"yoast_head":"<!-- This site is optimized with the Yoast SEO plugin v20.1 - https:\/\/yoast.com\/wordpress\/plugins\/seo\/ -->\n<title>Varese per l\u2019oncologia compie un anno<\/title>\n<meta name=\"description\" content=\"Seicento iscritti in 12 mesi di attivit\u00e0. Risultato: nuovi macchinari e infermieri per l\u2019assistenza dei malati. Rotasperti: \u00abSoddisfatto, un modello da imitare\u00bb\" \/>\n<meta name=\"robots\" content=\"noindex, follow, max-snippet:-1, max-image-preview:large, max-video-preview:-1\" \/>\n<meta property=\"og:locale\" content=\"it_IT\" \/>\n<meta property=\"og:type\" content=\"article\" \/>\n<meta property=\"og:title\" content=\"Varese per l\u2019oncologia compie un anno\" \/>\n<meta property=\"og:description\" content=\"Seicento iscritti in 12 mesi di attivit\u00e0. Risultato: nuovi macchinari e infermieri per l\u2019assistenza dei malati. Rotasperti: \u00abSoddisfatto, un modello da imitare\u00bb\" \/>\n<meta property=\"og:url\" content=\"https:\/\/staging.varesenews.it\/2005\/04\/varese-per-l-oncologia-compie-un-anno\/277542\/\" \/>\n<meta property=\"og:site_name\" content=\"VareseNews\" \/>\n<meta property=\"article:publisher\" content=\"https:\/\/www.facebook.com\/varesenews\" \/>\n<meta property=\"article:published_time\" content=\"2005-04-16T00:00:00+00:00\" \/>\n<meta property=\"og:image\" content=\"https:\/\/www3.varesenews.it\/immagini_articoli\/200504\/vareseoncologia.jpg\" \/>\n<meta name=\"author\" content=\"Redazione VareseNews\" \/>\n<meta name=\"twitter:card\" content=\"summary_large_image\" \/>\n<meta name=\"twitter:creator\" content=\"@varesenews\" \/>\n<meta name=\"twitter:site\" content=\"@varesenews\" \/>\n<meta name=\"twitter:label1\" content=\"Scritto da\" \/>\n\t<meta name=\"twitter:data1\" content=\"Redazione VareseNews\" \/>\n\t<meta name=\"twitter:label2\" content=\"Tempo di lettura stimato\" \/>\n\t<meta name=\"twitter:data2\" content=\"2 minuti\" \/>\n<script type=\"application\/ld+json\" class=\"yoast-schema-graph\">{\"@context\":\"https:\/\/schema.org\",\"@graph\":[{\"@type\":\"WebPage\",\"@id\":\"https:\/\/staging.varesenews.it\/2005\/04\/varese-per-l-oncologia-compie-un-anno\/277542\/\",\"url\":\"https:\/\/staging.varesenews.it\/2005\/04\/varese-per-l-oncologia-compie-un-anno\/277542\/\",\"name\":\"Varese per l\u2019oncologia compie un anno\",\"isPartOf\":{\"@id\":\"https:\/\/staging.varesenews.it\/#website\"},\"datePublished\":\"2005-04-16T00:00:00+00:00\",\"dateModified\":\"2005-04-16T00:00:00+00:00\",\"author\":{\"@id\":\"https:\/\/staging.varesenews.it\/#\/schema\/person\/fb20c4da0b7b16c291707a20db73e169\"},\"description\":\"Seicento iscritti in 12 mesi di attivit\u00e0. Risultato: nuovi macchinari e infermieri per l\u2019assistenza dei malati. Rotasperti: \u00abSoddisfatto, un modello da imitare\u00bb\",\"breadcrumb\":{\"@id\":\"https:\/\/staging.varesenews.it\/2005\/04\/varese-per-l-oncologia-compie-un-anno\/277542\/#breadcrumb\"},\"inLanguage\":\"it-IT\",\"potentialAction\":[{\"@type\":\"ReadAction\",\"target\":[\"https:\/\/staging.varesenews.it\/2005\/04\/varese-per-l-oncologia-compie-un-anno\/277542\/\"]}]},{\"@type\":\"BreadcrumbList\",\"@id\":\"https:\/\/staging.varesenews.it\/2005\/04\/varese-per-l-oncologia-compie-un-anno\/277542\/#breadcrumb\",\"itemListElement\":[{\"@type\":\"ListItem\",\"position\":1,\"name\":\"Home\",\"item\":\"https:\/\/www.varesenews.it\/\"},{\"@type\":\"ListItem\",\"position\":2,\"name\":\"Varese per l\u2019oncologia compie un anno\"}]},{\"@type\":\"WebSite\",\"@id\":\"https:\/\/staging.varesenews.it\/#website\",\"url\":\"https:\/\/staging.varesenews.it\/\",\"name\":\"VareseNews\",\"description\":\"\",\"potentialAction\":[{\"@type\":\"SearchAction\",\"target\":{\"@type\":\"EntryPoint\",\"urlTemplate\":\"https:\/\/staging.varesenews.it\/?s={search_term_string}\"},\"query-input\":\"required name=search_term_string\"}],\"inLanguage\":\"it-IT\"},{\"@type\":\"Person\",\"@id\":\"https:\/\/staging.varesenews.it\/#\/schema\/person\/fb20c4da0b7b16c291707a20db73e169\",\"name\":\"Redazione VareseNews\",\"image\":{\"@type\":\"ImageObject\",\"inLanguage\":\"it-IT\",\"@id\":\"https:\/\/staging.varesenews.it\/#\/schema\/person\/image\/\",\"url\":\"https:\/\/staging.varesenews.it\/wp-content\/uploads\/2020\/12\/logo_VN_colori_500.png\",\"contentUrl\":\"https:\/\/staging.varesenews.it\/wp-content\/uploads\/2020\/12\/logo_VN_colori_500.png\",\"caption\":\"Redazione VareseNews\"},\"url\":\"https:\/\/staging.varesenews.it\/persona\/redazione1\/\"}]}<\/script>\n<!-- \/ Yoast SEO plugin. -->","yoast_head_json":{"title":"Varese per l\u2019oncologia compie un anno","description":"Seicento iscritti in 12 mesi di attivit\u00e0. Risultato: nuovi macchinari e infermieri per l\u2019assistenza dei malati. Rotasperti: \u00abSoddisfatto, un modello da imitare\u00bb","robots":{"index":"noindex","follow":"follow","max-snippet":"max-snippet:-1","max-image-preview":"max-image-preview:large","max-video-preview":"max-video-preview:-1"},"og_locale":"it_IT","og_type":"article","og_title":"Varese per l\u2019oncologia compie un anno","og_description":"Seicento iscritti in 12 mesi di attivit\u00e0. Risultato: nuovi macchinari e infermieri per l\u2019assistenza dei malati. Rotasperti: \u00abSoddisfatto, un modello da imitare\u00bb","og_url":"https:\/\/staging.varesenews.it\/2005\/04\/varese-per-l-oncologia-compie-un-anno\/277542\/","og_site_name":"VareseNews","article_publisher":"https:\/\/www.facebook.com\/varesenews","article_published_time":"2005-04-16T00:00:00+00:00","og_image":[{"url":"https:\/\/www3.varesenews.it\/immagini_articoli\/200504\/vareseoncologia.jpg"}],"author":"Redazione VareseNews","twitter_card":"summary_large_image","twitter_creator":"@varesenews","twitter_site":"@varesenews","twitter_misc":{"Scritto da":"Redazione VareseNews","Tempo di lettura stimato":"2 minuti"},"schema":{"@context":"https:\/\/schema.org","@graph":[{"@type":"WebPage","@id":"https:\/\/staging.varesenews.it\/2005\/04\/varese-per-l-oncologia-compie-un-anno\/277542\/","url":"https:\/\/staging.varesenews.it\/2005\/04\/varese-per-l-oncologia-compie-un-anno\/277542\/","name":"Varese per l\u2019oncologia compie un anno","isPartOf":{"@id":"https:\/\/staging.varesenews.it\/#website"},"datePublished":"2005-04-16T00:00:00+00:00","dateModified":"2005-04-16T00:00:00+00:00","author":{"@id":"https:\/\/staging.varesenews.it\/#\/schema\/person\/fb20c4da0b7b16c291707a20db73e169"},"description":"Seicento iscritti in 12 mesi di attivit\u00e0. Risultato: nuovi macchinari e infermieri per l\u2019assistenza dei malati. Rotasperti: \u00abSoddisfatto, un modello da imitare\u00bb","breadcrumb":{"@id":"https:\/\/staging.varesenews.it\/2005\/04\/varese-per-l-oncologia-compie-un-anno\/277542\/#breadcrumb"},"inLanguage":"it-IT","potentialAction":[{"@type":"ReadAction","target":["https:\/\/staging.varesenews.it\/2005\/04\/varese-per-l-oncologia-compie-un-anno\/277542\/"]}]},{"@type":"BreadcrumbList","@id":"https:\/\/staging.varesenews.it\/2005\/04\/varese-per-l-oncologia-compie-un-anno\/277542\/#breadcrumb","itemListElement":[{"@type":"ListItem","position":1,"name":"Home","item":"https:\/\/www.varesenews.it\/"},{"@type":"ListItem","position":2,"name":"Varese per l\u2019oncologia compie un anno"}]},{"@type":"WebSite","@id":"https:\/\/staging.varesenews.it\/#website","url":"https:\/\/staging.varesenews.it\/","name":"VareseNews","description":"","potentialAction":[{"@type":"SearchAction","target":{"@type":"EntryPoint","urlTemplate":"https:\/\/staging.varesenews.it\/?s={search_term_string}"},"query-input":"required name=search_term_string"}],"inLanguage":"it-IT"},{"@type":"Person","@id":"https:\/\/staging.varesenews.it\/#\/schema\/person\/fb20c4da0b7b16c291707a20db73e169","name":"Redazione VareseNews","image":{"@type":"ImageObject","inLanguage":"it-IT","@id":"https:\/\/staging.varesenews.it\/#\/schema\/person\/image\/","url":"https:\/\/staging.varesenews.it\/wp-content\/uploads\/2020\/12\/logo_VN_colori_500.png","contentUrl":"https:\/\/staging.varesenews.it\/wp-content\/uploads\/2020\/12\/logo_VN_colori_500.png","caption":"Redazione VareseNews"},"url":"https:\/\/staging.varesenews.it\/persona\/redazione1\/"}]}},"post_meta":{"id_old":"20612","argomento":"Varese","autore_old":"Andrea Camurani"},"photos":[],"_links":{"self":[{"href":"https:\/\/staging.varesenews.it\/swgapi\/v1\/wp\/v2\/posts\/277542"}],"collection":[{"href":"https:\/\/staging.varesenews.it\/swgapi\/v1\/wp\/v2\/posts"}],"about":[{"href":"https:\/\/staging.varesenews.it\/swgapi\/v1\/wp\/v2\/types\/post"}],"author":[{"embeddable":true,"href":"https:\/\/staging.varesenews.it\/swgapi\/v1\/wp\/v2\/users\/10"}],"replies":[{"embeddable":true,"href":"https:\/\/staging.varesenews.it\/swgapi\/v1\/wp\/v2\/comments?post=277542"}],"version-history":[{"count":0,"href":"https:\/\/staging.varesenews.it\/swgapi\/v1\/wp\/v2\/posts\/277542\/revisions"}],"wp:attachment":[{"href":"https:\/\/staging.varesenews.it\/swgapi\/v1\/wp\/v2\/media?parent=277542"}],"wp:term":[{"taxonomy":"category","embeddable":true,"href":"https:\/\/staging.varesenews.it\/swgapi\/v1\/wp\/v2\/categories?post=277542"},{"taxonomy":"post_tag","embeddable":true,"href":"https:\/\/staging.varesenews.it\/swgapi\/v1\/wp\/v2\/tags?post=277542"}],"curies":[{"name":"wp","href":"https:\/\/api.w.org\/{rel}","templated":true}]}}