{"id":278114,"date":"2004-08-20T00:00:00","date_gmt":"2004-08-20T00:00:00","guid":{"rendered":""},"modified":"2004-08-20T00:00:00","modified_gmt":"2004-08-20T00:00:00","slug":"varese-si-mobilita-per-l-eroe-senegalese","status":"publish","type":"post","link":"https:\/\/staging.varesenews.it\/2004\/08\/varese-si-mobilita-per-l-eroe-senegalese\/278114\/","title":{"rendered":"Varese si mobilita per l&#8217;eroe senegalese"},"content":{"rendered":"<table height=\"117\" cellspacing=\"6\" cellpadding=\"0\" width=\"99%\" border=\"0\">\n<tbody>\n<tr>\n<td width=\"100%\" height=\"1\">\n<p><font face=\"Arial\"><img decoding=\"async\" hspace=\"3\" src=\"https:\/\/www3.varesenews.it\/immagini_articoli\/200504\/cheikh_sarr.jpg\" align=\"left\" vspace=\"3\" border=\"0\" \/>Il presidente Ciampi ha onorato la\u00a0 sua memoria conferendogli la medaglia d&#8217;oro al valore civile. La Regione Toscana sta stanziando un vitalizio alla famiglia. Il comune di Castagneto Carducci ha sostenuto le spese del suo funerale e deciso la sua cittadinanza onoraria. La morte di Cheikh Sarr, il giovane senegalese annegato a Castagneto Carducci dopo aver salvato la vita ad un italiano, ha scatenato la gara della solidariet\u00e0. Alla lista, da oggi, si sono aggiunti anche i Democratici di sinistra di Varese. Da loro \u00e8 partita l&#8217;idea di una raccolta fondi per il sostegno alla vedova di Cheikh e alla loro piccola figlia di dieci mesi rimasta orfana.\u00a0<\/p>\n<p>Muratore, 27enne, di fede islamica, in Italia da cinque anni con un lavoro regolare di muratore, Cheikh Sarr, il 14 agosto si era tuffato nelle acque agitate del mar Tirreno di fronte a Castagneto Carducci nel tentativo di salvare un uomo che stava affogando. Sarr salva l&#8217;uomo, a quanto sembra un italiano. Il senegalese invece non ce la fa. Viene inghiottito dalle onde, il suo corpo \u00e8 restituito dal mare due giorni dopo.\u00a0<br \/>La storia, di per s\u00e9, crea qualche imbarazzo. Un nero islamico che si sacrifica istintivamente per un bianco. Il salvato, questo l&#8217;aspetto ulteriore che ha colpito le cronache, sembra che abbia lasciato la spiaggia scomparendo nel nulla. Non un ringraziamento, non un cenno. Non se ne si conosce neppure l&#8217;identit\u00e0.\u00a0<br \/>\u00abCi sembra un episodio altamente simbolico &#8211; sottolinea il consigliere regionale Daniele Marantelli, promotore dell&#8217;iniziativa di solidariet\u00e0 -; altro che scontro di civilt\u00e0 tra occidente e islam. Insistere su questo tasto \u00e8 solo un regalo ai terroristi\u00bb.<br \/>A fianco di Marantelli ci sono Diop Ibrahima, presidente della comunit\u00e0 senegalese di Varese e Joshua Morgan, il giovane della Sierra Leone accoltellato quattro anni fa in pieno centro a Varese da un naziskin.\u00a0<br \/>Anche allora vi fu una mobilitazione eccezionale per il giovane. Joshua divenne un simbolo, trov\u00f2 sostegno e aiuto. Oggi lavora regolarmente, si \u00e8 sposato, i soliti problemi burocratici con le procedure per gli immigrati ma \u00e8 sereno. Ce l&#8217;ha fatta.\u00a0 \u00c8 stata una piccola vittoria dell&#8217;attenzione e della solidariet\u00e0.<br \/>La tragedia di Cheikh Sarr esclude il lieto fine, ma ha un significato altrettanto denso.\u00a0<br \/>\u00abVarese \u00e8 identificata con una certa corrente di chiusura ed egoismo &#8211; continua Marantelli &#8211; un aspetto certamente presente ma che non pu\u00f2 far dimenticare una tradizione di solidariet\u00e0 laica e cattolica\u00bb.\u00a0<br \/>L&#8217;auspicio \u00e8 che l&#8217;iniziativa si allarghi a centri concentrici Vannino Chiti, coordinatore della segreteria nazionale dei Ds, ha plaudito all&#8217;iniziativa: \u00abE&#8217; una battaglia dura ma giusta &#8211; ha scritto &#8211; ed \u00e8 per queste battaglie che ha un senso non contingente la sinistra\u00bb.<br \/>Chiunque fosse interessato a contribuire, pu\u00f2 effettuare un versamento sul conto corrente della Banca popolare di Bergamo, sede di Casbeno: n\u00b0. 2434, abi 5428, cab 10849 intestato a Unit\u00e0 Estate&quot; 1\u00b0 gruppo con la causale &quot;Per la famiglia Cheick Sarr&quot;.\u00a0<br \/>\u00c8 possibile lasciare offerte anche direttamente presso la Festa dell&#8217;Unit\u00e0 alla Schiranna.<\/font><\/p>\n<\/td>\n<\/tr>\n<tr>\n<td width=\"100%\" height=\"21\">\n<p align=\"right\" \/><\/td>\n<\/tr>\n<\/tbody>\n<\/table>\n","protected":false},"excerpt":{"rendered":"<p>I Ds promuovono una raccolta fondi per aiutare la famiglia del giovane annegato in Toscana per salvare un italiano. \u00abLa solidariet\u00e0 fa parte della storia di Varese\u00bb<\/p>\n","protected":false},"author":10,"featured_media":0,"comment_status":"open","ping_status":"open","sticky":false,"template":"","format":"standard","meta":{"footnotes":""},"categories":[2],"tags":[],"acf":[],"yoast_head":"<!-- This site is optimized with the Yoast SEO plugin v20.1 - https:\/\/yoast.com\/wordpress\/plugins\/seo\/ -->\n<title>Varese si mobilita per l&#039;eroe senegalese<\/title>\n<meta name=\"description\" content=\"I Ds promuovono una raccolta fondi per aiutare la famiglia del giovane annegato in Toscana per salvare un italiano. \u00abLa solidariet\u00e0 fa parte della storia di Varese\u00bb\" \/>\n<meta name=\"robots\" content=\"noindex, follow, max-snippet:-1, max-image-preview:large, max-video-preview:-1\" \/>\n<meta property=\"og:locale\" content=\"it_IT\" \/>\n<meta property=\"og:type\" content=\"article\" \/>\n<meta property=\"og:title\" content=\"Varese si mobilita per l&#039;eroe senegalese\" \/>\n<meta property=\"og:description\" content=\"I Ds promuovono una raccolta fondi per aiutare la famiglia del giovane annegato in Toscana per salvare un italiano. \u00abLa solidariet\u00e0 fa parte della storia di Varese\u00bb\" \/>\n<meta property=\"og:url\" content=\"https:\/\/staging.varesenews.it\/2004\/08\/varese-si-mobilita-per-l-eroe-senegalese\/278114\/\" \/>\n<meta property=\"og:site_name\" content=\"VareseNews\" \/>\n<meta property=\"article:publisher\" content=\"https:\/\/www.facebook.com\/varesenews\" \/>\n<meta property=\"article:published_time\" content=\"2004-08-20T00:00:00+00:00\" \/>\n<meta property=\"og:image\" content=\"https:\/\/www3.varesenews.it\/immagini_articoli\/200504\/cheikh_sarr.jpg\" \/>\n<meta name=\"author\" content=\"Redazione VareseNews\" \/>\n<meta name=\"twitter:card\" content=\"summary_large_image\" \/>\n<meta name=\"twitter:creator\" content=\"@varesenews\" \/>\n<meta name=\"twitter:site\" content=\"@varesenews\" \/>\n<meta name=\"twitter:label1\" content=\"Scritto da\" \/>\n\t<meta name=\"twitter:data1\" content=\"Redazione VareseNews\" \/>\n\t<meta name=\"twitter:label2\" content=\"Tempo di lettura stimato\" \/>\n\t<meta name=\"twitter:data2\" content=\"2 minuti\" \/>\n<script type=\"application\/ld+json\" class=\"yoast-schema-graph\">{\"@context\":\"https:\/\/schema.org\",\"@graph\":[{\"@type\":\"WebPage\",\"@id\":\"https:\/\/staging.varesenews.it\/2004\/08\/varese-si-mobilita-per-l-eroe-senegalese\/278114\/\",\"url\":\"https:\/\/staging.varesenews.it\/2004\/08\/varese-si-mobilita-per-l-eroe-senegalese\/278114\/\",\"name\":\"Varese si mobilita per l'eroe senegalese\",\"isPartOf\":{\"@id\":\"https:\/\/staging.varesenews.it\/#website\"},\"datePublished\":\"2004-08-20T00:00:00+00:00\",\"dateModified\":\"2004-08-20T00:00:00+00:00\",\"author\":{\"@id\":\"https:\/\/staging.varesenews.it\/#\/schema\/person\/fb20c4da0b7b16c291707a20db73e169\"},\"description\":\"I Ds promuovono una raccolta fondi per aiutare la famiglia del giovane annegato in Toscana per salvare un italiano. \u00abLa solidariet\u00e0 fa parte della storia di Varese\u00bb\",\"breadcrumb\":{\"@id\":\"https:\/\/staging.varesenews.it\/2004\/08\/varese-si-mobilita-per-l-eroe-senegalese\/278114\/#breadcrumb\"},\"inLanguage\":\"it-IT\",\"potentialAction\":[{\"@type\":\"ReadAction\",\"target\":[\"https:\/\/staging.varesenews.it\/2004\/08\/varese-si-mobilita-per-l-eroe-senegalese\/278114\/\"]}]},{\"@type\":\"BreadcrumbList\",\"@id\":\"https:\/\/staging.varesenews.it\/2004\/08\/varese-si-mobilita-per-l-eroe-senegalese\/278114\/#breadcrumb\",\"itemListElement\":[{\"@type\":\"ListItem\",\"position\":1,\"name\":\"Home\",\"item\":\"https:\/\/www.varesenews.it\/\"},{\"@type\":\"ListItem\",\"position\":2,\"name\":\"Varese si mobilita per l&#8217;eroe senegalese\"}]},{\"@type\":\"WebSite\",\"@id\":\"https:\/\/staging.varesenews.it\/#website\",\"url\":\"https:\/\/staging.varesenews.it\/\",\"name\":\"VareseNews\",\"description\":\"\",\"potentialAction\":[{\"@type\":\"SearchAction\",\"target\":{\"@type\":\"EntryPoint\",\"urlTemplate\":\"https:\/\/staging.varesenews.it\/?s={search_term_string}\"},\"query-input\":\"required name=search_term_string\"}],\"inLanguage\":\"it-IT\"},{\"@type\":\"Person\",\"@id\":\"https:\/\/staging.varesenews.it\/#\/schema\/person\/fb20c4da0b7b16c291707a20db73e169\",\"name\":\"Redazione VareseNews\",\"image\":{\"@type\":\"ImageObject\",\"inLanguage\":\"it-IT\",\"@id\":\"https:\/\/staging.varesenews.it\/#\/schema\/person\/image\/\",\"url\":\"https:\/\/staging.varesenews.it\/wp-content\/uploads\/2020\/12\/logo_VN_colori_500.png\",\"contentUrl\":\"https:\/\/staging.varesenews.it\/wp-content\/uploads\/2020\/12\/logo_VN_colori_500.png\",\"caption\":\"Redazione VareseNews\"},\"url\":\"https:\/\/staging.varesenews.it\/persona\/redazione1\/\"}]}<\/script>\n<!-- \/ Yoast SEO plugin. -->","yoast_head_json":{"title":"Varese si mobilita per l'eroe senegalese","description":"I Ds promuovono una raccolta fondi per aiutare la famiglia del giovane annegato in Toscana per salvare un italiano. \u00abLa solidariet\u00e0 fa parte della storia di Varese\u00bb","robots":{"index":"noindex","follow":"follow","max-snippet":"max-snippet:-1","max-image-preview":"max-image-preview:large","max-video-preview":"max-video-preview:-1"},"og_locale":"it_IT","og_type":"article","og_title":"Varese si mobilita per l'eroe senegalese","og_description":"I Ds promuovono una raccolta fondi per aiutare la famiglia del giovane annegato in Toscana per salvare un italiano. \u00abLa solidariet\u00e0 fa parte della storia di Varese\u00bb","og_url":"https:\/\/staging.varesenews.it\/2004\/08\/varese-si-mobilita-per-l-eroe-senegalese\/278114\/","og_site_name":"VareseNews","article_publisher":"https:\/\/www.facebook.com\/varesenews","article_published_time":"2004-08-20T00:00:00+00:00","og_image":[{"url":"https:\/\/www3.varesenews.it\/immagini_articoli\/200504\/cheikh_sarr.jpg"}],"author":"Redazione VareseNews","twitter_card":"summary_large_image","twitter_creator":"@varesenews","twitter_site":"@varesenews","twitter_misc":{"Scritto da":"Redazione VareseNews","Tempo di lettura stimato":"2 minuti"},"schema":{"@context":"https:\/\/schema.org","@graph":[{"@type":"WebPage","@id":"https:\/\/staging.varesenews.it\/2004\/08\/varese-si-mobilita-per-l-eroe-senegalese\/278114\/","url":"https:\/\/staging.varesenews.it\/2004\/08\/varese-si-mobilita-per-l-eroe-senegalese\/278114\/","name":"Varese si mobilita per l'eroe senegalese","isPartOf":{"@id":"https:\/\/staging.varesenews.it\/#website"},"datePublished":"2004-08-20T00:00:00+00:00","dateModified":"2004-08-20T00:00:00+00:00","author":{"@id":"https:\/\/staging.varesenews.it\/#\/schema\/person\/fb20c4da0b7b16c291707a20db73e169"},"description":"I Ds promuovono una raccolta fondi per aiutare la famiglia del giovane annegato in Toscana per salvare un italiano. \u00abLa solidariet\u00e0 fa parte della storia di Varese\u00bb","breadcrumb":{"@id":"https:\/\/staging.varesenews.it\/2004\/08\/varese-si-mobilita-per-l-eroe-senegalese\/278114\/#breadcrumb"},"inLanguage":"it-IT","potentialAction":[{"@type":"ReadAction","target":["https:\/\/staging.varesenews.it\/2004\/08\/varese-si-mobilita-per-l-eroe-senegalese\/278114\/"]}]},{"@type":"BreadcrumbList","@id":"https:\/\/staging.varesenews.it\/2004\/08\/varese-si-mobilita-per-l-eroe-senegalese\/278114\/#breadcrumb","itemListElement":[{"@type":"ListItem","position":1,"name":"Home","item":"https:\/\/www.varesenews.it\/"},{"@type":"ListItem","position":2,"name":"Varese si mobilita per l&#8217;eroe senegalese"}]},{"@type":"WebSite","@id":"https:\/\/staging.varesenews.it\/#website","url":"https:\/\/staging.varesenews.it\/","name":"VareseNews","description":"","potentialAction":[{"@type":"SearchAction","target":{"@type":"EntryPoint","urlTemplate":"https:\/\/staging.varesenews.it\/?s={search_term_string}"},"query-input":"required name=search_term_string"}],"inLanguage":"it-IT"},{"@type":"Person","@id":"https:\/\/staging.varesenews.it\/#\/schema\/person\/fb20c4da0b7b16c291707a20db73e169","name":"Redazione VareseNews","image":{"@type":"ImageObject","inLanguage":"it-IT","@id":"https:\/\/staging.varesenews.it\/#\/schema\/person\/image\/","url":"https:\/\/staging.varesenews.it\/wp-content\/uploads\/2020\/12\/logo_VN_colori_500.png","contentUrl":"https:\/\/staging.varesenews.it\/wp-content\/uploads\/2020\/12\/logo_VN_colori_500.png","caption":"Redazione VareseNews"},"url":"https:\/\/staging.varesenews.it\/persona\/redazione1\/"}]}},"post_meta":{"id_old":"19894","argomento":"Varese","autore_old":"Riccardo Prina"},"photos":[],"_links":{"self":[{"href":"https:\/\/staging.varesenews.it\/swgapi\/v1\/wp\/v2\/posts\/278114"}],"collection":[{"href":"https:\/\/staging.varesenews.it\/swgapi\/v1\/wp\/v2\/posts"}],"about":[{"href":"https:\/\/staging.varesenews.it\/swgapi\/v1\/wp\/v2\/types\/post"}],"author":[{"embeddable":true,"href":"https:\/\/staging.varesenews.it\/swgapi\/v1\/wp\/v2\/users\/10"}],"replies":[{"embeddable":true,"href":"https:\/\/staging.varesenews.it\/swgapi\/v1\/wp\/v2\/comments?post=278114"}],"version-history":[{"count":0,"href":"https:\/\/staging.varesenews.it\/swgapi\/v1\/wp\/v2\/posts\/278114\/revisions"}],"wp:attachment":[{"href":"https:\/\/staging.varesenews.it\/swgapi\/v1\/wp\/v2\/media?parent=278114"}],"wp:term":[{"taxonomy":"category","embeddable":true,"href":"https:\/\/staging.varesenews.it\/swgapi\/v1\/wp\/v2\/categories?post=278114"},{"taxonomy":"post_tag","embeddable":true,"href":"https:\/\/staging.varesenews.it\/swgapi\/v1\/wp\/v2\/tags?post=278114"}],"curies":[{"name":"wp","href":"https:\/\/api.w.org\/{rel}","templated":true}]}}