{"id":27847,"date":"2014-09-17T00:00:00","date_gmt":"2014-09-17T00:00:00","guid":{"rendered":""},"modified":"2014-09-17T00:00:00","modified_gmt":"2014-09-17T00:00:00","slug":"un-autunno-di-incontri-bio","status":"publish","type":"post","link":"https:\/\/staging.varesenews.it\/2014\/09\/un-autunno-di-incontri-bio\/27847\/","title":{"rendered":"Un autunno di incontri &#8220;Bio&#8221;"},"content":{"rendered":"<p>Sar&agrave; un autunno Bio a Varese, compilici alcuni appuntamenti &quot;specializzati&quot;.<\/p>\n<p>Il primo appuntamento &egrave; gioved&igrave; 18 settembre alle 18.00, presso il punto vendita NaturaS&igrave; di Viale Borri: protagonista una conferenza sul <strong>metodo Kusmine<\/strong> che verr&agrave; presentato da Maddalena Macchi, insegnante di cucina naturale dell&#8217;associazione Vivere Sano Quotidianamente per imparare a seguire una sana e corretta alimentazione. <br \/>\nIl metodo Kusmine prende il nome dalla dottoressa russa che l&#8217;ha ideato e messo a punto e si basa sull&#8217;importanza della dieta per mantenere non solo uno stato di salute ottimale ma anche per per prevenire o stimolare le difese in caso di malattia.  La conferenza, ad ingresso gratuito, sar&agrave; seguita da un bio aperitivo a buffet.<\/p>\n<p>Per chi vuole saperne di pi&ugrave; sulla cucina sana e naturale, dal 25 settembre inizier&agrave; un <strong>ciclo di 4 lezioni<\/strong>, tenute sempre da <strong>Maddalena Macchi<\/strong> e dal bio-architetto<strong> Luigi Bellaria<\/strong>, nelle quali si affronteranno argomenti pi&ugrave; specifici quali <strong>l&#8217;importanza dell&#8217;introduzione dei legumi e dei cereali nella dieta<\/strong>, cosa preparare per una sana e nutriente <strong>colazione<\/strong>, la realizzazione di <strong>piatti veloci ma completi ed equilibrati nutrizionalmente<\/strong> attraverso una corretta ed intelligente organizzazione in cucina, la realizzazione di <strong>dolci con ingredienti naturali<\/strong>, l&#8217;importanza dell&#8217;attivit&agrave; fisica e della qualit&agrave; dell&#8217;ambiente in cui si vive. Il corso per&ograve; non &egrave; gratuito: info&nbsp;su www.viveresanoquotidianamente.it.<\/p>\n<p>L&#8217;8 ottobre presso il Bio Ristorante <strong>Nutrymento <\/strong>di Varese incontro con il dottor <strong>Marco Venanzi<\/strong>, per parlare di <strong>omeopatia e salute<\/strong>, e con <strong>Cristiana Vergari<\/strong> per lo <strong>yoga in gravidanza<\/strong>. Il 28 novembre nuova conferenza presso NaturaS&igrave; per parlare di <strong>cucina naturale<\/strong> <strong>in vista delle festivit&agrave; natalizie<\/strong>, con degustazione di dolci bio gratuita e illustrazione dei due corsi monotematici che si terranno a dicembre sul come  e cosa cucinare per il pranzo di Natale utilizzando ingredienti bio e naturali e sulla preparazione di dolcetti sani e sugar free.<\/p>\n<p><strong>Al 30 novembre l&#8217;appuntamento &egrave; invece alla scuola steineriana di Varese <\/strong>in via Torquato Tasso 29  per il <strong>bazar di Natale<\/strong>, un&#8217;occasione per fare acquisti ecosolidali e bio, nonch&eacute; per far divertire grandi e  piccini con spettacoli teatrali e momenti ludici. Durante l&rsquo;arco della giornata, inoltre, ci saranno conferenze e incontri sull&rsquo;agricoltura biologica e biodinamica.<\/p>\n","protected":false},"excerpt":{"rendered":"<p>Sar\u00e0 un autunno Bio a Varese, compilici alcuni appuntamenti &#8220;specializzati&#8221;: Il primo appuntamento \u00e8 gioved\u00ec 18 settembre alle 18.00, protagonista una conferenza sul metodo Kusmine<\/p>\n","protected":false},"author":10,"featured_media":0,"comment_status":"open","ping_status":"open","sticky":false,"template":"","format":"standard","meta":{"footnotes":""},"categories":[26,2],"tags":[132,1408],"acf":[],"yoast_head":"<!-- This site is optimized with the Yoast SEO plugin v20.1 - https:\/\/yoast.com\/wordpress\/plugins\/seo\/ -->\n<title>Un autunno di incontri &quot;Bio&quot;<\/title>\n<meta name=\"description\" content=\"Sar\u00e0 un autunno Bio a Varese, compilici alcuni appuntamenti &quot;specializzati&quot;: Il primo appuntamento \u00e8 gioved\u00ec 18 settembre alle 18.00, protagonista una conferenza sul metodo Kusmine\" \/>\n<meta name=\"robots\" content=\"noindex, follow, max-snippet:-1, max-image-preview:large, max-video-preview:-1\" \/>\n<meta property=\"og:locale\" content=\"it_IT\" \/>\n<meta property=\"og:type\" content=\"article\" \/>\n<meta property=\"og:title\" content=\"Un autunno di incontri &quot;Bio&quot;\" \/>\n<meta property=\"og:description\" content=\"Sar\u00e0 un autunno Bio a Varese, compilici alcuni appuntamenti &quot;specializzati&quot;: Il primo appuntamento \u00e8 gioved\u00ec 18 settembre alle 18.00, protagonista una conferenza sul metodo Kusmine\" \/>\n<meta property=\"og:url\" content=\"https:\/\/staging.varesenews.it\/2014\/09\/un-autunno-di-incontri-bio\/27847\/\" \/>\n<meta property=\"og:site_name\" content=\"VareseNews\" \/>\n<meta property=\"article:publisher\" content=\"https:\/\/www.facebook.com\/varesenews\" \/>\n<meta property=\"article:published_time\" content=\"2014-09-17T00:00:00+00:00\" \/>\n<meta name=\"author\" content=\"Redazione VareseNews\" \/>\n<meta name=\"twitter:card\" content=\"summary_large_image\" \/>\n<meta name=\"twitter:creator\" content=\"@varesenews\" \/>\n<meta name=\"twitter:site\" content=\"@varesenews\" \/>\n<meta name=\"twitter:label1\" content=\"Scritto da\" \/>\n\t<meta name=\"twitter:data1\" content=\"Redazione VareseNews\" \/>\n\t<meta name=\"twitter:label2\" content=\"Tempo di lettura stimato\" \/>\n\t<meta name=\"twitter:data2\" content=\"2 minuti\" \/>\n<script type=\"application\/ld+json\" class=\"yoast-schema-graph\">{\"@context\":\"https:\/\/schema.org\",\"@graph\":[{\"@type\":\"WebPage\",\"@id\":\"https:\/\/staging.varesenews.it\/2014\/09\/un-autunno-di-incontri-bio\/27847\/\",\"url\":\"https:\/\/staging.varesenews.it\/2014\/09\/un-autunno-di-incontri-bio\/27847\/\",\"name\":\"Un autunno di incontri \\\"Bio\\\"\",\"isPartOf\":{\"@id\":\"https:\/\/staging.varesenews.it\/#website\"},\"datePublished\":\"2014-09-17T00:00:00+00:00\",\"dateModified\":\"2014-09-17T00:00:00+00:00\",\"author\":{\"@id\":\"https:\/\/staging.varesenews.it\/#\/schema\/person\/fb20c4da0b7b16c291707a20db73e169\"},\"description\":\"Sar\u00e0 un autunno Bio a Varese, compilici alcuni appuntamenti \\\"specializzati\\\": Il primo appuntamento \u00e8 gioved\u00ec 18 settembre alle 18.00, protagonista una conferenza sul metodo Kusmine\",\"breadcrumb\":{\"@id\":\"https:\/\/staging.varesenews.it\/2014\/09\/un-autunno-di-incontri-bio\/27847\/#breadcrumb\"},\"inLanguage\":\"it-IT\",\"potentialAction\":[{\"@type\":\"ReadAction\",\"target\":[\"https:\/\/staging.varesenews.it\/2014\/09\/un-autunno-di-incontri-bio\/27847\/\"]}]},{\"@type\":\"BreadcrumbList\",\"@id\":\"https:\/\/staging.varesenews.it\/2014\/09\/un-autunno-di-incontri-bio\/27847\/#breadcrumb\",\"itemListElement\":[{\"@type\":\"ListItem\",\"position\":1,\"name\":\"Home\",\"item\":\"https:\/\/www.varesenews.it\/\"},{\"@type\":\"ListItem\",\"position\":2,\"name\":\"Un autunno di incontri &#8220;Bio&#8221;\"}]},{\"@type\":\"WebSite\",\"@id\":\"https:\/\/staging.varesenews.it\/#website\",\"url\":\"https:\/\/staging.varesenews.it\/\",\"name\":\"VareseNews\",\"description\":\"\",\"potentialAction\":[{\"@type\":\"SearchAction\",\"target\":{\"@type\":\"EntryPoint\",\"urlTemplate\":\"https:\/\/staging.varesenews.it\/?s={search_term_string}\"},\"query-input\":\"required name=search_term_string\"}],\"inLanguage\":\"it-IT\"},{\"@type\":\"Person\",\"@id\":\"https:\/\/staging.varesenews.it\/#\/schema\/person\/fb20c4da0b7b16c291707a20db73e169\",\"name\":\"Redazione VareseNews\",\"image\":{\"@type\":\"ImageObject\",\"inLanguage\":\"it-IT\",\"@id\":\"https:\/\/staging.varesenews.it\/#\/schema\/person\/image\/\",\"url\":\"https:\/\/staging.varesenews.it\/wp-content\/uploads\/2020\/12\/logo_VN_colori_500.png\",\"contentUrl\":\"https:\/\/staging.varesenews.it\/wp-content\/uploads\/2020\/12\/logo_VN_colori_500.png\",\"caption\":\"Redazione VareseNews\"},\"url\":\"https:\/\/staging.varesenews.it\/persona\/redazione1\/\"}]}<\/script>\n<!-- \/ Yoast SEO plugin. -->","yoast_head_json":{"title":"Un autunno di incontri \"Bio\"","description":"Sar\u00e0 un autunno Bio a Varese, compilici alcuni appuntamenti \"specializzati\": Il primo appuntamento \u00e8 gioved\u00ec 18 settembre alle 18.00, protagonista una conferenza sul metodo Kusmine","robots":{"index":"noindex","follow":"follow","max-snippet":"max-snippet:-1","max-image-preview":"max-image-preview:large","max-video-preview":"max-video-preview:-1"},"og_locale":"it_IT","og_type":"article","og_title":"Un autunno di incontri \"Bio\"","og_description":"Sar\u00e0 un autunno Bio a Varese, compilici alcuni appuntamenti \"specializzati\": Il primo appuntamento \u00e8 gioved\u00ec 18 settembre alle 18.00, protagonista una conferenza sul metodo Kusmine","og_url":"https:\/\/staging.varesenews.it\/2014\/09\/un-autunno-di-incontri-bio\/27847\/","og_site_name":"VareseNews","article_publisher":"https:\/\/www.facebook.com\/varesenews","article_published_time":"2014-09-17T00:00:00+00:00","author":"Redazione VareseNews","twitter_card":"summary_large_image","twitter_creator":"@varesenews","twitter_site":"@varesenews","twitter_misc":{"Scritto da":"Redazione VareseNews","Tempo di lettura stimato":"2 minuti"},"schema":{"@context":"https:\/\/schema.org","@graph":[{"@type":"WebPage","@id":"https:\/\/staging.varesenews.it\/2014\/09\/un-autunno-di-incontri-bio\/27847\/","url":"https:\/\/staging.varesenews.it\/2014\/09\/un-autunno-di-incontri-bio\/27847\/","name":"Un autunno di incontri \"Bio\"","isPartOf":{"@id":"https:\/\/staging.varesenews.it\/#website"},"datePublished":"2014-09-17T00:00:00+00:00","dateModified":"2014-09-17T00:00:00+00:00","author":{"@id":"https:\/\/staging.varesenews.it\/#\/schema\/person\/fb20c4da0b7b16c291707a20db73e169"},"description":"Sar\u00e0 un autunno Bio a Varese, compilici alcuni appuntamenti \"specializzati\": Il primo appuntamento \u00e8 gioved\u00ec 18 settembre alle 18.00, protagonista una conferenza sul metodo Kusmine","breadcrumb":{"@id":"https:\/\/staging.varesenews.it\/2014\/09\/un-autunno-di-incontri-bio\/27847\/#breadcrumb"},"inLanguage":"it-IT","potentialAction":[{"@type":"ReadAction","target":["https:\/\/staging.varesenews.it\/2014\/09\/un-autunno-di-incontri-bio\/27847\/"]}]},{"@type":"BreadcrumbList","@id":"https:\/\/staging.varesenews.it\/2014\/09\/un-autunno-di-incontri-bio\/27847\/#breadcrumb","itemListElement":[{"@type":"ListItem","position":1,"name":"Home","item":"https:\/\/www.varesenews.it\/"},{"@type":"ListItem","position":2,"name":"Un autunno di incontri &#8220;Bio&#8221;"}]},{"@type":"WebSite","@id":"https:\/\/staging.varesenews.it\/#website","url":"https:\/\/staging.varesenews.it\/","name":"VareseNews","description":"","potentialAction":[{"@type":"SearchAction","target":{"@type":"EntryPoint","urlTemplate":"https:\/\/staging.varesenews.it\/?s={search_term_string}"},"query-input":"required name=search_term_string"}],"inLanguage":"it-IT"},{"@type":"Person","@id":"https:\/\/staging.varesenews.it\/#\/schema\/person\/fb20c4da0b7b16c291707a20db73e169","name":"Redazione VareseNews","image":{"@type":"ImageObject","inLanguage":"it-IT","@id":"https:\/\/staging.varesenews.it\/#\/schema\/person\/image\/","url":"https:\/\/staging.varesenews.it\/wp-content\/uploads\/2020\/12\/logo_VN_colori_500.png","contentUrl":"https:\/\/staging.varesenews.it\/wp-content\/uploads\/2020\/12\/logo_VN_colori_500.png","caption":"Redazione VareseNews"},"url":"https:\/\/staging.varesenews.it\/persona\/redazione1\/"}]}},"post_meta":{"id_old":"296182","argomento":"Varese"},"photos":[],"_links":{"self":[{"href":"https:\/\/staging.varesenews.it\/swgapi\/v1\/wp\/v2\/posts\/27847"}],"collection":[{"href":"https:\/\/staging.varesenews.it\/swgapi\/v1\/wp\/v2\/posts"}],"about":[{"href":"https:\/\/staging.varesenews.it\/swgapi\/v1\/wp\/v2\/types\/post"}],"author":[{"embeddable":true,"href":"https:\/\/staging.varesenews.it\/swgapi\/v1\/wp\/v2\/users\/10"}],"replies":[{"embeddable":true,"href":"https:\/\/staging.varesenews.it\/swgapi\/v1\/wp\/v2\/comments?post=27847"}],"version-history":[{"count":0,"href":"https:\/\/staging.varesenews.it\/swgapi\/v1\/wp\/v2\/posts\/27847\/revisions"}],"wp:attachment":[{"href":"https:\/\/staging.varesenews.it\/swgapi\/v1\/wp\/v2\/media?parent=27847"}],"wp:term":[{"taxonomy":"category","embeddable":true,"href":"https:\/\/staging.varesenews.it\/swgapi\/v1\/wp\/v2\/categories?post=27847"},{"taxonomy":"post_tag","embeddable":true,"href":"https:\/\/staging.varesenews.it\/swgapi\/v1\/wp\/v2\/tags?post=27847"}],"curies":[{"name":"wp","href":"https:\/\/api.w.org\/{rel}","templated":true}]}}