{"id":278693,"date":"2005-03-24T00:00:00","date_gmt":"2005-03-24T00:00:00","guid":{"rendered":""},"modified":"2005-03-24T00:00:00","modified_gmt":"2005-03-24T00:00:00","slug":"ultimi-preparativi-per-la-pasqua-in-citta","status":"publish","type":"post","link":"https:\/\/staging.varesenews.it\/2005\/03\/ultimi-preparativi-per-la-pasqua-in-citta\/278693\/","title":{"rendered":"Ultimi preparativi per la &#8220;Pasqua in citt\u00e0&#8221;"},"content":{"rendered":"<p><font face=\"Arial\" size=\"2\"><\/p>\n<p><font size=\"3\">\u00c8 iniziato il conto alla rovescia per trasformare il centro cittadino di Lugano in un colorato ed animato punto d&#8217;incontro per festeggiare le festivit\u00e0 pasquali. Da venerd\u00ec 25 a luned\u00ec 28 marzo Lugano Turismo, in collaborazione con la Polizia della Citt\u00e0 di Lugano e le associazioni cittadine dei commercianti, proporr\u00e0 diversi mercati nel centro pedonale animati da musica di bandelle e gruppi musicali locali, stand gastronomici e floreali ed uno spazio speciale per I bambini in Piazza San Carlo. In questa piazza infati verr\u00e0 installata una vera e propria &quot;Fabbrica del Cioccolato&quot; con possibilit\u00e0 di baby-parking. Due I concerti previsti per il giorno di Pasqua, domenica 27 marzo: uno alle 10.30 in Piazza della Riforma con la Civica Filarmonica di Lugano, mentre alle 16.00 si esibir\u00e0 la Filarmonica di Castagnola nel patio di Palazzo Civico.<\/font><\/p>\n<p><font size=\"3\">Ricordiamo che I negozi saranno aperti venerd\u00ec, sabato e luned\u00ec.<\/font><\/p>\n<p><\/font><font face=\"Times New Roman\"><\/font><font face=\"Arial\"><\/p>\n<p>Ulteriori informazioni presso Lugano Turismo, tel. 091 913 32 32<br \/>oppure sul sito <a href=\"http:\/\/www.lugano.ch\/\">www.lugano.ch<\/a> <\/p>\n<p><\/font><font face=\"Times New Roman\">\u00a0<\/font> <\/p>\n","protected":false},"excerpt":{"rendered":"<p>L&#8217;iniziativa a cura di Lugano Turismo<\/p>\n","protected":false},"author":10,"featured_media":0,"comment_status":"open","ping_status":"open","sticky":false,"template":"","format":"standard","meta":{"footnotes":""},"categories":[21],"tags":[],"acf":[],"yoast_head":"<!-- This site is optimized with the Yoast SEO plugin v20.1 - https:\/\/yoast.com\/wordpress\/plugins\/seo\/ -->\n<title>Ultimi preparativi per la &quot;Pasqua in citt\u00e0&quot;<\/title>\n<meta name=\"description\" content=\"L&#039;iniziativa a cura di Lugano Turismo\" \/>\n<meta name=\"robots\" content=\"noindex, follow, max-snippet:-1, max-image-preview:large, max-video-preview:-1\" \/>\n<meta property=\"og:locale\" content=\"it_IT\" \/>\n<meta property=\"og:type\" content=\"article\" \/>\n<meta property=\"og:title\" content=\"Ultimi preparativi per la &quot;Pasqua in citt\u00e0&quot;\" \/>\n<meta property=\"og:description\" content=\"L&#039;iniziativa a cura di Lugano Turismo\" \/>\n<meta property=\"og:url\" content=\"https:\/\/staging.varesenews.it\/2005\/03\/ultimi-preparativi-per-la-pasqua-in-citta\/278693\/\" \/>\n<meta property=\"og:site_name\" content=\"VareseNews\" \/>\n<meta property=\"article:publisher\" content=\"https:\/\/www.facebook.com\/varesenews\" \/>\n<meta property=\"article:published_time\" content=\"2005-03-24T00:00:00+00:00\" \/>\n<meta name=\"author\" content=\"Redazione VareseNews\" \/>\n<meta name=\"twitter:card\" content=\"summary_large_image\" \/>\n<meta name=\"twitter:creator\" content=\"@varesenews\" \/>\n<meta name=\"twitter:site\" content=\"@varesenews\" \/>\n<meta name=\"twitter:label1\" content=\"Scritto da\" \/>\n\t<meta name=\"twitter:data1\" content=\"Redazione VareseNews\" \/>\n\t<meta name=\"twitter:label2\" content=\"Tempo di lettura stimato\" \/>\n\t<meta name=\"twitter:data2\" content=\"1 minuto\" \/>\n<script type=\"application\/ld+json\" class=\"yoast-schema-graph\">{\"@context\":\"https:\/\/schema.org\",\"@graph\":[{\"@type\":\"WebPage\",\"@id\":\"https:\/\/staging.varesenews.it\/2005\/03\/ultimi-preparativi-per-la-pasqua-in-citta\/278693\/\",\"url\":\"https:\/\/staging.varesenews.it\/2005\/03\/ultimi-preparativi-per-la-pasqua-in-citta\/278693\/\",\"name\":\"Ultimi preparativi per la \\\"Pasqua in citt\u00e0\\\"\",\"isPartOf\":{\"@id\":\"https:\/\/staging.varesenews.it\/#website\"},\"datePublished\":\"2005-03-24T00:00:00+00:00\",\"dateModified\":\"2005-03-24T00:00:00+00:00\",\"author\":{\"@id\":\"https:\/\/staging.varesenews.it\/#\/schema\/person\/fb20c4da0b7b16c291707a20db73e169\"},\"description\":\"L'iniziativa a cura di Lugano Turismo\",\"breadcrumb\":{\"@id\":\"https:\/\/staging.varesenews.it\/2005\/03\/ultimi-preparativi-per-la-pasqua-in-citta\/278693\/#breadcrumb\"},\"inLanguage\":\"it-IT\",\"potentialAction\":[{\"@type\":\"ReadAction\",\"target\":[\"https:\/\/staging.varesenews.it\/2005\/03\/ultimi-preparativi-per-la-pasqua-in-citta\/278693\/\"]}]},{\"@type\":\"BreadcrumbList\",\"@id\":\"https:\/\/staging.varesenews.it\/2005\/03\/ultimi-preparativi-per-la-pasqua-in-citta\/278693\/#breadcrumb\",\"itemListElement\":[{\"@type\":\"ListItem\",\"position\":1,\"name\":\"Home\",\"item\":\"https:\/\/www.varesenews.it\/\"},{\"@type\":\"ListItem\",\"position\":2,\"name\":\"Ultimi preparativi per la &#8220;Pasqua in citt\u00e0&#8221;\"}]},{\"@type\":\"WebSite\",\"@id\":\"https:\/\/staging.varesenews.it\/#website\",\"url\":\"https:\/\/staging.varesenews.it\/\",\"name\":\"VareseNews\",\"description\":\"\",\"potentialAction\":[{\"@type\":\"SearchAction\",\"target\":{\"@type\":\"EntryPoint\",\"urlTemplate\":\"https:\/\/staging.varesenews.it\/?s={search_term_string}\"},\"query-input\":\"required name=search_term_string\"}],\"inLanguage\":\"it-IT\"},{\"@type\":\"Person\",\"@id\":\"https:\/\/staging.varesenews.it\/#\/schema\/person\/fb20c4da0b7b16c291707a20db73e169\",\"name\":\"Redazione VareseNews\",\"image\":{\"@type\":\"ImageObject\",\"inLanguage\":\"it-IT\",\"@id\":\"https:\/\/staging.varesenews.it\/#\/schema\/person\/image\/\",\"url\":\"https:\/\/staging.varesenews.it\/wp-content\/uploads\/2020\/12\/logo_VN_colori_500.png\",\"contentUrl\":\"https:\/\/staging.varesenews.it\/wp-content\/uploads\/2020\/12\/logo_VN_colori_500.png\",\"caption\":\"Redazione VareseNews\"},\"url\":\"https:\/\/staging.varesenews.it\/persona\/redazione1\/\"}]}<\/script>\n<!-- \/ Yoast SEO plugin. -->","yoast_head_json":{"title":"Ultimi preparativi per la \"Pasqua in citt\u00e0\"","description":"L'iniziativa a cura di Lugano Turismo","robots":{"index":"noindex","follow":"follow","max-snippet":"max-snippet:-1","max-image-preview":"max-image-preview:large","max-video-preview":"max-video-preview:-1"},"og_locale":"it_IT","og_type":"article","og_title":"Ultimi preparativi per la \"Pasqua in citt\u00e0\"","og_description":"L'iniziativa a cura di Lugano Turismo","og_url":"https:\/\/staging.varesenews.it\/2005\/03\/ultimi-preparativi-per-la-pasqua-in-citta\/278693\/","og_site_name":"VareseNews","article_publisher":"https:\/\/www.facebook.com\/varesenews","article_published_time":"2005-03-24T00:00:00+00:00","author":"Redazione VareseNews","twitter_card":"summary_large_image","twitter_creator":"@varesenews","twitter_site":"@varesenews","twitter_misc":{"Scritto da":"Redazione VareseNews","Tempo di lettura stimato":"1 minuto"},"schema":{"@context":"https:\/\/schema.org","@graph":[{"@type":"WebPage","@id":"https:\/\/staging.varesenews.it\/2005\/03\/ultimi-preparativi-per-la-pasqua-in-citta\/278693\/","url":"https:\/\/staging.varesenews.it\/2005\/03\/ultimi-preparativi-per-la-pasqua-in-citta\/278693\/","name":"Ultimi preparativi per la \"Pasqua in citt\u00e0\"","isPartOf":{"@id":"https:\/\/staging.varesenews.it\/#website"},"datePublished":"2005-03-24T00:00:00+00:00","dateModified":"2005-03-24T00:00:00+00:00","author":{"@id":"https:\/\/staging.varesenews.it\/#\/schema\/person\/fb20c4da0b7b16c291707a20db73e169"},"description":"L'iniziativa a cura di Lugano Turismo","breadcrumb":{"@id":"https:\/\/staging.varesenews.it\/2005\/03\/ultimi-preparativi-per-la-pasqua-in-citta\/278693\/#breadcrumb"},"inLanguage":"it-IT","potentialAction":[{"@type":"ReadAction","target":["https:\/\/staging.varesenews.it\/2005\/03\/ultimi-preparativi-per-la-pasqua-in-citta\/278693\/"]}]},{"@type":"BreadcrumbList","@id":"https:\/\/staging.varesenews.it\/2005\/03\/ultimi-preparativi-per-la-pasqua-in-citta\/278693\/#breadcrumb","itemListElement":[{"@type":"ListItem","position":1,"name":"Home","item":"https:\/\/www.varesenews.it\/"},{"@type":"ListItem","position":2,"name":"Ultimi preparativi per la &#8220;Pasqua in citt\u00e0&#8221;"}]},{"@type":"WebSite","@id":"https:\/\/staging.varesenews.it\/#website","url":"https:\/\/staging.varesenews.it\/","name":"VareseNews","description":"","potentialAction":[{"@type":"SearchAction","target":{"@type":"EntryPoint","urlTemplate":"https:\/\/staging.varesenews.it\/?s={search_term_string}"},"query-input":"required name=search_term_string"}],"inLanguage":"it-IT"},{"@type":"Person","@id":"https:\/\/staging.varesenews.it\/#\/schema\/person\/fb20c4da0b7b16c291707a20db73e169","name":"Redazione VareseNews","image":{"@type":"ImageObject","inLanguage":"it-IT","@id":"https:\/\/staging.varesenews.it\/#\/schema\/person\/image\/","url":"https:\/\/staging.varesenews.it\/wp-content\/uploads\/2020\/12\/logo_VN_colori_500.png","contentUrl":"https:\/\/staging.varesenews.it\/wp-content\/uploads\/2020\/12\/logo_VN_colori_500.png","caption":"Redazione VareseNews"},"url":"https:\/\/staging.varesenews.it\/persona\/redazione1\/"}]}},"post_meta":{"id_old":"19260","argomento":"Lugano"},"photos":[],"_links":{"self":[{"href":"https:\/\/staging.varesenews.it\/swgapi\/v1\/wp\/v2\/posts\/278693"}],"collection":[{"href":"https:\/\/staging.varesenews.it\/swgapi\/v1\/wp\/v2\/posts"}],"about":[{"href":"https:\/\/staging.varesenews.it\/swgapi\/v1\/wp\/v2\/types\/post"}],"author":[{"embeddable":true,"href":"https:\/\/staging.varesenews.it\/swgapi\/v1\/wp\/v2\/users\/10"}],"replies":[{"embeddable":true,"href":"https:\/\/staging.varesenews.it\/swgapi\/v1\/wp\/v2\/comments?post=278693"}],"version-history":[{"count":0,"href":"https:\/\/staging.varesenews.it\/swgapi\/v1\/wp\/v2\/posts\/278693\/revisions"}],"wp:attachment":[{"href":"https:\/\/staging.varesenews.it\/swgapi\/v1\/wp\/v2\/media?parent=278693"}],"wp:term":[{"taxonomy":"category","embeddable":true,"href":"https:\/\/staging.varesenews.it\/swgapi\/v1\/wp\/v2\/categories?post=278693"},{"taxonomy":"post_tag","embeddable":true,"href":"https:\/\/staging.varesenews.it\/swgapi\/v1\/wp\/v2\/tags?post=278693"}],"curies":[{"name":"wp","href":"https:\/\/api.w.org\/{rel}","templated":true}]}}