{"id":278950,"date":"2005-03-16T00:00:00","date_gmt":"2005-03-16T00:00:00","guid":{"rendered":""},"modified":"2005-03-16T00:00:00","modified_gmt":"2005-03-16T00:00:00","slug":"in-pedana-a-gazzada-sognando-di-ripetere-le-gesta-di-montano","status":"publish","type":"post","link":"https:\/\/staging.varesenews.it\/2005\/03\/in-pedana-a-gazzada-sognando-di-ripetere-le-gesta-di-montano\/278950\/","title":{"rendered":"In pedana a Gazzada sognando di ripetere le gesta di Montano"},"content":{"rendered":"<p class=\"MsoNormal\" style=\"MARGIN: 0cm 0cm 0pt\"><span style=\"FONT-FAMILY: Arial\">La palestra dell\u2019Itic Keynes di Gazzada si vestir\u00e0 a festa nel prossimo week end: sul terreno di gioco troveranno spazio nove pedane di scherma che accoglieranno <strong>280 sciabolatori provenienti da tutta Italia.<\/strong> La nostra provincia si prepara ad ospitare la seconda prova del <strong>Torneo Nazionale maschile e femminile under 14,<\/strong> un appuntamento secondo solo ai Campionati assoluti di Rimini, per i quali la gara varesina serve da qualificazione.<br \/><img loading=\"lazy\" decoding=\"async\" height=\"229\" hspace=\"3\" src=\"https:\/\/www3.varesenews.it\/immagini_articoli\/200503\/Dirigenti-scherma.JPG\" width=\"278\" align=\"left\" vspace=\"3\" border=\"1\" \/><\/span><span style=\"FONT-FAMILY: Arial\">L\u2019organizzazione dell\u2019evento, presentato questa mattina presso la sala dei trofei di Villa Recalcati alla presenza dell&#8217;assessore Specchiarelli, \u00e8 affidata alla <strong>Societ\u00e0 Varesina di Ginnastica e Scherma, il club che si occupa da ben 126 anni<\/strong> di formare schermidori nella Citt\u00e0 Giardino. \u00c8 toccato proprio alla presidente della sezione scherma, <strong>Anna Molina Cerra<\/strong>, presentare la due giorni di Gazzada: \u00abLa nostra societ\u00e0 \u00e8 chiamata per la terza volta ad allestire un torneo di livello nazionale, un riconoscimento della Federazione al lavoro del nostro staff. La \u201cVaresina\u201d sta crescendo sia a livello organizzativo sia a livello di iscritti: stiamo per toccare i 100 tesserati, un numero mai raggiunto a Varese\u00bb.<\/span><\/p>\n<p \/>\n<p class=\"MsoNormal\" style=\"MARGIN: 0cm 0cm 0pt\"><span style=\"FONT-FAMILY: Arial\"><img loading=\"lazy\" decoding=\"async\" style=\"WIDTH: 256px; HEIGHT: 192px\" height=\"192\" hspace=\"3\" src=\"https:\/\/www3.varesenews.it\/immagini_articoli\/200503\/Maestri-scherma.JPG\" width=\"256\" align=\"left\" vspace=\"3\" border=\"1\" \/>Il commento tecnico della manifestazione \u00e8 affidato <strong>al Maestro Antonio Pagano, responsabile, con il proprio vice Simeone Sartorelli <font size=\"2\">(nella foto)<\/font>, della sezione agonistica.<\/strong> \u00abAbbiamo scelto di ospitare un torneo di sciabola perch\u00e9 quest\u2019arma \u00e8 quella che pi\u00f9 si identifica con la nostra societ\u00e0. Varese ha prodotto atleti di grande qualit\u00e0 come <strong>Stefania Passera e Luca Rigamonti<\/strong> che hanno vestito la maglia azzurra: Stefania in particolare ha preso parte a diverse ed importanti prove di Coppa del Mondo. La prova di Gazzada sar\u00e0 un passaggio importante per il movimento schermistico: \u00e8 infatti <strong>probabile la presenza del commissario tecnico dell\u2019Italia, Christian Bauer<\/strong>, che non fa mistero di iniziare a studiare gli atleti a partire dalla categoria allievi\u00bb. <br \/><\/span><span style=\"FONT-FAMILY: Arial\">Bauer \u00e8 il maestro francese che segue da tempo l\u2019olimpionico Aldo Montano e la squadra di sciabola che ad Atene 2004 ha conquistato l\u2019argento. \u00abPer la Varesina \u2013 prosegue Pagano &#8211; l\u2019appuntamento di Gazzada \u00e8 importante anche sotto il profilo sportivo: chiuso un quadriennio olimpico ci apprestiamo a creare un nuovo ciclo con atleti che saranno preparati per toccare i migliori livelli\u00bb. Per questo motivo a Gazzada ci sar\u00e0 un premio anche per il varesino che raggiunger\u00e0 il risultato pi\u00f9 prestigioso.<\/span><\/p>\n<p \/>\n<p class=\"MsoNormal\" style=\"MARGIN: 0cm 0cm 0pt\"><span style=\"FONT-FAMILY: Arial\"><img loading=\"lazy\" decoding=\"async\" height=\"159\" hspace=\"3\" src=\"https:\/\/www3.varesenews.it\/immagini_articoli\/200503\/logoscherma.jpg\" width=\"121\" align=\"left\" vspace=\"3\" border=\"1\" \/>Soddisfatto anche il vicepresidente del sodalizio di via Donatello, <strong>Italo Colombo, il maggior artefice del boom di iscrizioni degli ultimi mesi.<\/strong> \u00abPer raggiungere il traguardo dei cento tesserati abbiamo dovuto battere a tappeto scuole e cral aziendali, attivare collaborazioni con gli enti locali, organizzare leve per i ragazzi. Alla fine per\u00f2 i risultati stanno arrivando. Una bella mano ce l\u2019ha data anche <strong>Aldo Montano<\/strong>: le sue vittorie ed i passaggi televisivi hanno creato interesse attorno al mondo della scherma e della sciabola in particolare\u00bb.<\/span><\/p>\n<p \/>\n<p class=\"MsoNormal\" style=\"MARGIN: 0cm 0cm 0pt\"><span style=\"FONT-FAMILY: Arial\"><\/span><\/p>\n<p \/>\n<p class=\"MsoNormal\" style=\"MARGIN: 0cm 0cm 0pt\"><span style=\"FONT-FAMILY: Arial\">Il torneo nazionale di Gazzada si svolger\u00e0 nelle giornate di sabato e domenica. <strong>Sabato<\/strong> saranno di scena alle 9,30 le Allieve (classe 1992\/93), alle 11,30 i Giovanissimi (1994) ed alle 14,30 i Maschietti (1995). <strong>Domenica<\/strong> toccher\u00e0 invece agli Allievi (9,30), alle Giovanissime (12,30) ed infine alle Bambine (15). Teatro della manifestazione sar\u00e0 come detto <strong>l\u2019Itic di Gazzada Schianno, in via per Morazzone 37. <\/strong><\/span><\/p>\n","protected":false},"excerpt":{"rendered":"<p>Sabato e domenica le categorie under 14 saranno impegnate nel Torneo Nazionale di sciabola. Organizza la \u201cVaresina\u201d, 280 atleti presenti. Si aspetta il ct Bauer<\/p>\n","protected":false},"author":10,"featured_media":0,"comment_status":"open","ping_status":"open","sticky":false,"template":"","format":"standard","meta":{"footnotes":""},"categories":[14],"tags":[],"acf":[],"yoast_head":"<!-- This site is optimized with the Yoast SEO plugin v20.1 - https:\/\/yoast.com\/wordpress\/plugins\/seo\/ -->\n<title>In pedana a Gazzada sognando di ripetere le gesta di Montano<\/title>\n<meta name=\"description\" content=\"Sabato e domenica le categorie under 14 saranno impegnate nel Torneo Nazionale di sciabola. Organizza la \u201cVaresina\u201d, 280 atleti presenti. Si aspetta il ct Bauer\" \/>\n<meta name=\"robots\" content=\"noindex, follow, max-snippet:-1, max-image-preview:large, max-video-preview:-1\" \/>\n<meta property=\"og:locale\" content=\"it_IT\" \/>\n<meta property=\"og:type\" content=\"article\" \/>\n<meta property=\"og:title\" content=\"In pedana a Gazzada sognando di ripetere le gesta di Montano\" \/>\n<meta property=\"og:description\" content=\"Sabato e domenica le categorie under 14 saranno impegnate nel Torneo Nazionale di sciabola. Organizza la \u201cVaresina\u201d, 280 atleti presenti. Si aspetta il ct Bauer\" \/>\n<meta property=\"og:url\" content=\"https:\/\/staging.varesenews.it\/2005\/03\/in-pedana-a-gazzada-sognando-di-ripetere-le-gesta-di-montano\/278950\/\" \/>\n<meta property=\"og:site_name\" content=\"VareseNews\" \/>\n<meta property=\"article:publisher\" content=\"https:\/\/www.facebook.com\/varesenews\" \/>\n<meta property=\"article:published_time\" content=\"2005-03-16T00:00:00+00:00\" \/>\n<meta property=\"og:image\" content=\"https:\/\/www3.varesenews.it\/immagini_articoli\/200503\/Dirigenti-scherma.JPG\" \/>\n<meta name=\"author\" content=\"Redazione VareseNews\" \/>\n<meta name=\"twitter:card\" content=\"summary_large_image\" \/>\n<meta name=\"twitter:creator\" content=\"@varesenews\" \/>\n<meta name=\"twitter:site\" content=\"@varesenews\" \/>\n<meta name=\"twitter:label1\" content=\"Scritto da\" \/>\n\t<meta name=\"twitter:data1\" content=\"Redazione VareseNews\" \/>\n\t<meta name=\"twitter:label2\" content=\"Tempo di lettura stimato\" \/>\n\t<meta name=\"twitter:data2\" content=\"3 minuti\" \/>\n<script type=\"application\/ld+json\" class=\"yoast-schema-graph\">{\"@context\":\"https:\/\/schema.org\",\"@graph\":[{\"@type\":\"WebPage\",\"@id\":\"https:\/\/staging.varesenews.it\/2005\/03\/in-pedana-a-gazzada-sognando-di-ripetere-le-gesta-di-montano\/278950\/\",\"url\":\"https:\/\/staging.varesenews.it\/2005\/03\/in-pedana-a-gazzada-sognando-di-ripetere-le-gesta-di-montano\/278950\/\",\"name\":\"In pedana a Gazzada sognando di ripetere le gesta di Montano\",\"isPartOf\":{\"@id\":\"https:\/\/staging.varesenews.it\/#website\"},\"datePublished\":\"2005-03-16T00:00:00+00:00\",\"dateModified\":\"2005-03-16T00:00:00+00:00\",\"author\":{\"@id\":\"https:\/\/staging.varesenews.it\/#\/schema\/person\/fb20c4da0b7b16c291707a20db73e169\"},\"description\":\"Sabato e domenica le categorie under 14 saranno impegnate nel Torneo Nazionale di sciabola. Organizza la \u201cVaresina\u201d, 280 atleti presenti. Si aspetta il ct Bauer\",\"breadcrumb\":{\"@id\":\"https:\/\/staging.varesenews.it\/2005\/03\/in-pedana-a-gazzada-sognando-di-ripetere-le-gesta-di-montano\/278950\/#breadcrumb\"},\"inLanguage\":\"it-IT\",\"potentialAction\":[{\"@type\":\"ReadAction\",\"target\":[\"https:\/\/staging.varesenews.it\/2005\/03\/in-pedana-a-gazzada-sognando-di-ripetere-le-gesta-di-montano\/278950\/\"]}]},{\"@type\":\"BreadcrumbList\",\"@id\":\"https:\/\/staging.varesenews.it\/2005\/03\/in-pedana-a-gazzada-sognando-di-ripetere-le-gesta-di-montano\/278950\/#breadcrumb\",\"itemListElement\":[{\"@type\":\"ListItem\",\"position\":1,\"name\":\"Home\",\"item\":\"https:\/\/www.varesenews.it\/\"},{\"@type\":\"ListItem\",\"position\":2,\"name\":\"In pedana a Gazzada sognando di ripetere le gesta di Montano\"}]},{\"@type\":\"WebSite\",\"@id\":\"https:\/\/staging.varesenews.it\/#website\",\"url\":\"https:\/\/staging.varesenews.it\/\",\"name\":\"VareseNews\",\"description\":\"\",\"potentialAction\":[{\"@type\":\"SearchAction\",\"target\":{\"@type\":\"EntryPoint\",\"urlTemplate\":\"https:\/\/staging.varesenews.it\/?s={search_term_string}\"},\"query-input\":\"required name=search_term_string\"}],\"inLanguage\":\"it-IT\"},{\"@type\":\"Person\",\"@id\":\"https:\/\/staging.varesenews.it\/#\/schema\/person\/fb20c4da0b7b16c291707a20db73e169\",\"name\":\"Redazione VareseNews\",\"image\":{\"@type\":\"ImageObject\",\"inLanguage\":\"it-IT\",\"@id\":\"https:\/\/staging.varesenews.it\/#\/schema\/person\/image\/\",\"url\":\"https:\/\/staging.varesenews.it\/wp-content\/uploads\/2020\/12\/logo_VN_colori_500.png\",\"contentUrl\":\"https:\/\/staging.varesenews.it\/wp-content\/uploads\/2020\/12\/logo_VN_colori_500.png\",\"caption\":\"Redazione VareseNews\"},\"url\":\"https:\/\/staging.varesenews.it\/persona\/redazione1\/\"}]}<\/script>\n<!-- \/ Yoast SEO plugin. -->","yoast_head_json":{"title":"In pedana a Gazzada sognando di ripetere le gesta di Montano","description":"Sabato e domenica le categorie under 14 saranno impegnate nel Torneo Nazionale di sciabola. Organizza la \u201cVaresina\u201d, 280 atleti presenti. Si aspetta il ct Bauer","robots":{"index":"noindex","follow":"follow","max-snippet":"max-snippet:-1","max-image-preview":"max-image-preview:large","max-video-preview":"max-video-preview:-1"},"og_locale":"it_IT","og_type":"article","og_title":"In pedana a Gazzada sognando di ripetere le gesta di Montano","og_description":"Sabato e domenica le categorie under 14 saranno impegnate nel Torneo Nazionale di sciabola. Organizza la \u201cVaresina\u201d, 280 atleti presenti. Si aspetta il ct Bauer","og_url":"https:\/\/staging.varesenews.it\/2005\/03\/in-pedana-a-gazzada-sognando-di-ripetere-le-gesta-di-montano\/278950\/","og_site_name":"VareseNews","article_publisher":"https:\/\/www.facebook.com\/varesenews","article_published_time":"2005-03-16T00:00:00+00:00","og_image":[{"url":"https:\/\/www3.varesenews.it\/immagini_articoli\/200503\/Dirigenti-scherma.JPG"}],"author":"Redazione VareseNews","twitter_card":"summary_large_image","twitter_creator":"@varesenews","twitter_site":"@varesenews","twitter_misc":{"Scritto da":"Redazione VareseNews","Tempo di lettura stimato":"3 minuti"},"schema":{"@context":"https:\/\/schema.org","@graph":[{"@type":"WebPage","@id":"https:\/\/staging.varesenews.it\/2005\/03\/in-pedana-a-gazzada-sognando-di-ripetere-le-gesta-di-montano\/278950\/","url":"https:\/\/staging.varesenews.it\/2005\/03\/in-pedana-a-gazzada-sognando-di-ripetere-le-gesta-di-montano\/278950\/","name":"In pedana a Gazzada sognando di ripetere le gesta di Montano","isPartOf":{"@id":"https:\/\/staging.varesenews.it\/#website"},"datePublished":"2005-03-16T00:00:00+00:00","dateModified":"2005-03-16T00:00:00+00:00","author":{"@id":"https:\/\/staging.varesenews.it\/#\/schema\/person\/fb20c4da0b7b16c291707a20db73e169"},"description":"Sabato e domenica le categorie under 14 saranno impegnate nel Torneo Nazionale di sciabola. Organizza la \u201cVaresina\u201d, 280 atleti presenti. Si aspetta il ct Bauer","breadcrumb":{"@id":"https:\/\/staging.varesenews.it\/2005\/03\/in-pedana-a-gazzada-sognando-di-ripetere-le-gesta-di-montano\/278950\/#breadcrumb"},"inLanguage":"it-IT","potentialAction":[{"@type":"ReadAction","target":["https:\/\/staging.varesenews.it\/2005\/03\/in-pedana-a-gazzada-sognando-di-ripetere-le-gesta-di-montano\/278950\/"]}]},{"@type":"BreadcrumbList","@id":"https:\/\/staging.varesenews.it\/2005\/03\/in-pedana-a-gazzada-sognando-di-ripetere-le-gesta-di-montano\/278950\/#breadcrumb","itemListElement":[{"@type":"ListItem","position":1,"name":"Home","item":"https:\/\/www.varesenews.it\/"},{"@type":"ListItem","position":2,"name":"In pedana a Gazzada sognando di ripetere le gesta di Montano"}]},{"@type":"WebSite","@id":"https:\/\/staging.varesenews.it\/#website","url":"https:\/\/staging.varesenews.it\/","name":"VareseNews","description":"","potentialAction":[{"@type":"SearchAction","target":{"@type":"EntryPoint","urlTemplate":"https:\/\/staging.varesenews.it\/?s={search_term_string}"},"query-input":"required name=search_term_string"}],"inLanguage":"it-IT"},{"@type":"Person","@id":"https:\/\/staging.varesenews.it\/#\/schema\/person\/fb20c4da0b7b16c291707a20db73e169","name":"Redazione VareseNews","image":{"@type":"ImageObject","inLanguage":"it-IT","@id":"https:\/\/staging.varesenews.it\/#\/schema\/person\/image\/","url":"https:\/\/staging.varesenews.it\/wp-content\/uploads\/2020\/12\/logo_VN_colori_500.png","contentUrl":"https:\/\/staging.varesenews.it\/wp-content\/uploads\/2020\/12\/logo_VN_colori_500.png","caption":"Redazione VareseNews"},"url":"https:\/\/staging.varesenews.it\/persona\/redazione1\/"}]}},"post_meta":{"id_old":"18893","argomento":"Scherma","autore_old":"Damiano Franzetti"},"photos":[],"_links":{"self":[{"href":"https:\/\/staging.varesenews.it\/swgapi\/v1\/wp\/v2\/posts\/278950"}],"collection":[{"href":"https:\/\/staging.varesenews.it\/swgapi\/v1\/wp\/v2\/posts"}],"about":[{"href":"https:\/\/staging.varesenews.it\/swgapi\/v1\/wp\/v2\/types\/post"}],"author":[{"embeddable":true,"href":"https:\/\/staging.varesenews.it\/swgapi\/v1\/wp\/v2\/users\/10"}],"replies":[{"embeddable":true,"href":"https:\/\/staging.varesenews.it\/swgapi\/v1\/wp\/v2\/comments?post=278950"}],"version-history":[{"count":0,"href":"https:\/\/staging.varesenews.it\/swgapi\/v1\/wp\/v2\/posts\/278950\/revisions"}],"wp:attachment":[{"href":"https:\/\/staging.varesenews.it\/swgapi\/v1\/wp\/v2\/media?parent=278950"}],"wp:term":[{"taxonomy":"category","embeddable":true,"href":"https:\/\/staging.varesenews.it\/swgapi\/v1\/wp\/v2\/categories?post=278950"},{"taxonomy":"post_tag","embeddable":true,"href":"https:\/\/staging.varesenews.it\/swgapi\/v1\/wp\/v2\/tags?post=278950"}],"curies":[{"name":"wp","href":"https:\/\/api.w.org\/{rel}","templated":true}]}}