{"id":279025,"date":"2005-03-14T00:00:00","date_gmt":"2005-03-14T00:00:00","guid":{"rendered":""},"modified":"2005-03-14T00:00:00","modified_gmt":"2005-03-14T00:00:00","slug":"quattro-condanne-per-la-strage-di-linate","status":"publish","type":"post","link":"https:\/\/staging.varesenews.it\/2005\/03\/quattro-condanne-per-la-strage-di-linate\/279025\/","title":{"rendered":"Quattro condanne per la strage di Linate"},"content":{"rendered":"<p>Quattro condanne e tre assoluzioni. Questo il verdetto emesso oggi dal Tribunale di Milano in relazione al processo per la strage di Linate, l&#8217;incidente aereo avvenuto sulla pista dell&#8217;aeroporto milanese nell&#8217;ottobre 2001 che cost\u00f2 la vita a 118 persone.<\/p>\n<p>La pena pi\u00f9 pesante \u00e8 stata comminata al direttore dell&#8217;Enav Fabio Marzocca che dovr\u00e0 scontare 4 anni e 4 mesi. Condannati anche altri tre dipendenti dell&#8217;Enav: Raffaele Perrone, Nazzareno Patrizi (3 anni e 10 mesi per entrambe) e Santino Ciarniello (3 anni e 4 mesi). Assolti invece per il comma che ha sostituito la vecchia &quot;insufficienza di prove&quot; due funzionari della Sea ed uno dell&#8217;Enav.<\/p>\n<p>Nel processo principale per il disastro erano gi\u00e0 stati condannati il controllore di volo Paolo Zacchetti, l&#8217;ex ad di Enav Sandro Gualano, il responsabile Enac di Milano Francesco Federico ed il direttore di Linate Vincenzo Fusco. Per questi quattro imputati le pene sono state pi\u00f9 pesanti, dagli otto anni ai sei anni e sei mesi.<\/p>\n<p>La sentenza \u00e8 stata accolta con una certa amarezza dai parenti delle vittime, riuniti in un comitato, e da Pasquale Padovano, l&#8217;unico sopravvissuto che sub\u00ec gravi ustioni nel rogo dell&#8217;hangar in cui si trovava.<\/p>\n","protected":false},"excerpt":{"rendered":"<p>Tre le persone assolte. Amarezza tra i familiari delle 118 vittime<\/p>\n","protected":false},"author":10,"featured_media":0,"comment_status":"open","ping_status":"open","sticky":false,"template":"","format":"standard","meta":{"footnotes":""},"categories":[7],"tags":[],"acf":[],"yoast_head":"<!-- This site is optimized with the Yoast SEO plugin v20.1 - https:\/\/yoast.com\/wordpress\/plugins\/seo\/ -->\n<title>Quattro condanne per la strage di Linate<\/title>\n<meta name=\"description\" content=\"Tre le persone assolte. Amarezza tra i familiari delle 118 vittime\" \/>\n<meta name=\"robots\" content=\"noindex, follow, max-snippet:-1, max-image-preview:large, max-video-preview:-1\" \/>\n<meta property=\"og:locale\" content=\"it_IT\" \/>\n<meta property=\"og:type\" content=\"article\" \/>\n<meta property=\"og:title\" content=\"Quattro condanne per la strage di Linate\" \/>\n<meta property=\"og:description\" content=\"Tre le persone assolte. Amarezza tra i familiari delle 118 vittime\" \/>\n<meta property=\"og:url\" content=\"https:\/\/staging.varesenews.it\/2005\/03\/quattro-condanne-per-la-strage-di-linate\/279025\/\" \/>\n<meta property=\"og:site_name\" content=\"VareseNews\" \/>\n<meta property=\"article:publisher\" content=\"https:\/\/www.facebook.com\/varesenews\" \/>\n<meta property=\"article:published_time\" content=\"2005-03-14T00:00:00+00:00\" \/>\n<meta name=\"author\" content=\"Redazione VareseNews\" \/>\n<meta name=\"twitter:card\" content=\"summary_large_image\" \/>\n<meta name=\"twitter:creator\" content=\"@varesenews\" \/>\n<meta name=\"twitter:site\" content=\"@varesenews\" \/>\n<meta name=\"twitter:label1\" content=\"Scritto da\" \/>\n\t<meta name=\"twitter:data1\" content=\"Redazione VareseNews\" \/>\n\t<meta name=\"twitter:label2\" content=\"Tempo di lettura stimato\" \/>\n\t<meta name=\"twitter:data2\" content=\"1 minuto\" \/>\n<script type=\"application\/ld+json\" class=\"yoast-schema-graph\">{\"@context\":\"https:\/\/schema.org\",\"@graph\":[{\"@type\":\"WebPage\",\"@id\":\"https:\/\/staging.varesenews.it\/2005\/03\/quattro-condanne-per-la-strage-di-linate\/279025\/\",\"url\":\"https:\/\/staging.varesenews.it\/2005\/03\/quattro-condanne-per-la-strage-di-linate\/279025\/\",\"name\":\"Quattro condanne per la strage di Linate\",\"isPartOf\":{\"@id\":\"https:\/\/staging.varesenews.it\/#website\"},\"datePublished\":\"2005-03-14T00:00:00+00:00\",\"dateModified\":\"2005-03-14T00:00:00+00:00\",\"author\":{\"@id\":\"https:\/\/staging.varesenews.it\/#\/schema\/person\/fb20c4da0b7b16c291707a20db73e169\"},\"description\":\"Tre le persone assolte. Amarezza tra i familiari delle 118 vittime\",\"breadcrumb\":{\"@id\":\"https:\/\/staging.varesenews.it\/2005\/03\/quattro-condanne-per-la-strage-di-linate\/279025\/#breadcrumb\"},\"inLanguage\":\"it-IT\",\"potentialAction\":[{\"@type\":\"ReadAction\",\"target\":[\"https:\/\/staging.varesenews.it\/2005\/03\/quattro-condanne-per-la-strage-di-linate\/279025\/\"]}]},{\"@type\":\"BreadcrumbList\",\"@id\":\"https:\/\/staging.varesenews.it\/2005\/03\/quattro-condanne-per-la-strage-di-linate\/279025\/#breadcrumb\",\"itemListElement\":[{\"@type\":\"ListItem\",\"position\":1,\"name\":\"Home\",\"item\":\"https:\/\/www.varesenews.it\/\"},{\"@type\":\"ListItem\",\"position\":2,\"name\":\"Quattro condanne per la strage di Linate\"}]},{\"@type\":\"WebSite\",\"@id\":\"https:\/\/staging.varesenews.it\/#website\",\"url\":\"https:\/\/staging.varesenews.it\/\",\"name\":\"VareseNews\",\"description\":\"\",\"potentialAction\":[{\"@type\":\"SearchAction\",\"target\":{\"@type\":\"EntryPoint\",\"urlTemplate\":\"https:\/\/staging.varesenews.it\/?s={search_term_string}\"},\"query-input\":\"required name=search_term_string\"}],\"inLanguage\":\"it-IT\"},{\"@type\":\"Person\",\"@id\":\"https:\/\/staging.varesenews.it\/#\/schema\/person\/fb20c4da0b7b16c291707a20db73e169\",\"name\":\"Redazione VareseNews\",\"image\":{\"@type\":\"ImageObject\",\"inLanguage\":\"it-IT\",\"@id\":\"https:\/\/staging.varesenews.it\/#\/schema\/person\/image\/\",\"url\":\"https:\/\/staging.varesenews.it\/wp-content\/uploads\/2020\/12\/logo_VN_colori_500.png\",\"contentUrl\":\"https:\/\/staging.varesenews.it\/wp-content\/uploads\/2020\/12\/logo_VN_colori_500.png\",\"caption\":\"Redazione VareseNews\"},\"url\":\"https:\/\/staging.varesenews.it\/persona\/redazione1\/\"}]}<\/script>\n<!-- \/ Yoast SEO plugin. -->","yoast_head_json":{"title":"Quattro condanne per la strage di Linate","description":"Tre le persone assolte. Amarezza tra i familiari delle 118 vittime","robots":{"index":"noindex","follow":"follow","max-snippet":"max-snippet:-1","max-image-preview":"max-image-preview:large","max-video-preview":"max-video-preview:-1"},"og_locale":"it_IT","og_type":"article","og_title":"Quattro condanne per la strage di Linate","og_description":"Tre le persone assolte. Amarezza tra i familiari delle 118 vittime","og_url":"https:\/\/staging.varesenews.it\/2005\/03\/quattro-condanne-per-la-strage-di-linate\/279025\/","og_site_name":"VareseNews","article_publisher":"https:\/\/www.facebook.com\/varesenews","article_published_time":"2005-03-14T00:00:00+00:00","author":"Redazione VareseNews","twitter_card":"summary_large_image","twitter_creator":"@varesenews","twitter_site":"@varesenews","twitter_misc":{"Scritto da":"Redazione VareseNews","Tempo di lettura stimato":"1 minuto"},"schema":{"@context":"https:\/\/schema.org","@graph":[{"@type":"WebPage","@id":"https:\/\/staging.varesenews.it\/2005\/03\/quattro-condanne-per-la-strage-di-linate\/279025\/","url":"https:\/\/staging.varesenews.it\/2005\/03\/quattro-condanne-per-la-strage-di-linate\/279025\/","name":"Quattro condanne per la strage di Linate","isPartOf":{"@id":"https:\/\/staging.varesenews.it\/#website"},"datePublished":"2005-03-14T00:00:00+00:00","dateModified":"2005-03-14T00:00:00+00:00","author":{"@id":"https:\/\/staging.varesenews.it\/#\/schema\/person\/fb20c4da0b7b16c291707a20db73e169"},"description":"Tre le persone assolte. Amarezza tra i familiari delle 118 vittime","breadcrumb":{"@id":"https:\/\/staging.varesenews.it\/2005\/03\/quattro-condanne-per-la-strage-di-linate\/279025\/#breadcrumb"},"inLanguage":"it-IT","potentialAction":[{"@type":"ReadAction","target":["https:\/\/staging.varesenews.it\/2005\/03\/quattro-condanne-per-la-strage-di-linate\/279025\/"]}]},{"@type":"BreadcrumbList","@id":"https:\/\/staging.varesenews.it\/2005\/03\/quattro-condanne-per-la-strage-di-linate\/279025\/#breadcrumb","itemListElement":[{"@type":"ListItem","position":1,"name":"Home","item":"https:\/\/www.varesenews.it\/"},{"@type":"ListItem","position":2,"name":"Quattro condanne per la strage di Linate"}]},{"@type":"WebSite","@id":"https:\/\/staging.varesenews.it\/#website","url":"https:\/\/staging.varesenews.it\/","name":"VareseNews","description":"","potentialAction":[{"@type":"SearchAction","target":{"@type":"EntryPoint","urlTemplate":"https:\/\/staging.varesenews.it\/?s={search_term_string}"},"query-input":"required name=search_term_string"}],"inLanguage":"it-IT"},{"@type":"Person","@id":"https:\/\/staging.varesenews.it\/#\/schema\/person\/fb20c4da0b7b16c291707a20db73e169","name":"Redazione VareseNews","image":{"@type":"ImageObject","inLanguage":"it-IT","@id":"https:\/\/staging.varesenews.it\/#\/schema\/person\/image\/","url":"https:\/\/staging.varesenews.it\/wp-content\/uploads\/2020\/12\/logo_VN_colori_500.png","contentUrl":"https:\/\/staging.varesenews.it\/wp-content\/uploads\/2020\/12\/logo_VN_colori_500.png","caption":"Redazione VareseNews"},"url":"https:\/\/staging.varesenews.it\/persona\/redazione1\/"}]}},"post_meta":{"id_old":"18793","argomento":"Milano"},"photos":[],"_links":{"self":[{"href":"https:\/\/staging.varesenews.it\/swgapi\/v1\/wp\/v2\/posts\/279025"}],"collection":[{"href":"https:\/\/staging.varesenews.it\/swgapi\/v1\/wp\/v2\/posts"}],"about":[{"href":"https:\/\/staging.varesenews.it\/swgapi\/v1\/wp\/v2\/types\/post"}],"author":[{"embeddable":true,"href":"https:\/\/staging.varesenews.it\/swgapi\/v1\/wp\/v2\/users\/10"}],"replies":[{"embeddable":true,"href":"https:\/\/staging.varesenews.it\/swgapi\/v1\/wp\/v2\/comments?post=279025"}],"version-history":[{"count":0,"href":"https:\/\/staging.varesenews.it\/swgapi\/v1\/wp\/v2\/posts\/279025\/revisions"}],"wp:attachment":[{"href":"https:\/\/staging.varesenews.it\/swgapi\/v1\/wp\/v2\/media?parent=279025"}],"wp:term":[{"taxonomy":"category","embeddable":true,"href":"https:\/\/staging.varesenews.it\/swgapi\/v1\/wp\/v2\/categories?post=279025"},{"taxonomy":"post_tag","embeddable":true,"href":"https:\/\/staging.varesenews.it\/swgapi\/v1\/wp\/v2\/tags?post=279025"}],"curies":[{"name":"wp","href":"https:\/\/api.w.org\/{rel}","templated":true}]}}