{"id":280394,"date":"2005-02-03T00:00:00","date_gmt":"2005-02-03T00:00:00","guid":{"rendered":""},"modified":"2005-02-03T00:00:00","modified_gmt":"2005-02-03T00:00:00","slug":"povera-varese","status":"publish","type":"post","link":"https:\/\/staging.varesenews.it\/2005\/02\/povera-varese\/280394\/","title":{"rendered":"Povera Varese"},"content":{"rendered":"<p>Da Palazzo Estense, con le sue appendici in questi giorni anche negli States, suonano ormai sempre un disco rotto.<br \/>\nAppena le opposizioni osano contestare qualcosa ecco il solito ritornello: la sinistra sa fare solo propaganda.<br \/>\nI fatti sono sotto gli occhi di tutti ed hanno cos\u00ec da raccontarla il sindaco e il suo fido Nicoletti che le cose non stanno cos\u00ec.<br \/>\nIl Consiglio Comunale \u00e8 bloccato da mesi. Il suo Presidente deve continuamente correre ai ripari per salvare l&#8217;immagine di un&#8217;istituzione importante che non riesce pi\u00f9 a decidere niente. La Giunta e le commissioni sono disertate dal partito di maggioranza relativa il cui coordinatore cittadino non fa pi\u00f9 mistero a nessuno per gli imbarazzi a restare in una amministrazione in cui si salva si e no il lavoro di pochi. Non parliamo poi della &#8220;macchina&#8221; comunale, ovvero di tanti dirigenti e semplici impiegati. Mortificati e costretti a girandole oscene di cui l&#8217;epilogo della direzione dei musei \u00e8 solo un piccolo esempio.<br \/>\nDa tempo insistiamo nel chiedere conto delle cose fatte e dei veri progetti in cantiere e per tutta risposta riceviamo solo insulti. Intanto la citt\u00e0 perde peso, identit\u00e0 e resta immobilizzata.<br \/>\nAlcuni consiglieri comunali si sono solo permessi di chiedere conto di questa situazione. Si parla di 60mila euro di spese per missioni all&#8217;estero. Non bastano i gemellaggi tanto osannati dal Sindaco per giustificare questa presunta fitta attivit\u00e0 diplomatica. Non bastano perch\u00e9 vanno ad aggiungersi alla lista delle promesse non dei progetti. E Varese non si merita una fine cos\u00ec.<br \/>\nNon se la merita, forse, neppure chi si \u00e8 tanto battuto contro &#8220;Roma ladrona&#8221;. Ora, in virt\u00f9 di un patto scellerato siglato proprio in quella citt\u00e0, o magari in un paese della Brianza, ma fa lo stesso, la citt\u00e0 \u00e8 imbavagliata e ibernata. Una situazione che non \u00e8 pi\u00f9 accettabile.<br \/>\nIl Varesotto e non appena la &#8220;citt\u00e0 giardino&#8221; devono avere nel proprio capoluogo il centro delle attivit\u00e0 e dei progetti per il futuro. Lo impongono i tempi. Le necessit\u00e0 delle imprese che, per restare attive e vedere uno sviluppo possibile, hanno bisogno di un interlocutore attento e non un&#8217;amministrazione che sa fare solo rotonde e promettere parcheggi irrealizzabili e senza alcun piano. I commercianti non ritrovano energia e forza dai soli marmi nelle piazze. E i cittadini si vedono sempre pi\u00f9 estranei in una citt\u00e0 che non \u00e8 capace neppure di far funzionare una funicolare.<br \/>\nQuesto \u00e8 lo stato delle cose. Altro che fare propaganda. Si bandisce (magari a ragione) il lavoro dell&#8217;Anas e poi con 5 centimetri di neve la citt\u00e0 va in tilt.<br \/>\nMa ora non serve continuare una lista della spesa dei problemi.<br \/>\nDi fronte a tale situazione i partiti, soprattutto quelli di governo, dovrebbero trovare l&#8217;orgoglio e la forza di slegarsi e di dire un secco basta a questo stato di cose. Tra due anni potrebbe essere tardi, soprattutto per loro, quando dovranno spiegare agli elettori da chi \u00e8 dipeso l&#8217;arretramento e da chi dipender\u00e0 davvero il futuro di una delle citt\u00e0 che era tra le pi\u00f9 ricche e prestigiose d&#8217;Italia.<\/p>\n","protected":false},"excerpt":{"rendered":"<p>Da Palazzo Estense, con le sue appendici in questi giorni anche negli States, suonano ormai sempre un disco rotto. Appena<\/p>\n","protected":false},"author":10,"featured_media":0,"comment_status":"open","ping_status":"open","sticky":false,"template":"","format":"standard","meta":{"footnotes":""},"categories":[60],"tags":[],"acf":[],"yoast_head":"<!-- This site is optimized with the Yoast SEO plugin v20.1 - https:\/\/yoast.com\/wordpress\/plugins\/seo\/ -->\n<title>Povera Varese<\/title>\n<meta name=\"description\" content=\"Da Palazzo Estense, con le sue appendici in questi giorni anche negli States, suonano ormai sempre un disco rotto. Appena le opposizioni osano contestare\" \/>\n<meta name=\"robots\" content=\"noindex, follow, max-snippet:-1, max-image-preview:large, max-video-preview:-1\" \/>\n<meta property=\"og:locale\" content=\"it_IT\" \/>\n<meta property=\"og:type\" content=\"article\" \/>\n<meta property=\"og:title\" content=\"Povera Varese\" \/>\n<meta property=\"og:description\" content=\"Da Palazzo Estense, con le sue appendici in questi giorni anche negli States, suonano ormai sempre un disco rotto. Appena le opposizioni osano contestare\" \/>\n<meta property=\"og:url\" content=\"https:\/\/staging.varesenews.it\/2005\/02\/povera-varese\/280394\/\" \/>\n<meta property=\"og:site_name\" content=\"VareseNews\" \/>\n<meta property=\"article:publisher\" content=\"https:\/\/www.facebook.com\/varesenews\" \/>\n<meta property=\"article:published_time\" content=\"2005-02-03T00:00:00+00:00\" \/>\n<meta name=\"author\" content=\"Redazione VareseNews\" \/>\n<meta name=\"twitter:card\" content=\"summary_large_image\" \/>\n<meta name=\"twitter:creator\" content=\"@varesenews\" \/>\n<meta name=\"twitter:site\" content=\"@varesenews\" \/>\n<meta name=\"twitter:label1\" content=\"Scritto da\" \/>\n\t<meta name=\"twitter:data1\" content=\"Redazione VareseNews\" \/>\n\t<meta name=\"twitter:label2\" content=\"Tempo di lettura stimato\" \/>\n\t<meta name=\"twitter:data2\" content=\"2 minuti\" \/>\n<script type=\"application\/ld+json\" class=\"yoast-schema-graph\">{\"@context\":\"https:\/\/schema.org\",\"@graph\":[{\"@type\":\"WebPage\",\"@id\":\"https:\/\/staging.varesenews.it\/2005\/02\/povera-varese\/280394\/\",\"url\":\"https:\/\/staging.varesenews.it\/2005\/02\/povera-varese\/280394\/\",\"name\":\"Povera Varese\",\"isPartOf\":{\"@id\":\"https:\/\/staging.varesenews.it\/#website\"},\"datePublished\":\"2005-02-03T00:00:00+00:00\",\"dateModified\":\"2005-02-03T00:00:00+00:00\",\"author\":{\"@id\":\"https:\/\/staging.varesenews.it\/#\/schema\/person\/fb20c4da0b7b16c291707a20db73e169\"},\"description\":\"Da Palazzo Estense, con le sue appendici in questi giorni anche negli States, suonano ormai sempre un disco rotto. Appena le opposizioni osano contestare\",\"breadcrumb\":{\"@id\":\"https:\/\/staging.varesenews.it\/2005\/02\/povera-varese\/280394\/#breadcrumb\"},\"inLanguage\":\"it-IT\",\"potentialAction\":[{\"@type\":\"ReadAction\",\"target\":[\"https:\/\/staging.varesenews.it\/2005\/02\/povera-varese\/280394\/\"]}]},{\"@type\":\"BreadcrumbList\",\"@id\":\"https:\/\/staging.varesenews.it\/2005\/02\/povera-varese\/280394\/#breadcrumb\",\"itemListElement\":[{\"@type\":\"ListItem\",\"position\":1,\"name\":\"Home\",\"item\":\"https:\/\/www.varesenews.it\/\"},{\"@type\":\"ListItem\",\"position\":2,\"name\":\"Povera Varese\"}]},{\"@type\":\"WebSite\",\"@id\":\"https:\/\/staging.varesenews.it\/#website\",\"url\":\"https:\/\/staging.varesenews.it\/\",\"name\":\"VareseNews\",\"description\":\"\",\"potentialAction\":[{\"@type\":\"SearchAction\",\"target\":{\"@type\":\"EntryPoint\",\"urlTemplate\":\"https:\/\/staging.varesenews.it\/?s={search_term_string}\"},\"query-input\":\"required name=search_term_string\"}],\"inLanguage\":\"it-IT\"},{\"@type\":\"Person\",\"@id\":\"https:\/\/staging.varesenews.it\/#\/schema\/person\/fb20c4da0b7b16c291707a20db73e169\",\"name\":\"Redazione VareseNews\",\"image\":{\"@type\":\"ImageObject\",\"inLanguage\":\"it-IT\",\"@id\":\"https:\/\/staging.varesenews.it\/#\/schema\/person\/image\/\",\"url\":\"https:\/\/staging.varesenews.it\/wp-content\/uploads\/2020\/12\/logo_VN_colori_500.png\",\"contentUrl\":\"https:\/\/staging.varesenews.it\/wp-content\/uploads\/2020\/12\/logo_VN_colori_500.png\",\"caption\":\"Redazione VareseNews\"},\"url\":\"https:\/\/staging.varesenews.it\/persona\/redazione1\/\"}]}<\/script>\n<!-- \/ Yoast SEO plugin. -->","yoast_head_json":{"title":"Povera Varese","description":"Da Palazzo Estense, con le sue appendici in questi giorni anche negli States, suonano ormai sempre un disco rotto. Appena le opposizioni osano contestare","robots":{"index":"noindex","follow":"follow","max-snippet":"max-snippet:-1","max-image-preview":"max-image-preview:large","max-video-preview":"max-video-preview:-1"},"og_locale":"it_IT","og_type":"article","og_title":"Povera Varese","og_description":"Da Palazzo Estense, con le sue appendici in questi giorni anche negli States, suonano ormai sempre un disco rotto. Appena le opposizioni osano contestare","og_url":"https:\/\/staging.varesenews.it\/2005\/02\/povera-varese\/280394\/","og_site_name":"VareseNews","article_publisher":"https:\/\/www.facebook.com\/varesenews","article_published_time":"2005-02-03T00:00:00+00:00","author":"Redazione VareseNews","twitter_card":"summary_large_image","twitter_creator":"@varesenews","twitter_site":"@varesenews","twitter_misc":{"Scritto da":"Redazione VareseNews","Tempo di lettura stimato":"2 minuti"},"schema":{"@context":"https:\/\/schema.org","@graph":[{"@type":"WebPage","@id":"https:\/\/staging.varesenews.it\/2005\/02\/povera-varese\/280394\/","url":"https:\/\/staging.varesenews.it\/2005\/02\/povera-varese\/280394\/","name":"Povera Varese","isPartOf":{"@id":"https:\/\/staging.varesenews.it\/#website"},"datePublished":"2005-02-03T00:00:00+00:00","dateModified":"2005-02-03T00:00:00+00:00","author":{"@id":"https:\/\/staging.varesenews.it\/#\/schema\/person\/fb20c4da0b7b16c291707a20db73e169"},"description":"Da Palazzo Estense, con le sue appendici in questi giorni anche negli States, suonano ormai sempre un disco rotto. Appena le opposizioni osano contestare","breadcrumb":{"@id":"https:\/\/staging.varesenews.it\/2005\/02\/povera-varese\/280394\/#breadcrumb"},"inLanguage":"it-IT","potentialAction":[{"@type":"ReadAction","target":["https:\/\/staging.varesenews.it\/2005\/02\/povera-varese\/280394\/"]}]},{"@type":"BreadcrumbList","@id":"https:\/\/staging.varesenews.it\/2005\/02\/povera-varese\/280394\/#breadcrumb","itemListElement":[{"@type":"ListItem","position":1,"name":"Home","item":"https:\/\/www.varesenews.it\/"},{"@type":"ListItem","position":2,"name":"Povera Varese"}]},{"@type":"WebSite","@id":"https:\/\/staging.varesenews.it\/#website","url":"https:\/\/staging.varesenews.it\/","name":"VareseNews","description":"","potentialAction":[{"@type":"SearchAction","target":{"@type":"EntryPoint","urlTemplate":"https:\/\/staging.varesenews.it\/?s={search_term_string}"},"query-input":"required name=search_term_string"}],"inLanguage":"it-IT"},{"@type":"Person","@id":"https:\/\/staging.varesenews.it\/#\/schema\/person\/fb20c4da0b7b16c291707a20db73e169","name":"Redazione VareseNews","image":{"@type":"ImageObject","inLanguage":"it-IT","@id":"https:\/\/staging.varesenews.it\/#\/schema\/person\/image\/","url":"https:\/\/staging.varesenews.it\/wp-content\/uploads\/2020\/12\/logo_VN_colori_500.png","contentUrl":"https:\/\/staging.varesenews.it\/wp-content\/uploads\/2020\/12\/logo_VN_colori_500.png","caption":"Redazione VareseNews"},"url":"https:\/\/staging.varesenews.it\/persona\/redazione1\/"}]}},"post_meta":{"id_old":"17047","autore_old":"Marco Giovannelli"},"photos":[],"_links":{"self":[{"href":"https:\/\/staging.varesenews.it\/swgapi\/v1\/wp\/v2\/posts\/280394"}],"collection":[{"href":"https:\/\/staging.varesenews.it\/swgapi\/v1\/wp\/v2\/posts"}],"about":[{"href":"https:\/\/staging.varesenews.it\/swgapi\/v1\/wp\/v2\/types\/post"}],"author":[{"embeddable":true,"href":"https:\/\/staging.varesenews.it\/swgapi\/v1\/wp\/v2\/users\/10"}],"replies":[{"embeddable":true,"href":"https:\/\/staging.varesenews.it\/swgapi\/v1\/wp\/v2\/comments?post=280394"}],"version-history":[{"count":0,"href":"https:\/\/staging.varesenews.it\/swgapi\/v1\/wp\/v2\/posts\/280394\/revisions"}],"wp:attachment":[{"href":"https:\/\/staging.varesenews.it\/swgapi\/v1\/wp\/v2\/media?parent=280394"}],"wp:term":[{"taxonomy":"category","embeddable":true,"href":"https:\/\/staging.varesenews.it\/swgapi\/v1\/wp\/v2\/categories?post=280394"},{"taxonomy":"post_tag","embeddable":true,"href":"https:\/\/staging.varesenews.it\/swgapi\/v1\/wp\/v2\/tags?post=280394"}],"curies":[{"name":"wp","href":"https:\/\/api.w.org\/{rel}","templated":true}]}}