{"id":281541,"date":"2004-12-29T00:00:00","date_gmt":"2004-12-29T00:00:00","guid":{"rendered":""},"modified":"2004-12-29T00:00:00","modified_gmt":"2004-12-29T00:00:00","slug":"che-anche-altri-comuni-rinuncino-ai-festeggiamenti","status":"publish","type":"post","link":"https:\/\/staging.varesenews.it\/2004\/12\/che-anche-altri-comuni-rinuncino-ai-festeggiamenti\/281541\/","title":{"rendered":"\u00abChe anche altri comuni rinuncino ai festeggiamenti\u00bb"},"content":{"rendered":"<p><span style=\"COLOR: black\"><\/p>\n<p class=\"MsoNormal\" style=\"MARGIN: 0cm 0cm 0pt\"><font face=\"arial,helvetica,sans-serif\">\u00abMi auguro che altri comuni intraprendano la stessa strada\u00bb. Il sindaco Pierluigi Gilli rilancia l\u2019iniziativa adottata dal Comune di Saronno, ovvero annullare spettacolo pirotecnico e spettacolo di cabaret in programma nella piazza della citt\u00e0 per l\u2019ultimo dell\u2019anno e devolvere tutto ad associazioni ed enti di soccorso presenti oggi in Asia. Finora il comune di Saronno \u00e8 l\u2019unico ad aver adottato questa soluzione, organizzando sempre per il 31 dicembre, una grande serata di beneficenza. <\/font><font face=\"arial,helvetica,sans-serif\"><\/font><\/p>\n<p \/>\n<p class=\"MsoNormal\" style=\"MARGIN: 0cm 0cm 0pt\"><font face=\"arial,helvetica,sans-serif\">Chiare le motivazioni di Gilli a questa iniziativa: \u00abL&#8217;anno termina in modo impressionante: la catastrofe del Sud Est asiatico ci ha bruscamente riportato alla realt\u00e0. Non si pu\u00f2 rimanere insensibili di fronte alla notizia che quasi 100.000 persone abbiano perso la vita in modo cos\u00ec repentino e traumatico; \u00e8 una tragedia di tutta l&#8217;umanit\u00e0, colpita tra l&#8217;altro &#8211; per la maggior parte &#8211; in persone gi\u00e0 di per s\u00e9 disagiate. Mi \u00e8 sembrato naturale, in questo clima plumbeo, invitare tutti i Saronnesi a privarsi di una festa spensierata per sostituirla con un momento comune di riflessione e di solidariet\u00e0. Non per pietismo, ma per condivisione sincera delle sofferenze di tante persone come noi, che stanno patendo per la perdita dei loro cari e che vedono davanti a s\u00e9 un futuro incerto e difficile\u00bb. <\/font><font face=\"arial,helvetica,sans-serif\"><\/font><\/p>\n<p \/>\n<p class=\"MsoNormal\" style=\"MARGIN: 0cm 0cm 0pt; LINE-HEIGHT: 12pt; mso-layout-grid-align: none\"><span style=\"FONT-SIZE: 12pt; FONT-FAMILY: \"><font face=\"arial,helvetica,sans-serif\">\u00ab\u00c8 in momenti come questi che, tra persone sensate, scatta automaticamente l&#8217;istinto di proteggere e di aiutare \u2013 prosegue il sindaco -. Sono convinto che i Saronnesi, come molte altre volte, risponderanno massicciamente a questo appello di solidariet\u00e0 applicata; come sono pure convinto che l&#8217;accaduto, dalle dimensioni impensabili, abbia saputo trasferire le nostre energie, in particolare quelle di chi si occupa di politica, dalle polemiche infruttuose degli ultimi tempi ad una condivisione di intenti e di finalit\u00e0 umanitarie\u00bb.<\/font><\/span><\/p>\n<p><\/span><\/p>\n","protected":false},"excerpt":{"rendered":"<p>L\u2019appello del sindaco della citt\u00e0 dopo la decisione di devolvere agli aiuti umanitari in Asia quanto sarebbe stato speso per l\u2019ultimo dell\u2019anno<\/p>\n","protected":false},"author":10,"featured_media":0,"comment_status":"open","ping_status":"open","sticky":false,"template":"","format":"standard","meta":{"footnotes":""},"categories":[5],"tags":[],"acf":[],"yoast_head":"<!-- This site is optimized with the Yoast SEO plugin v20.1 - https:\/\/yoast.com\/wordpress\/plugins\/seo\/ -->\n<title>\u00abChe anche altri comuni rinuncino ai festeggiamenti\u00bb<\/title>\n<meta name=\"description\" content=\"L\u2019appello del sindaco della citt\u00e0 dopo la decisione di devolvere agli aiuti umanitari in Asia quanto sarebbe stato speso per l\u2019ultimo dell\u2019anno\" \/>\n<meta name=\"robots\" content=\"noindex, follow, max-snippet:-1, max-image-preview:large, max-video-preview:-1\" \/>\n<meta property=\"og:locale\" content=\"it_IT\" \/>\n<meta property=\"og:type\" content=\"article\" \/>\n<meta property=\"og:title\" content=\"\u00abChe anche altri comuni rinuncino ai festeggiamenti\u00bb\" \/>\n<meta property=\"og:description\" content=\"L\u2019appello del sindaco della citt\u00e0 dopo la decisione di devolvere agli aiuti umanitari in Asia quanto sarebbe stato speso per l\u2019ultimo dell\u2019anno\" \/>\n<meta property=\"og:url\" content=\"https:\/\/staging.varesenews.it\/2004\/12\/che-anche-altri-comuni-rinuncino-ai-festeggiamenti\/281541\/\" \/>\n<meta property=\"og:site_name\" content=\"VareseNews\" \/>\n<meta property=\"article:publisher\" content=\"https:\/\/www.facebook.com\/varesenews\" \/>\n<meta property=\"article:published_time\" content=\"2004-12-29T00:00:00+00:00\" \/>\n<meta name=\"author\" content=\"Redazione VareseNews\" \/>\n<meta name=\"twitter:card\" content=\"summary_large_image\" \/>\n<meta name=\"twitter:creator\" content=\"@varesenews\" \/>\n<meta name=\"twitter:site\" content=\"@varesenews\" \/>\n<meta name=\"twitter:label1\" content=\"Scritto da\" \/>\n\t<meta name=\"twitter:data1\" content=\"Redazione VareseNews\" \/>\n\t<meta name=\"twitter:label2\" content=\"Tempo di lettura stimato\" \/>\n\t<meta name=\"twitter:data2\" content=\"1 minuto\" \/>\n<script type=\"application\/ld+json\" class=\"yoast-schema-graph\">{\"@context\":\"https:\/\/schema.org\",\"@graph\":[{\"@type\":\"WebPage\",\"@id\":\"https:\/\/staging.varesenews.it\/2004\/12\/che-anche-altri-comuni-rinuncino-ai-festeggiamenti\/281541\/\",\"url\":\"https:\/\/staging.varesenews.it\/2004\/12\/che-anche-altri-comuni-rinuncino-ai-festeggiamenti\/281541\/\",\"name\":\"\u00abChe anche altri comuni rinuncino ai festeggiamenti\u00bb\",\"isPartOf\":{\"@id\":\"https:\/\/staging.varesenews.it\/#website\"},\"datePublished\":\"2004-12-29T00:00:00+00:00\",\"dateModified\":\"2004-12-29T00:00:00+00:00\",\"author\":{\"@id\":\"https:\/\/staging.varesenews.it\/#\/schema\/person\/fb20c4da0b7b16c291707a20db73e169\"},\"description\":\"L\u2019appello del sindaco della citt\u00e0 dopo la decisione di devolvere agli aiuti umanitari in Asia quanto sarebbe stato speso per l\u2019ultimo dell\u2019anno\",\"breadcrumb\":{\"@id\":\"https:\/\/staging.varesenews.it\/2004\/12\/che-anche-altri-comuni-rinuncino-ai-festeggiamenti\/281541\/#breadcrumb\"},\"inLanguage\":\"it-IT\",\"potentialAction\":[{\"@type\":\"ReadAction\",\"target\":[\"https:\/\/staging.varesenews.it\/2004\/12\/che-anche-altri-comuni-rinuncino-ai-festeggiamenti\/281541\/\"]}]},{\"@type\":\"BreadcrumbList\",\"@id\":\"https:\/\/staging.varesenews.it\/2004\/12\/che-anche-altri-comuni-rinuncino-ai-festeggiamenti\/281541\/#breadcrumb\",\"itemListElement\":[{\"@type\":\"ListItem\",\"position\":1,\"name\":\"Home\",\"item\":\"https:\/\/www.varesenews.it\/\"},{\"@type\":\"ListItem\",\"position\":2,\"name\":\"\u00abChe anche altri comuni rinuncino ai festeggiamenti\u00bb\"}]},{\"@type\":\"WebSite\",\"@id\":\"https:\/\/staging.varesenews.it\/#website\",\"url\":\"https:\/\/staging.varesenews.it\/\",\"name\":\"VareseNews\",\"description\":\"\",\"potentialAction\":[{\"@type\":\"SearchAction\",\"target\":{\"@type\":\"EntryPoint\",\"urlTemplate\":\"https:\/\/staging.varesenews.it\/?s={search_term_string}\"},\"query-input\":\"required name=search_term_string\"}],\"inLanguage\":\"it-IT\"},{\"@type\":\"Person\",\"@id\":\"https:\/\/staging.varesenews.it\/#\/schema\/person\/fb20c4da0b7b16c291707a20db73e169\",\"name\":\"Redazione VareseNews\",\"image\":{\"@type\":\"ImageObject\",\"inLanguage\":\"it-IT\",\"@id\":\"https:\/\/staging.varesenews.it\/#\/schema\/person\/image\/\",\"url\":\"https:\/\/staging.varesenews.it\/wp-content\/uploads\/2020\/12\/logo_VN_colori_500.png\",\"contentUrl\":\"https:\/\/staging.varesenews.it\/wp-content\/uploads\/2020\/12\/logo_VN_colori_500.png\",\"caption\":\"Redazione VareseNews\"},\"url\":\"https:\/\/staging.varesenews.it\/persona\/redazione1\/\"}]}<\/script>\n<!-- \/ Yoast SEO plugin. -->","yoast_head_json":{"title":"\u00abChe anche altri comuni rinuncino ai festeggiamenti\u00bb","description":"L\u2019appello del sindaco della citt\u00e0 dopo la decisione di devolvere agli aiuti umanitari in Asia quanto sarebbe stato speso per l\u2019ultimo dell\u2019anno","robots":{"index":"noindex","follow":"follow","max-snippet":"max-snippet:-1","max-image-preview":"max-image-preview:large","max-video-preview":"max-video-preview:-1"},"og_locale":"it_IT","og_type":"article","og_title":"\u00abChe anche altri comuni rinuncino ai festeggiamenti\u00bb","og_description":"L\u2019appello del sindaco della citt\u00e0 dopo la decisione di devolvere agli aiuti umanitari in Asia quanto sarebbe stato speso per l\u2019ultimo dell\u2019anno","og_url":"https:\/\/staging.varesenews.it\/2004\/12\/che-anche-altri-comuni-rinuncino-ai-festeggiamenti\/281541\/","og_site_name":"VareseNews","article_publisher":"https:\/\/www.facebook.com\/varesenews","article_published_time":"2004-12-29T00:00:00+00:00","author":"Redazione VareseNews","twitter_card":"summary_large_image","twitter_creator":"@varesenews","twitter_site":"@varesenews","twitter_misc":{"Scritto da":"Redazione VareseNews","Tempo di lettura stimato":"1 minuto"},"schema":{"@context":"https:\/\/schema.org","@graph":[{"@type":"WebPage","@id":"https:\/\/staging.varesenews.it\/2004\/12\/che-anche-altri-comuni-rinuncino-ai-festeggiamenti\/281541\/","url":"https:\/\/staging.varesenews.it\/2004\/12\/che-anche-altri-comuni-rinuncino-ai-festeggiamenti\/281541\/","name":"\u00abChe anche altri comuni rinuncino ai festeggiamenti\u00bb","isPartOf":{"@id":"https:\/\/staging.varesenews.it\/#website"},"datePublished":"2004-12-29T00:00:00+00:00","dateModified":"2004-12-29T00:00:00+00:00","author":{"@id":"https:\/\/staging.varesenews.it\/#\/schema\/person\/fb20c4da0b7b16c291707a20db73e169"},"description":"L\u2019appello del sindaco della citt\u00e0 dopo la decisione di devolvere agli aiuti umanitari in Asia quanto sarebbe stato speso per l\u2019ultimo dell\u2019anno","breadcrumb":{"@id":"https:\/\/staging.varesenews.it\/2004\/12\/che-anche-altri-comuni-rinuncino-ai-festeggiamenti\/281541\/#breadcrumb"},"inLanguage":"it-IT","potentialAction":[{"@type":"ReadAction","target":["https:\/\/staging.varesenews.it\/2004\/12\/che-anche-altri-comuni-rinuncino-ai-festeggiamenti\/281541\/"]}]},{"@type":"BreadcrumbList","@id":"https:\/\/staging.varesenews.it\/2004\/12\/che-anche-altri-comuni-rinuncino-ai-festeggiamenti\/281541\/#breadcrumb","itemListElement":[{"@type":"ListItem","position":1,"name":"Home","item":"https:\/\/www.varesenews.it\/"},{"@type":"ListItem","position":2,"name":"\u00abChe anche altri comuni rinuncino ai festeggiamenti\u00bb"}]},{"@type":"WebSite","@id":"https:\/\/staging.varesenews.it\/#website","url":"https:\/\/staging.varesenews.it\/","name":"VareseNews","description":"","potentialAction":[{"@type":"SearchAction","target":{"@type":"EntryPoint","urlTemplate":"https:\/\/staging.varesenews.it\/?s={search_term_string}"},"query-input":"required name=search_term_string"}],"inLanguage":"it-IT"},{"@type":"Person","@id":"https:\/\/staging.varesenews.it\/#\/schema\/person\/fb20c4da0b7b16c291707a20db73e169","name":"Redazione VareseNews","image":{"@type":"ImageObject","inLanguage":"it-IT","@id":"https:\/\/staging.varesenews.it\/#\/schema\/person\/image\/","url":"https:\/\/staging.varesenews.it\/wp-content\/uploads\/2020\/12\/logo_VN_colori_500.png","contentUrl":"https:\/\/staging.varesenews.it\/wp-content\/uploads\/2020\/12\/logo_VN_colori_500.png","caption":"Redazione VareseNews"},"url":"https:\/\/staging.varesenews.it\/persona\/redazione1\/"}]}},"post_meta":{"id_old":"15541","argomento":"Saronno"},"photos":[],"_links":{"self":[{"href":"https:\/\/staging.varesenews.it\/swgapi\/v1\/wp\/v2\/posts\/281541"}],"collection":[{"href":"https:\/\/staging.varesenews.it\/swgapi\/v1\/wp\/v2\/posts"}],"about":[{"href":"https:\/\/staging.varesenews.it\/swgapi\/v1\/wp\/v2\/types\/post"}],"author":[{"embeddable":true,"href":"https:\/\/staging.varesenews.it\/swgapi\/v1\/wp\/v2\/users\/10"}],"replies":[{"embeddable":true,"href":"https:\/\/staging.varesenews.it\/swgapi\/v1\/wp\/v2\/comments?post=281541"}],"version-history":[{"count":0,"href":"https:\/\/staging.varesenews.it\/swgapi\/v1\/wp\/v2\/posts\/281541\/revisions"}],"wp:attachment":[{"href":"https:\/\/staging.varesenews.it\/swgapi\/v1\/wp\/v2\/media?parent=281541"}],"wp:term":[{"taxonomy":"category","embeddable":true,"href":"https:\/\/staging.varesenews.it\/swgapi\/v1\/wp\/v2\/categories?post=281541"},{"taxonomy":"post_tag","embeddable":true,"href":"https:\/\/staging.varesenews.it\/swgapi\/v1\/wp\/v2\/tags?post=281541"}],"curies":[{"name":"wp","href":"https:\/\/api.w.org\/{rel}","templated":true}]}}